{"id":175594,"date":"2025-12-29T08:55:11","date_gmt":"2025-12-29T08:55:11","guid":{"rendered":"https:\/\/www.europesays.com\/pl\/175594\/"},"modified":"2025-12-29T08:55:11","modified_gmt":"2025-12-29T08:55:11","slug":"emerytury-w-gore-w-2026-roku-zus-pokazal-wyliczenia","status":"publish","type":"post","link":"https:\/\/www.europesays.com\/pl\/175594\/","title":{"rendered":"Emerytury w g\u00f3r\u0119 w 2026 roku. ZUS pokaza\u0142 wyliczenia"},"content":{"rendered":"\n<p>W bud\u017cecie pa\u0144stwa na 2026 r. zapisano ok. 55 mld z\u0142 na waloryzacj\u0119 emerytur i\u00a0rent. Z\u00a0rz\u0105dowych prognoz wynika, \u017ce \u015bwiadczenia mog\u0105 wzrosn\u0105\u0107 o\u00a04,88 proc. Cho\u0107 ostateczny wska\u017anik poznamy dopiero pod koniec lutego, Zak\u0142ad Ubezpiecze\u0144 Spo\u0142ecznych przygotowa\u0142 ju\u017c pierwsze symulacje, kt\u00f3rymi podzieli\u0142 si\u0119 z\u00a0&#8222;Faktem&#8221;.<\/p>\n<p>Waloryzacja, jak co roku, ma zosta\u0107 przeprowadzona 1\u00a0marca. Jej wysoko\u015b\u0107 zale\u017cy od wzrostu cen i\u00a0wynagrodze\u0144 w\u00a02025 r., dlatego obecne wyliczenia maj\u0105 charakter prognoz i\u00a0mog\u0105 jeszcze ulec niewielkim zmianom &#8211;\u00a0informuje &#8222;Fakt&#8221;. <\/p>\n<p>Minimalna emerytura wy\u017csza o\u00a0ponad 80\u00a0z\u0142 <\/p>\n<p>Zgodnie z\u00a0za\u0142o\u017ceniami bud\u017cetowymi, minimalna emerytura mog\u0142aby wzrosn\u0105\u0107 z\u00a0obecnych 1878,91 z\u0142 brutto do 1\u00a0970,60 z\u0142 brutto. Jak wynika z\u00a0symulacji ZUS, oznacza\u0142oby to podwy\u017ck\u0119 na r\u0119k\u0119 w\u00a0wysoko\u015bci nieco ponad 83 z\u0142.<\/p>\n<p> <img role=\"presentation\" class=\"absolute left-1\/2 top-1\/2 max-h-[80%] max-w-[100px] -translate-x-1\/2 -translate-y-1\/2\" src=\"https:\/\/v.wpimg.pl\/ZXJfd3AudTkrBBIAbg54LGhcRlAxHQUrPgJGH2MAeGJoSQ1eIBI_K2UHAEVuBTY5KQMMXC0RPyoVERQdMgM9ejc\" loading=\"lazy\" decoding=\"async\"\/> <\/p>\n<p>Podwy\u017cki zostan\u0105 przeprowadzone automatycznie \u2013\u00a0seniorzy nie musz\u0105 sk\u0142ada\u0107 \u017cadnych wniosk\u00f3w. Wy\u017csze kwoty maj\u0105 trafi\u0107 na konta lub zosta\u0107 wyp\u0142acone przekazem ju\u017c w\u00a0marcu 2026 r.<\/p>\n<p>&#8222;Tak to\u00a0zawsze wygl\u0105da&#8221;. Ekspert przypomina \u017celazn\u0105 zasad\u0119 na\u00a0gie\u0142dzie <\/p>\n<p>Waloryzacja wp\u0142ynie r\u00f3wnie\u017c na wysoko\u015b\u0107 dodatkowych \u015bwiadcze\u0144. Zar\u00f3wno trzynasta, jak i\u00a0czternasta emerytura s\u0105 bowiem powi\u0105zane z\u00a0wysoko\u015bci\u0105 minimalnej emerytury. W\u00a02026 r. mog\u0105 one wynie\u015b\u0107 1960,70 z\u0142 brutto. Z\u00a0kolei osoby pobieraj\u0105ce obecnie 2\u00a0tys. z\u0142 brutto mog\u0142yby po waloryzacji otrzymywa\u0107 ok. 1908,82 z\u0142 netto, czyli o\u00a0blisko 89 z\u0142 wi\u0119cej ni\u017c dzi\u015b.<\/p>\n<p> <img role=\"presentation\" class=\"absolute left-1\/2 top-1\/2 max-h-[80%] max-w-[100px] -translate-x-1\/2 -translate-y-1\/2\" src=\"https:\/\/v.wpimg.pl\/ZXJfd3AudTkrBBIAbg54LGhcRlAxHQUrPgJGH2MAeGJoSQ1eIBI_K2UHAEVuBTY5KQMMXC0RPyoVERQdMgM9ejc\" loading=\"lazy\" decoding=\"async\"\/> <\/p>\n<p>Przy emeryturze w\u00a0wysoko\u015bci 2300 z\u0142 brutto miesi\u0119czny zysk wyni\u00f3s\u0142by ok. 102 z\u0142 na r\u0119k\u0119, a\u00a0wyp\u0142ata wzros\u0142aby do 2195,14 z\u0142 netto. Z\u00a0kolei seniorzy otrzymuj\u0105cy 3\u00a0tys. z\u0142 brutto mogliby liczy\u0107 na \u015bwiadczenie rz\u0119du 2785,22 z\u0142 netto, co oznacza wzrost o\u00a0ponad 115 z\u0142 miesi\u0119cznie &#8211;\u00a0wylicza &#8222;Fakt&#8221;. <\/p>\n<p> <a href=\"https:\/\/www.money.pl\/podatki\/malgorzata-samborska\/co-z-progiem-podatkowym-i-skladkami-zus-w-2026-roku-oto-najwazniejsze-zmiany-dla-podatnikow-7236036985383424a.html\" class=\"teaser-inline\" rel=\"nofollow noopener\" target=\"_blank\">  <img decoding=\"async\" src=\"https:\/\/www.europesays.com\/pl\/wp-content\/uploads\/2025\/12\/ZDRlOWE4dSUzDjlkak94MHBWbT4sFnZmJ051dWoFaHxiFGAxLFg_NjccIHkiRi80Mxs_eTVYdSUiBWAhdBs-LSEcIzY8Gz8pMAkr.jpeg\" width=\"0\" height=\"0\" loading=\"lazy\" class=\"wp-media-image cropped\" alt=\"Co z progiem podatkowym i sk\u0142adkami ZUS w 2026 roku? Oto najwa\u017cniejsze zmiany dla podatnik\u00f3w\"\/><\/p>\n<p>Co z progiem podatkowym i sk\u0142adkami ZUS w 2026 roku? Oto najwa\u017cniejsze zmiany dla podatnik\u00f3w<\/p>\n<p><\/a> <\/p>\n<p>Wy\u017csze \u015bwiadczenia oznaczaj\u0105 tak\u017ce wi\u0119ksze podwy\u017cki w\u00a0przypadku emerytur z\u00a0g\u00f3rnych przedzia\u0142\u00f3w. Przy 3500 z\u0142 brutto emerytura po waloryzacji wynios\u0142aby ok. 3199,43 z\u0142 netto, czyli o\u00a0134 z\u0142 wi\u0119cej ni\u017c obecnie. Osoby z\u00a0emerytur\u0105 4\u00a0tys. z\u0142 brutto mog\u0142yby zyska\u0107 ok. 155 z\u0142 na r\u0119k\u0119, a\u00a0przy 5\u00a0tys. z\u0142 brutto \u2013\u00a0niemal 193 z\u0142 miesi\u0119cznie.<\/p>\n<p> <img role=\"presentation\" class=\"absolute left-1\/2 top-1\/2 max-h-[80%] max-w-[100px] -translate-x-1\/2 -translate-y-1\/2\" src=\"https:\/\/v.wpimg.pl\/ZXJfd3AudTkrBBIAbg54LGhcRlAxHQUrPgJGH2MAeGJoSQ1eIBI_K2UHAEVuBTY5KQMMXC0RPyoVERQdMgM9ejc\" loading=\"lazy\" decoding=\"async\"\/> <\/p>\n<p>Waloryzacja wp\u0142ynie r\u00f3wnie\u017c na wysoko\u015b\u0107 trzynastek i\u00a0czternastek. Trzynasta emerytura w\u00a02026 r. \u2013\u00a0zgodnie z\u00a0symulacjami \u2013\u00a0wynios\u0142aby ok. 1556 z\u0142 netto dla wszystkich senior\u00f3w. Zgodnie z\u00a0obowi\u0105zuj\u0105cymi zasadami pe\u0142n\u0105 czternastk\u0119 otrzymaj\u0105 osoby, kt\u00f3rych \u015bwiadczenie nie przekroczy 2900 z\u0142 brutto. <\/p>\n<p>Powy\u017cej tej kwoty obowi\u0105zuje mechanizm &#8222;z\u0142ot\u00f3wka za z\u0142ot\u00f3wk\u0119&#8221;, a\u00a0minimalna wyp\u0142ata wynosi 50 z\u0142 brutto. Przy emeryturach powy\u017cej 4600 z\u0142 brutto czternastka nie przys\u0142uguje w\u00a0og\u00f3le.<\/p>\n<p> <a href=\"https:\/\/www.money.pl\/gospodarka\/polacy-ewakuuja-sie-z-tonacego-okretu-polska-podgryza-wielka-brytanie-opinia-7234210631228384a.html\" class=\"teaser-inline\" rel=\"nofollow noopener\" target=\"_blank\">  <img decoding=\"async\" src=\"https:\/\/www.europesays.com\/pl\/wp-content\/uploads\/2025\/12\/N2Q4YzgxYVMwVi9JSANsRnMOexMOWmIQJBZjWEhJfAphTHYcDhQrQDRENlQACjtCMEMpVBcUYVMhXXYMVlcqWyJENRseVytfM1E9.jpeg\" width=\"0\" height=\"0\" loading=\"lazy\" class=\"wp-media-image cropped\" alt=\"Polacy &quot;ewakuuj\u0105 si\u0119&quot; z ton\u0105cego okr\u0119tu? Polska podgryza Wielk\u0105 Brytani\u0119 [OPINIA]\"\/><\/p>\n<p>Polacy &#8222;ewakuuj\u0105 si\u0119&#8221; z ton\u0105cego okr\u0119tu? Polska podgryza Wielk\u0105 Brytani\u0119 [OPINIA]<\/p>\n<p><\/a> <img role=\"presentation\" class=\"absolute left-1\/2 top-1\/2 max-h-[80%] max-w-[100px] -translate-x-1\/2 -translate-y-1\/2\" src=\"https:\/\/v.wpimg.pl\/ZXJfd3AudTkrBBIAbg54LGhcRlAxHQUrPgJGH2MAeGJoSQ1eIBI_K2UHAEVuBTY5KQMMXC0RPyoVERQdMgM9ejc\" loading=\"lazy\" decoding=\"async\"\/> <\/p>\n<p>Przyk\u0142adowo przy emeryturze 3\u00a0tys. z\u0142 brutto czternastka spad\u0142aby do ok. 1\u00a0362 z\u0142 netto, przy 3500 z\u0142 brutto \u2013\u00a0do ok. 958 z\u0142, a\u00a0przy 4\u00a0tys. z\u0142 brutto \u2013\u00a0do ok. 534 z\u0142. Emeryci z\u00a0dochodem 4\u00a0600 z\u0142 brutto i\u00a0wy\u017cszym nie otrzymaliby czternastej emerytury wcale.<\/p>\n","protected":false},"excerpt":{"rendered":"W bud\u017cecie pa\u0144stwa na 2026 r. zapisano ok. 55 mld z\u0142 na waloryzacj\u0119 emerytur i\u00a0rent. Z\u00a0rz\u0105dowych prognoz wynika,&hellip;\n","protected":false},"author":2,"featured_media":175595,"comment_status":"","ping_status":"","sticky":false,"template":"","format":"standard","meta":{"footnotes":""},"categories":[5],"tags":[32,33,36,37,27,34,35,28,31,25,42,38,40,39,41,29,30,26],"class_list":{"0":"post-175594","1":"post","2":"type-post","3":"status-publish","4":"format-standard","5":"has-post-thumbnail","7":"category-naglowki","8":"tag-breaking-news","9":"tag-breakingnews","10":"tag-featured-news","11":"tag-featurednews","12":"tag-headlines","13":"tag-latest-news","14":"tag-latestnews","15":"tag-naglowki","16":"tag-najwazniejsze-artykuly","17":"tag-news","18":"tag-pl","19":"tag-poland","20":"tag-polish","21":"tag-polska","22":"tag-polski","23":"tag-top-stories","24":"tag-topstories","25":"tag-wiadomosci"},"share_on_mastodon":{"url":"https:\/\/pubeurope.com\/@pl\/115802022042751867","error":""},"_links":{"self":[{"href":"https:\/\/www.europesays.com\/pl\/wp-json\/wp\/v2\/posts\/175594","targetHints":{"allow":["GET"]}}],"collection":[{"href":"https:\/\/www.europesays.com\/pl\/wp-json\/wp\/v2\/posts"}],"about":[{"href":"https:\/\/www.europesays.com\/pl\/wp-json\/wp\/v2\/types\/post"}],"author":[{"embeddable":true,"href":"https:\/\/www.europesays.com\/pl\/wp-json\/wp\/v2\/users\/2"}],"replies":[{"embeddable":true,"href":"https:\/\/www.europesays.com\/pl\/wp-json\/wp\/v2\/comments?post=175594"}],"version-history":[{"count":0,"href":"https:\/\/www.europesays.com\/pl\/wp-json\/wp\/v2\/posts\/175594\/revisions"}],"wp:featuredmedia":[{"embeddable":true,"href":"https:\/\/www.europesays.com\/pl\/wp-json\/wp\/v2\/media\/175595"}],"wp:attachment":[{"href":"https:\/\/www.europesays.com\/pl\/wp-json\/wp\/v2\/media?parent=175594"}],"wp:term":[{"taxonomy":"category","embeddable":true,"href":"https:\/\/www.europesays.com\/pl\/wp-json\/wp\/v2\/categories?post=175594"},{"taxonomy":"post_tag","embeddable":true,"href":"https:\/\/www.europesays.com\/pl\/wp-json\/wp\/v2\/tags?post=175594"}],"curies":[{"name":"wp","href":"https:\/\/api.w.org\/{rel}","templated":true}]}}