{"id":175616,"date":"2025-12-29T09:07:11","date_gmt":"2025-12-29T09:07:11","guid":{"rendered":"https:\/\/www.europesays.com\/pl\/175616\/"},"modified":"2025-12-29T09:07:11","modified_gmt":"2025-12-29T09:07:11","slug":"zaluzny-planuje-powrot-do-kijowa-ambasador-ukrainy-w-londynie-rozwaza-rezygnacje","status":"publish","type":"post","link":"https:\/\/www.europesays.com\/pl\/175616\/","title":{"rendered":"Za\u0142u\u017cny planuje powr\u00f3t do Kijowa? Ambasador Ukrainy w Londynie rozwa\u017ca rezygnacj\u0119"},"content":{"rendered":"<p>Genera\u0142 Wa\u0142erij Za\u0142u\u017cny, by\u0142y naczelny dow\u00f3dca ukrai\u0144skiej armii i obecny ambasador w Wielkiej Brytanii, rozwa\u017ca rezygnacj\u0119 z plac\u00f3wki w Londynie &#8211; wynika z nieoficjalnych informacji ukrai\u0144skich medi\u00f3w. Wed\u0142ug \u017ar\u00f3de\u0142 zbli\u017conych do w\u0142adz w Kijowie, Za\u0142u\u017cny mo\u017ce og\u0142osi\u0107 swoj\u0105 decyzj\u0119 ju\u017c na pocz\u0105tku stycznia, a w\u015br\u00f3d mo\u017cliwych scenariuszy pojawia si\u0119 jego powr\u00f3t do kraju. Sam zainteresowany nie skomentowa\u0142 dot\u0105d tych doniesie\u0144.<\/p>\n<p>                         &#13;<br \/>\n        &#13;<\/p>\n<p>                                        &#13;<br \/>\n                        &#13;<br \/>\n                            <img decoding=\"async\" src=\"https:\/\/www.europesays.com\/pl\/wp-content\/uploads\/2025\/12\/000M4MCARESSKGKH-C123-F4.jpg\" title=\"G\u0142\u00f3wny rywal Ze\u0142enskiego wr\u00f3ci do kraju? Sensacyjne doniesienia z Kijowa\" alt=\"Genera\u0142 Wa\u0142erij Za\u0142u\u017cny mo\u017ce wr\u00f3ci\u0107 do kraju \/JOE GIDDENS \/PAP\/PA\" class=\"img-responsive\"\/>&#13;<\/p>\n<p>                            &#13;<\/p>\n<p>      &#13;<br \/>\n                            Genera\u0142 Wa\u0142erij Za\u0142u\u017cny mo\u017ce wr\u00f3ci\u0107 do kraju&#13;<br \/>\n                                    \/JOE GIDDENS \/PAP\/PA  &#13;\n                                    <\/p>\n<p>&#13;<\/p>\n<ul class=\"bullet\">\n<li>Ambasador Ukrainy w Wielkiej Brytanii gen. Wa\u0142erij Za\u0142u\u017cny planuje ust\u0105pi\u0107 ze stanowiska w Londynie na pocz\u0105tku stycznia &#8211; informuj\u0105 ukrai\u0144skie media.<\/li>\n<li>By\u0142y naczelny dow\u00f3dca ukrai\u0144skiej armii rozwa\u017ca powr\u00f3t do Kijowa, jednak nie podj\u0105\u0142 jeszcze ostatecznej decyzji; sam nie skomentowa\u0142 tych doniesie\u0144.<\/li>\n<li>Genera\u0142 cieszy si\u0119 du\u017c\u0105 popularno\u015bci\u0105 w Ukrainie i wed\u0142ug sonda\u017cy m\u00f3g\u0142by wygra\u0107 wybory prezydenckie.<\/li>\n<li>Wi\u0119cej wa\u017cnych informacji z Polski i ze \u015bwiata znajdziesz na\u00a0<a href=\"https:\/\/www.rmf24.pl\/\" target=\"_blank\" rel=\"noreferrer noopener nofollow\">stronie g\u0142\u00f3wnej RMF24.pl<\/a>.<\/li>\n<\/ul>\n<p>Wed\u0142ug rozm\u00f3wc\u00f3w\u00a0ukrai\u0144skiego Radia NV, gen. Wa\u0142erij Za\u0142u\u017cny poinformowa\u0142 Wo\u0142odymyra Ze\u0142enskiego o swoich planach kilka tygodni temu, podczas wizyty w Kijowie.<\/p>\n<p>On i prezydent omawiali r\u00f3\u017cne stanowiska dla Za\u0142u\u017cnego, od premiera po szefa kancelarii prezydenta, jednak w tamtym momencie nie wykaza\u0142 on tym \u017cadnego zainteresowania\u00a0&#8211; przekaza\u0142y \u017ar\u00f3d\u0142a\u00a0zbli\u017cone do kancelarii prezydenta Ukrainy.<\/p>\n<p>Wed\u0142ug innych rozm\u00f3wc\u00f3w Za\u0142u\u017cny przez pewien czas rozwa\u017ca\u0142 stanowisko ambasadora Ukrainy w USA lub powr\u00f3t do funkcji naczelnego dow\u00f3dcy Si\u0142 Zbrojnych Ukrainy, jednak na razie nie zapad\u0142y w tej sprawie \u017cadne decyzje.<\/p>\n<p>Radio NV napisa\u0142o, \u017ce o zmianie ambasadora w USA na razie nie ma mowy. Za\u0142u\u017cny prawdopodobnie chce wr\u00f3ci\u0107 do Kijowa; mo\u017ce og\u0142osi\u0107 to ju\u017c 4-5 stycznia (&#8230;), je\u015bli nic nie wp\u0142ynie na jego decyzj\u0119\u00a0&#8211; powiedzia\u0142o jedno ze \u017ar\u00f3de\u0142. Sam ambasador w Londynie na razie nie skomentowa\u0142 tych doniesie\u0144.<\/p>\n<p>Genera\u0142 Wa\u0142erij Za\u0142u\u017cny zosta\u0142 zwolniony ze stanowiska naczelnego dow\u00f3dcy Si\u0142 Zbrojnych Ukrainy 8 lutego 2024 roku. Nieco ponad trzy miesi\u0105ce p\u00f3\u017aniej zosta\u0142 mianowany ambasadorem Ukrainy w Wielkiej Brytanii.<\/p>\n<p>By\u0142y szef ukrai\u0144skiej armii cieszy si\u0119 w kraju du\u017c\u0105 popularno\u015bci\u0105 i &#8211; zdaniem ekspert\u00f3w &#8211; mo\u017ce z powodzeniem wystartowa\u0107 w wyborach prezydenckich po zako\u0144czeniu wojny.<\/p>\n<p>Wed\u0142ug sonda\u017cu firmy SOCIS, opublikowanego 24 grudnia przez portal Ukrai\u0144ska Prawda, gdyby w najbli\u017cszym czasie w Ukrainie odby\u0142y si\u0119 wybory prezydenckie i wzi\u0119liby w nich udzia\u0142 Za\u0142u\u017cny oraz Ze\u0142enski, obaj weszliby do drugiej tury &#8211; w pierwszej turze uzyskaliby odpowiednio 22 i 21 proc. poparcia.<\/p>\n<p>W drugiej turze wyra\u017an\u0105 przewag\u0119 utrzyma\u0142by Za\u0142u\u017cny z wynikiem 64 proc. wobec 36 proc. dla Ze\u0142enskiego. Gdyby Za\u0142u\u017cny nie wzi\u0105\u0142 udzia\u0142u w wyborach prezydenckich, to do drugiej tury najprawdopodobniej weszliby Ze\u0142enski i szef wywiadu wojskowego Kyry\u0142o Budanow. W takim przypadku zwyci\u0119\u017cy\u0142by Budanow z wynikiem 56 proc. wobec 44 proc. dla Ze\u0142enskiego.<\/p>\n","protected":false},"excerpt":{"rendered":"Genera\u0142 Wa\u0142erij Za\u0142u\u017cny, by\u0142y naczelny dow\u00f3dca ukrai\u0144skiej armii i obecny ambasador w Wielkiej Brytanii, rozwa\u017ca rezygnacj\u0119 z plac\u00f3wki&hellip;\n","protected":false},"author":2,"featured_media":175617,"comment_status":"","ping_status":"","sticky":false,"template":"","format":"standard","meta":{"footnotes":""},"categories":[14],"tags":[32,33,27,34,35,28,31,25,40,41,80,29,30,26,82,83,84],"class_list":{"0":"post-175616","1":"post","2":"type-post","3":"status-publish","4":"format-standard","5":"has-post-thumbnail","7":"category-swiat","8":"tag-breaking-news","9":"tag-breakingnews","10":"tag-headlines","11":"tag-latest-news","12":"tag-latestnews","13":"tag-naglowki","14":"tag-najwazniejsze-artykuly","15":"tag-news","16":"tag-polish","17":"tag-polski","18":"tag-swiat","19":"tag-top-stories","20":"tag-topstories","21":"tag-wiadomosci","22":"tag-world","23":"tag-world-news","24":"tag-worldnews"},"share_on_mastodon":{"url":"https:\/\/pubeurope.com\/@pl\/115802069033112797","error":""},"_links":{"self":[{"href":"https:\/\/www.europesays.com\/pl\/wp-json\/wp\/v2\/posts\/175616","targetHints":{"allow":["GET"]}}],"collection":[{"href":"https:\/\/www.europesays.com\/pl\/wp-json\/wp\/v2\/posts"}],"about":[{"href":"https:\/\/www.europesays.com\/pl\/wp-json\/wp\/v2\/types\/post"}],"author":[{"embeddable":true,"href":"https:\/\/www.europesays.com\/pl\/wp-json\/wp\/v2\/users\/2"}],"replies":[{"embeddable":true,"href":"https:\/\/www.europesays.com\/pl\/wp-json\/wp\/v2\/comments?post=175616"}],"version-history":[{"count":0,"href":"https:\/\/www.europesays.com\/pl\/wp-json\/wp\/v2\/posts\/175616\/revisions"}],"wp:featuredmedia":[{"embeddable":true,"href":"https:\/\/www.europesays.com\/pl\/wp-json\/wp\/v2\/media\/175617"}],"wp:attachment":[{"href":"https:\/\/www.europesays.com\/pl\/wp-json\/wp\/v2\/media?parent=175616"}],"wp:term":[{"taxonomy":"category","embeddable":true,"href":"https:\/\/www.europesays.com\/pl\/wp-json\/wp\/v2\/categories?post=175616"},{"taxonomy":"post_tag","embeddable":true,"href":"https:\/\/www.europesays.com\/pl\/wp-json\/wp\/v2\/tags?post=175616"}],"curies":[{"name":"wp","href":"https:\/\/api.w.org\/{rel}","templated":true}]}}