{"id":175618,"date":"2025-12-29T09:08:09","date_gmt":"2025-12-29T09:08:09","guid":{"rendered":"https:\/\/www.europesays.com\/pl\/175618\/"},"modified":"2025-12-29T09:08:09","modified_gmt":"2025-12-29T09:08:09","slug":"protest-rolnikow-30-grudnia-2025-r-gdzie-utrudnienia-pod-wroclawiem-i-na-dolnym-slasku-lista-ulic-mapa-utrudnien-wroclaw-pl","status":"publish","type":"post","link":"https:\/\/www.europesays.com\/pl\/175618\/","title":{"rendered":"Protest rolnik\u00f3w 30 grudnia 2025 r. Gdzie utrudnienia pod Wroc\u0142awiem i na Dolnym \u015al\u0105sku? Lista ulic, mapa utrudnie\u0144 &#8211; wroclaw.pl"},"content":{"rendered":"<ol>\n<li><a href=\"https:\/\/news.google.com\/rss\/articles\/CBMi4gFBVV95cUxNYXktUjhBakxDdkM2ZUo4NlcweU1rc0c1clhOZDJGQ0std1VJRXZzajR2c2xWaWxScHFTREJXSWNzTWNid1dyZW9IS2FvVVZrTWU4b0ptRlNVdHB1b21xbl9URWRTdDRaMDB3MldTUlJoeVhhQlRZdzE5U3RZZHFKaDduMzRLbjNGa3M5WjdqYmx0dEh2RFE3c2RVUTVoX09BeHBNSmZvSVcyek5CSXdZWEk4WG1NNDY1SlctNGJxbE9tc0dad0pWT3d2QVJaMGZ4UXcwUGItS1Y1RHRCWXBzSkxR?oc=5\" target=\"_blank\" rel=\"nofollow noopener\">Protest rolnik\u00f3w 30 grudnia 2025 r. Gdzie utrudnienia pod Wroc\u0142awiem i na Dolnym \u015al\u0105sku? Lista ulic, mapa utrudnie\u0144<\/a>&nbsp;&nbsp;wroclaw.pl<\/li>\n<li><a href=\"https:\/\/news.google.com\/rss\/articles\/CBMiswJBVV95cUxOLXpVSlA0bHB6ZnZoS3ZpVkVYeUJiSlZueGFMUTJPVmVRRkZYancwS1lFQ3dSWFZHTE9mdlhWU09Oc3dTXzhKLUVIalJXcTNBZHZqWjZyT0F3RmQycTdtU293MXI1RXJxUXhqTzZXWGNwQzNuZVYwR1hpcElMQUMzTFRRalp0a3c2LUF6bGhqTVgyVk1xb003ZU5zQ3dpWXpaektpR3pFUmVsMkVUUnlkRjB2MXhVQjlsd010RlJaM3NHTVg0endsOU9xVktoQXJzeTVYR1Vzai1FUlRZNFlFYUt6dy1od0xQLXdnbno1RE44RmJWY0lydHBlOEcydXBZWU1uX2R0NnVvVFlTcFZralU3MHNOZ0xJQ3M3OEFKT0JQVzhzM3ktcTJQWl82QWdDVV9r?oc=5\" target=\"_blank\" rel=\"nofollow noopener\">Og\u00f3lnopolski Protest Rolnik\u00f3w 30 grudnia. Sprawd\u017a blokady dr\u00f3g w \u0141\u00f3dzkiem<\/a>&nbsp;&nbsp;TVP \u0141\u00f3d\u017a<\/li>\n<li><a href=\"https:\/\/news.google.com\/rss\/articles\/CBMiqAFBVV95cUxOZFNvNVVVdHB5RWtHSnd0SkN4WVpPclNibUZKWHhtem93YlktRHZOZWpELXBkRzF3ejFEb2V4WENRNk1GRkpBekxVMHpIbVRCbFJDbGt6RmJuQ0daUkFSUmF4RnlSNVZsMG5DYXRWV1M5UU11ZF9Gb3ZHbG9mY0xlV0ZZbFNRRnBveVFYS0kyQlU0Uk5EdVlXLXgwOVByNHdsVUxHc1Q2X28?oc=5\" target=\"_blank\" rel=\"nofollow noopener\">Umowa UE\u2013Mercosur: handel czy nowy kolonializm?<\/a>&nbsp;&nbsp;Krytyka Polityczna<\/li>\n<li><a href=\"https:\/\/news.google.com\/rss\/articles\/CBMiygFBVV95cUxNbkw3bTRPSFYzajl1UW51b2I3UHBxTkJoNHhxV2pDbzR3ZVhVcHE2X1EtaTd4d3ZGMGlYenJtTkdGX2QyLWQxUzdUYWg3ejRWcnpmOHhBV0JRM1hLYVVycjNxRW0yWDdZRFFCdU5tSEJmSVRRamcya2UyNEJWWVRhYTFPWkNwc01hVWNLV1dlM2oxLTJVM0RiWE5yeTlJQWFhWTBKUFdKOURrUUY0SURPd29MeENJblBQZDdkQ0toVzB1THNRc1VnY1BR?oc=5\" target=\"_blank\" rel=\"nofollow noopener\">Sikorski ostro o s\u0142owach Karola Nawrockiego. &#8222;Prezydent znowu straszy Polak\u00f3w&#8221;<\/a>&nbsp;&nbsp;Dziennik.pl<\/li>\n<li><a href=\"https:\/\/news.google.com\/rss\/articles\/CBMihAFBVV95cUxPaTBrSWVJb1pvWnFNWUlsRUNlaW1nX2lUeWZaYkptSlRwTlk5Y0hnbnBJZnFGUVdGeHgza05VY3hWcDEyRDBPZ21HdGlvZlZQQVgwWHVhZ3JRXzY3REI4dDNfUzJLMnlrVDJoU1lPXzlpSWtNQXd2bHp6YWVpLVZYNF9CZHg?oc=5\" target=\"_blank\" rel=\"nofollow noopener\">Protest Rolnik\u00f3w. B\u0119d\u0105 utrudnienia w wojew\u00f3dztwie<\/a>&nbsp;&nbsp;TVP Opole<\/li>\n<\/ol>\n","protected":false},"excerpt":{"rendered":"Protest rolnik\u00f3w 30 grudnia 2025 r. Gdzie utrudnienia pod Wroc\u0142awiem i na Dolnym \u015al\u0105sku? Lista ulic, mapa utrudnie\u0144&nbsp;&nbsp;wroclaw.pl&hellip;\n","protected":false},"author":2,"featured_media":78377,"comment_status":"","ping_status":"","sticky":false,"template":"","format":"standard","meta":{"footnotes":""},"categories":[12],"tags":[32,33,36,37,27,34,35,28,31,25,42,38,40,39,41,29,30,26],"class_list":{"0":"post-175618","1":"post","2":"type-post","3":"status-publish","4":"format-standard","5":"has-post-thumbnail","7":"category-polska","8":"tag-breaking-news","9":"tag-breakingnews","10":"tag-featured-news","11":"tag-featurednews","12":"tag-headlines","13":"tag-latest-news","14":"tag-latestnews","15":"tag-naglowki","16":"tag-najwazniejsze-artykuly","17":"tag-news","18":"tag-pl","19":"tag-poland","20":"tag-polish","21":"tag-polska","22":"tag-polski","23":"tag-top-stories","24":"tag-topstories","25":"tag-wiadomosci"},"share_on_mastodon":{"url":"https:\/\/pubeurope.com\/@pl\/115802072926536701","error":""},"_links":{"self":[{"href":"https:\/\/www.europesays.com\/pl\/wp-json\/wp\/v2\/posts\/175618","targetHints":{"allow":["GET"]}}],"collection":[{"href":"https:\/\/www.europesays.com\/pl\/wp-json\/wp\/v2\/posts"}],"about":[{"href":"https:\/\/www.europesays.com\/pl\/wp-json\/wp\/v2\/types\/post"}],"author":[{"embeddable":true,"href":"https:\/\/www.europesays.com\/pl\/wp-json\/wp\/v2\/users\/2"}],"replies":[{"embeddable":true,"href":"https:\/\/www.europesays.com\/pl\/wp-json\/wp\/v2\/comments?post=175618"}],"version-history":[{"count":0,"href":"https:\/\/www.europesays.com\/pl\/wp-json\/wp\/v2\/posts\/175618\/revisions"}],"wp:featuredmedia":[{"embeddable":true,"href":"https:\/\/www.europesays.com\/pl\/wp-json\/wp\/v2\/media\/78377"}],"wp:attachment":[{"href":"https:\/\/www.europesays.com\/pl\/wp-json\/wp\/v2\/media?parent=175618"}],"wp:term":[{"taxonomy":"category","embeddable":true,"href":"https:\/\/www.europesays.com\/pl\/wp-json\/wp\/v2\/categories?post=175618"},{"taxonomy":"post_tag","embeddable":true,"href":"https:\/\/www.europesays.com\/pl\/wp-json\/wp\/v2\/tags?post=175618"}],"curies":[{"name":"wp","href":"https:\/\/api.w.org\/{rel}","templated":true}]}}