{"id":175714,"date":"2025-12-29T10:04:08","date_gmt":"2025-12-29T10:04:08","guid":{"rendered":"https:\/\/www.europesays.com\/pl\/175714\/"},"modified":"2025-12-29T10:04:08","modified_gmt":"2025-12-29T10:04:08","slug":"tragiczny-bilans-na-polskich-drogach-policja-opublikowala-dane-po-swiatecznej-przerwie-wydarzenia-w-interia-pl","status":"publish","type":"post","link":"https:\/\/www.europesays.com\/pl\/175714\/","title":{"rendered":"Tragiczny bilans na polskich drogach. Policja opublikowa\u0142a dane po \u015bwi\u0105tecznej przerwie &#8211; Wydarzenia w INTERIA.PL"},"content":{"rendered":"<ol>\n<li><a href=\"https:\/\/news.google.com\/rss\/articles\/CBMiswFBVV95cUxQbjhmSXY2ZEZ6SjRONW9kaTVuRzNwSWEtUTljQ1lGVUplcDVobWNkWnJfd2JIWVV3YUdiUEZMYmluekRtSVZMMm1pV054Qmk0ZTRqSEJnRk9TLXNMWXM1Q09nSGZiYWYwVTlNa2NQcFVWbDdTY3JXa0gwM0k2VW5vMjFLMHJXZGxRaE15c2hVZ1VQNVY0a1dZTFNJVkNNUkVZcF9jLVlBdUN6QjRiWXM0S0MtMA?oc=5\" target=\"_blank\" rel=\"nofollow noopener\">Tragiczny bilans na polskich drogach. Policja opublikowa\u0142a dane po \u015bwi\u0105tecznej przerwie<\/a>&nbsp;&nbsp;Wydarzenia w INTERIA.PL<\/li>\n<li><a href=\"https:\/\/news.google.com\/rss\/articles\/CBMitgFBVV95cUxPWEF0LVpLY2RpLTdPUWxMZlAzd0R1c2JYVC1xZ2dOSVpMeUQtZDVvQ1JOczBXZTIzcy1lOWhmdnFEZzVfbHdJdzQyX2g0Nm5iQXRFMzh6ZTdqV1RvRmlvSVJHU3JpWl9TZ09sUDhBTEhCcVNlOEdsNW1xRDY5cjZDeDJ1Tm1OWUNsck5DNEVqcjdIWEtNOGEtYmNDaUFvNFZ3ajIyTEdUd0U1Mjh5ZmhZa3FOd3pSQQ?oc=5\" target=\"_blank\" rel=\"nofollow noopener\">Wi\u0119cej wypadk\u00f3w i ofiar ni\u017c przed rokiem. Policja podsumowa\u0142a \u015bwi\u0119ta na drogach<\/a>&nbsp;&nbsp;Onet Wiadomo\u015bci<\/li>\n<li><a href=\"https:\/\/news.google.com\/rss\/articles\/CBMipwFBVV95cUxNNzczWjFOdDdLUjlueW9Ob0tYOVlFc0N5X3hBdXVkaTI4OVp5N1BWcUZ6cllaM3BUQ3NLSkE4S1JBS2VJV1ZBMl9qOEFuZnZRQVNESkpNamZSX0liYWRpSGR4MGxBWFF2MGx6bjJFNGpncXROajNmcnlfSlQ1Y1VLUlJvZkhCR3VFN2lFS21IUXg3WTJtT2JnTjhqUnc0cW1qYXJ6UTgyOA?oc=5\" target=\"_blank\" rel=\"nofollow noopener\">\u015awi\u0119ta Bo\u017cego Narodzenia na podkarpackich drogach &#8211; policyjne podsumowanie<\/a>&nbsp;&nbsp;TVP Rzesz\u00f3w<\/li>\n<li><a href=\"https:\/\/news.google.com\/rss\/articles\/CBMisAFBVV95cUxOQVM0Z2VRbUZnYlRQNEJWUTQxeFFkRktROGp3SEViaFI4blktekR1bE5ZTDd0TktpaG1ZU2JxYW5HcW0wbEd3QU0wN29HRjJLQTh3aFREbVltYVc3NEZDb1hiX3BETVdOd0ZSMld6LW9pX3RyZG5SUXJDcDJHeEZzRVduczQ0dFQzQXVwUGhoSDUtZl8wS0NQc0dGbGdOeG5ZejBudlQxU2pweFF0VVo3Tw?oc=5\" target=\"_blank\" rel=\"nofollow noopener\">155 wypadk\u00f3w drogowych w d\u0142ugi weekend. Ponad 750 zatrzymanych kierowc\u00f3w<\/a>&nbsp;&nbsp;Radio Krak\u00f3w<\/li>\n<li><a href=\"https:\/\/news.google.com\/rss\/articles\/CBMirAFBVV95cUxPX0J4d0FUa29PbEZLa1ZGc0VxTm9NR29jSEVzanZtQ1J6aVB1TDZxLUhJR2pJOVJhNUU2c0RQWi1ZaWd4Q1ByVS1KWkp3UWh2c0daUHk4T1BOOE9SemJ6SnlHWk83WkkyWkRaZWxOUmNnSldmRVM4b1JaMXlJZnN1dTFJRTdwSmxTb2FpOWs5SFdlZFJncG1pcHBINjM5YmhtSl9obWhrdGFSUnQx?oc=5\" target=\"_blank\" rel=\"nofollow noopener\">Takie by\u0142y \u015bwi\u0119ta na drogach woj. lubelskiego. Jedna osoba zgin\u0119\u0142a<\/a>&nbsp;&nbsp;Kurier Lubelski<\/li>\n<\/ol>\n","protected":false},"excerpt":{"rendered":"Tragiczny bilans na polskich drogach. Policja opublikowa\u0142a dane po \u015bwi\u0105tecznej przerwie&nbsp;&nbsp;Wydarzenia w INTERIA.PL Wi\u0119cej wypadk\u00f3w i ofiar ni\u017c&hellip;\n","protected":false},"author":2,"featured_media":175715,"comment_status":"","ping_status":"","sticky":false,"template":"","format":"standard","meta":{"footnotes":""},"categories":[12],"tags":[32,33,36,37,27,34,35,28,31,25,42,38,40,39,41,29,30,26],"class_list":{"0":"post-175714","1":"post","2":"type-post","3":"status-publish","4":"format-standard","5":"has-post-thumbnail","7":"category-polska","8":"tag-breaking-news","9":"tag-breakingnews","10":"tag-featured-news","11":"tag-featurednews","12":"tag-headlines","13":"tag-latest-news","14":"tag-latestnews","15":"tag-naglowki","16":"tag-najwazniejsze-artykuly","17":"tag-news","18":"tag-pl","19":"tag-poland","20":"tag-polish","21":"tag-polska","22":"tag-polski","23":"tag-top-stories","24":"tag-topstories","25":"tag-wiadomosci"},"share_on_mastodon":{"url":"https:\/\/pubeurope.com\/@pl\/115802293287495872","error":""},"_links":{"self":[{"href":"https:\/\/www.europesays.com\/pl\/wp-json\/wp\/v2\/posts\/175714","targetHints":{"allow":["GET"]}}],"collection":[{"href":"https:\/\/www.europesays.com\/pl\/wp-json\/wp\/v2\/posts"}],"about":[{"href":"https:\/\/www.europesays.com\/pl\/wp-json\/wp\/v2\/types\/post"}],"author":[{"embeddable":true,"href":"https:\/\/www.europesays.com\/pl\/wp-json\/wp\/v2\/users\/2"}],"replies":[{"embeddable":true,"href":"https:\/\/www.europesays.com\/pl\/wp-json\/wp\/v2\/comments?post=175714"}],"version-history":[{"count":0,"href":"https:\/\/www.europesays.com\/pl\/wp-json\/wp\/v2\/posts\/175714\/revisions"}],"wp:featuredmedia":[{"embeddable":true,"href":"https:\/\/www.europesays.com\/pl\/wp-json\/wp\/v2\/media\/175715"}],"wp:attachment":[{"href":"https:\/\/www.europesays.com\/pl\/wp-json\/wp\/v2\/media?parent=175714"}],"wp:term":[{"taxonomy":"category","embeddable":true,"href":"https:\/\/www.europesays.com\/pl\/wp-json\/wp\/v2\/categories?post=175714"},{"taxonomy":"post_tag","embeddable":true,"href":"https:\/\/www.europesays.com\/pl\/wp-json\/wp\/v2\/tags?post=175714"}],"curies":[{"name":"wp","href":"https:\/\/api.w.org\/{rel}","templated":true}]}}