{"id":175728,"date":"2025-12-29T10:11:08","date_gmt":"2025-12-29T10:11:08","guid":{"rendered":"https:\/\/www.europesays.com\/pl\/175728\/"},"modified":"2025-12-29T10:11:08","modified_gmt":"2025-12-29T10:11:08","slug":"nie-zyje-dyrektor-krakowskiej-szkoly-rak-byl-w-zaawansowanym-stadium","status":"publish","type":"post","link":"https:\/\/www.europesays.com\/pl\/175728\/","title":{"rendered":"Nie \u017cyje dyrektor krakowskiej szko\u0142y. Rak by\u0142 w zaawansowanym stadium"},"content":{"rendered":"<p class=\"ods-c-paragraph \">&#8222;Z najg\u0142\u0119bszym smutkiem i \u017calem informujemy, \u017ce Andrzej Ptasznik, po d\u0142ugiej i dzielnej walce z chorob\u0105, odszed\u0142 do Pana. W swojej drodze \u017cyciowej Andrzej dawa\u0142 \u015bwiadectwo dobroci, wiary i otwartego serca. Mimo cierpienia ufa\u0142 Bo\u017cej Opatrzno\u015bci, a si\u0142\u0119 czerpa\u0142 z modlitwy oraz \u017cyczliwo\u015bci ludzi, kt\u00f3rzy mu towarzyszyli. W tych trudnych chwilach \u0142\u0105czymy si\u0119 w modlitwie z rodzin\u0105 i bliskimi, prosz\u0105c Boga o dar wiecznego pokoju dla Andrzeja oraz pocieszenie dla wszystkich pogr\u0105\u017conych w \u017ca\u0142obie. Wieczny odpoczynek racz Mu da\u0107, Panie\u2026&#8221; \u2014 napisali bliscy Andrzeja Ptasznika na stronie pomocowej za\u0142o\u017conej na Facebooku.<\/p>\n<p class=\"ods-c-paragraph \">Dyrektor krakowskiej szko\u0142y przez lata by\u0142 zdrowy i aktywny. W grudniu 2023 r. niespodziewanie zas\u0142ab\u0142 w pracy \u2014 mia\u0142 napad przypominaj\u0105cy <a href=\"https:\/\/www.medonet.pl\/choroby-od-a-do-z\/choroby-neurologiczne,padaczka--epilepsja----objawy--przyczyny-i-leczenie,artykul,1578702.html\" id=\"f119544b-6c0a-4b68-9e08-63a15ed0b30a\" rel=\"nofollow noopener\" target=\"_blank\">padaczk\u0119<\/a>, po kt\u00f3rym trafi\u0142 do szpitala. Pocz\u0105tkowo lekarze podejrzewali ropie\u0144 m\u00f3zgu i przez trzy miesi\u0105ce leczono go antybiotykami, jednak stan si\u0119 nie poprawia\u0142. Dopiero kolejne badania ujawni\u0142y, \u017ce ma <a href=\"https:\/\/www.medonet.pl\/t\/glejak\/14291\" id=\"fa7b5273-986a-4853-92a3-a7fffa696868\" rel=\"nofollow noopener\" target=\"_blank\">glejaka<\/a> IV stopnia \u2014 jeden z najbardziej agresywnych nowotwor\u00f3w m\u00f3zgu.<\/p>\n<p class=\"ods-c-paragraph \">Operacja i <a href=\"https:\/\/www.medonet.pl\/video\/onkologia,chemioterapia---rodzaje--dzialanie--skutecznosc--czas-leczenia--powiklania,artykul,17993515.html\" id=\"3d51e772-6611-4497-a59c-46ed03859bae\" rel=\"nofollow noopener\" target=\"_blank\">chemioterapia<\/a> rozpocz\u0119\u0142y si\u0119 szybko, ale brak bada\u0144 genetycznych na pocz\u0105tku utrudni\u0142 dob\u00f3r leczenia. Po wznowie choroby w drugim o\u015brodku wykonano takie badania, co pozwoli\u0142o na bardziej precyzyjn\u0105 terapi\u0119. Od czerwca br. przyjmowa\u0142 szczepionk\u0119 peptydow\u0105 w litewskiej klinice.<\/p>\n<p>Dalszy ci\u0105g artyku\u0142u pod materia\u0142em wideo<\/p>\n<p> Kiedy zmar\u0142 Andrzej Ptasznik? <\/p>\n<p> Co by\u0142o przyczyn\u0105 \u015bmierci Andrzeja Ptasznika? <\/p>\n<p> Jakie leczenie przeszed\u0142 Andrzej Ptasznik? <\/p>\n<p> Jak rodzina wspiera\u0142a Andrzeja Ptasznika w walce z chorob\u0105? <\/p>\n<p class=\"ods-c-paragraph \">W rozmowie z Medonetem Andrzej Ptasznik opowiada\u0142, \u017ce choroba ca\u0142kowicie opanowa\u0142a jego \u017cycie rodzinne. \u2014 Jedna chora osoba w domu oznacza, \u017ce choruje ca\u0142a rodzina. \u017bycie wszystkich kr\u0119ci si\u0119 wok\u00f3\u0142 mnie i moich potrzeb. \u017bona i synowie przeszukuj\u0105 internet, czytaj\u0105 o nowych badaniach i terapiach, pisz\u0105 dziesi\u0105tki maili, staraj\u0105 si\u0119 o konsultacje. Wo\u017c\u0105 mnie te\u017c na wizyty do Bydgoszczy, gdzie przyjmuje m\u00f3j lekarz prowadz\u0105cy.<\/p>\n<p class=\"ods-c-paragraph \">Rodzina zaanga\u017cowa\u0142a ca\u0142\u0105 energi\u0119, by zebra\u0107 pieni\u0105dze potrzebne na leczenie. Synowie wraz z kolegami organizowali liczne zbi\u00f3rki licytacje, a tak\u017ce eventy, jak koncert kol\u0119d, mi\u0119dzyszkolny turniej siatk\u00f3wki, bieg wok\u00f3\u0142 krakowskich B\u0142o\u0144, a nawet charytatywn\u0105 kolacj\u0119.<\/p>\n<p><img decoding=\"async\" src=\"https:\/\/www.europesays.com\/pl\/wp-content\/uploads\/2025\/12\/fWuk9lBaHR0cHM6Ly9vY2RuLmV1L3B1bHNjbXMvTURBXy9kZjdkMDU4ODQwZWQwYmVkMDdkNmQ0NDUzNTY2ZjgyNy5wbmeRlQLNA.jpeg\" height=\"529\" width=\"940\" alt=\"Pan Andrzej z \u017con\u0105 i synami\" loading=\"lazy\" class=\"ods-c-image__img ods-c-image__img--vertical\"\/><\/p>\n<p>Pan Andrzej z \u017con\u0105 i synamiArchiwum prywatne<\/p>\n<p class=\"ods-c-paragraph \">\u2014 Przyznam szczerze, \u017ce wyci\u0105gni\u0119cie r\u0119ki po pomoc by\u0142o dla mnie bardzo trudne. Przyzwyczai\u0142em si\u0119 do tego, \u017ce to ja pomagam, reaguj\u0119, gdy kto\u015b o t\u0119 pomoc prosi. Uczniom m\u00f3wi\u0142em zawsze: &#8222;Pami\u0119tajcie, jeste\u015bmy lud\u017ami, w ka\u017cdej sytuacji trzeba by\u0107 cz\u0142owiekiem. To nas r\u00f3\u017cni od sztucznej inteligencji, \u017ce mo\u017cemy i powinni\u015bmy by\u0107 empatyczni&#8221;. Sam stara\u0142em si\u0119 taki by\u0107, a\u017c tu nagle znalaz\u0142em si\u0119 w sytuacji, w kt\u00f3rej to ja tej empatii potrzebuj\u0119 i bez pomocy innych ludzi nie dam sobie rady. Wiele mnie ta sytuacja kosztuje stresu \u2014 m\u00f3wi\u0142 w Medonecie Andrzej Ptasznik.<\/p>\n<p class=\"ods-c-paragraph \">Andrzej Ptasznik zmar\u0142 28 grudnia 2025 r.<\/p>\n<p> Tre\u015bci z serwisu Medonet maj\u0105 na celu polepszenie, a nie zast\u0105pienie, kontaktu pomi\u0119dzy U\u017cytkownikiem a jego lekarzem. Serwis ma charakter wy\u0142\u0105cznie informacyjno-edukacyjny. Przed zastosowaniem si\u0119 do porad z zakresu wiedzy specjalistycznej, w szczeg\u00f3lno\u015bci medycznych, zawartych w Serwisie nale\u017cy bezwzgl\u0119dnie skonsultowa\u0107 si\u0119 z lekarzem. <\/p>\n","protected":false},"excerpt":{"rendered":"&#8222;Z najg\u0142\u0119bszym smutkiem i \u017calem informujemy, \u017ce Andrzej Ptasznik, po d\u0142ugiej i dzielnej walce z chorob\u0105, odszed\u0142 do&hellip;\n","protected":false},"author":2,"featured_media":175729,"comment_status":"","ping_status":"","sticky":false,"template":"","format":"standard","meta":{"footnotes":""},"categories":[12],"tags":[32,33,1845,36,37,1669,34517,5762,5764,27,34,35,20217,28,31,48,25,2095,2035,46,42,38,40,39,41,2096,47,29,30,26],"class_list":{"0":"post-175728","1":"post","2":"type-post","3":"status-publish","4":"format-standard","5":"has-post-thumbnail","7":"category-polska","8":"tag-breaking-news","9":"tag-breakingnews","10":"tag-choroby_od_a_do_z","11":"tag-featured-news","12":"tag-featurednews","13":"tag-glejak","14":"tag-glejak_mozgu","15":"tag-glejak_wielopostaciowy","16":"tag-guz_mozgu","17":"tag-headlines","18":"tag-latest-news","19":"tag-latestnews","20":"tag-leczenie_onkologiczne","21":"tag-naglowki","22":"tag-najwazniejsze-artykuly","23":"tag-nat_styl","24":"tag-news","25":"tag-nowotwor","26":"tag-nowotwor_mozgu","27":"tag-omp","28":"tag-pl","29":"tag-poland","30":"tag-polish","31":"tag-polska","32":"tag-polski","33":"tag-rak","34":"tag-screening_general","35":"tag-top-stories","36":"tag-topstories","37":"tag-wiadomosci"},"share_on_mastodon":{"url":"https:\/\/pubeurope.com\/@pl\/115802320734615546","error":""},"_links":{"self":[{"href":"https:\/\/www.europesays.com\/pl\/wp-json\/wp\/v2\/posts\/175728","targetHints":{"allow":["GET"]}}],"collection":[{"href":"https:\/\/www.europesays.com\/pl\/wp-json\/wp\/v2\/posts"}],"about":[{"href":"https:\/\/www.europesays.com\/pl\/wp-json\/wp\/v2\/types\/post"}],"author":[{"embeddable":true,"href":"https:\/\/www.europesays.com\/pl\/wp-json\/wp\/v2\/users\/2"}],"replies":[{"embeddable":true,"href":"https:\/\/www.europesays.com\/pl\/wp-json\/wp\/v2\/comments?post=175728"}],"version-history":[{"count":0,"href":"https:\/\/www.europesays.com\/pl\/wp-json\/wp\/v2\/posts\/175728\/revisions"}],"wp:featuredmedia":[{"embeddable":true,"href":"https:\/\/www.europesays.com\/pl\/wp-json\/wp\/v2\/media\/175729"}],"wp:attachment":[{"href":"https:\/\/www.europesays.com\/pl\/wp-json\/wp\/v2\/media?parent=175728"}],"wp:term":[{"taxonomy":"category","embeddable":true,"href":"https:\/\/www.europesays.com\/pl\/wp-json\/wp\/v2\/categories?post=175728"},{"taxonomy":"post_tag","embeddable":true,"href":"https:\/\/www.europesays.com\/pl\/wp-json\/wp\/v2\/tags?post=175728"}],"curies":[{"name":"wp","href":"https:\/\/api.w.org\/{rel}","templated":true}]}}