{"id":175742,"date":"2025-12-29T10:19:03","date_gmt":"2025-12-29T10:19:03","guid":{"rendered":"https:\/\/www.europesays.com\/pl\/175742\/"},"modified":"2025-12-29T10:19:03","modified_gmt":"2025-12-29T10:19:03","slug":"sprowadzali-sklejke-oraz-listwy-z-rosji-i-bialorusi-grozi-im-30-lat-wiezienia","status":"publish","type":"post","link":"https:\/\/www.europesays.com\/pl\/175742\/","title":{"rendered":"Sprowadzali sklejk\u0119 oraz listwy z Rosji i Bia\u0142orusi. Grozi im 30 lat wi\u0119zienia"},"content":{"rendered":"<p>Informacj\u0119 o\u00a0zatrzymaniu i\u00a0zarzutach przekaza\u0142 PAP rzecznik Prokuratury Okr\u0119gowej w\u00a0Gda\u0144sku Mariusz Duszy\u0144ski. Wyja\u015bni\u0142, \u017ce post\u0119powanie przygotowawcze, prowadzone wsp\u00f3lnie przez funkcjonariuszy Morskiego Oddzia\u0142u Stra\u017cy Granicznej w\u00a0Gda\u0144sku oraz Pomorskiego Urz\u0119du Celno-Skarbowego w\u00a0Gdyni i\u00a0nadzorowane przez Prokuratur\u0119 Okr\u0119gow\u0105 w\u00a0Gda\u0144sku, dotyczy naruszania sankcji maj\u0105cych przeciwdzia\u0142a\u0107 wspieraniu agresji na Ukrain\u0119 zwi\u0105zanych z\u00a0zakazem importowania z\u00a0Rosji i\u00a0Bia\u0142orusi produkt\u00f3w drzewnych w\u00a0postaci sklejki drzewnej i\u00a0listew drewnianych.<\/p>\n<p>Podkre\u015bli\u0142 ponadto, \u017ce osoby dzia\u0142aj\u0105ce w\u00a0imieniu podmiot\u00f3w z\u00a0polskiego rynku stosowa\u0142y r\u00f3\u017cnorodne mechanizmy obchodzenia sankcji, w\u00a0tym m.in. w\u00a0ustanowionym okresie przej\u015bciowym pozorowa\u0142y realizacj\u0119 dostaw rzekomo w\u00a0wykonaniu wcze\u015bniej zawartych um\u00f3w z\u00a0podmiotami rosyjskimi i\u00a0bia\u0142oruskimi.<\/p>\n<p>Dodatkowo po up\u0142ywie okresu przej\u015bciowego pozorowa\u0142y pochodzenie towar\u00f3w drzewnych z\u00a0Kazachstanu i\u00a0Turcji oraz oznacza\u0142y towary niew\u0142a\u015bciwym kodem taryfikacji celnej symuluj\u0105cym dostaw\u0119 produkt\u00f3w nieobj\u0119tych sankcjami.<\/p>\n<p>\u2013 Ustalenia \u015bledztwa zosta\u0142y oparte m.in. na podstawie protoko\u0142u Europejskiego Urz\u0119du ds. Zwalczania Nadu\u017cy\u0107 Finansowych (OLAF) oraz raportu Komisji Europejskiej, a\u00a0tak\u017ce materia\u0142\u00f3w uzyskanych w\u00a0ramach pomocy prawnej z\u00a0Kazachstanu, analizie pr\u00f3bek drewna oraz analizie dokumentacji i\u00a0danych zapisanych na przesz\u0142o 100 no\u015bnikach informatycznych \u2013\u00a0przekaza\u0142 rzecznik.<\/p>\n<p>Na polecenie prokuratora 18 grudnia funkcjonariusze MOSG i\u00a0PUCS zatrzymali trzech obywateli Polski: 64-letniego Franciszka B., 48-letniego Mariana K. i\u00a056-letniego Piotra K. oraz dw\u00f3ch obywateli Rosji: 43-letniego Aleksandra P. i\u00a057-letniego Sergieja M.<\/p>\n<p>Zatrzymani zostali doprowadzeni do Prokuratury Okr\u0119gowej w\u00a0Gda\u0144sku, gdzie przedstawiono im zarzuty pope\u0142nienia czyn\u00f3w z\u00a0art. 15 ust. 1\u00a0pkt 1\u00a0ustawy szczeg\u00f3lnych rozwi\u0105zaniach w\u00a0zakresie przeciwdzia\u0142ania wspieraniu agresji na Ukrain\u0119 oraz s\u0142u\u017c\u0105cych ochronie bezpiecze\u0144stwa narodowego, a\u00a0tak\u017ce z\u00a0art. 87 par. 2\u00a0k.k.s. i\u00a0inne dotycz\u0105ce sprowadzania na terytorium RP produkt\u00f3w drzewnych w\u00a0postaci sklejki drzewnej i\u00a0listew drewnianych, kt\u00f3re obj\u0119te s\u0105 reglamentacj\u0105 pozataryfow\u0105 i\u00a0sankcjami Unii Europejskiej.<\/p>\n<p>Po wykonaniu czynno\u015bci z\u00a0udzia\u0142em podejrzanych prokurator skierowa\u0142 do s\u0105du wnioski o\u00a0zastosowanie wobec wszystkich podejrzanych \u015brodk\u00f3w zapobiegawczych w\u00a0postaci tymczasowego aresztowania na trzy miesi\u0105ce, ale s\u0105d nie uwzgl\u0119dni\u0142 wniosk\u00f3w prokuratora. Prokuratura z\u0142o\u017cy\u0142a za\u017calenie na t\u0119 decyzj\u0119.<\/p>\n<p>Za zarzucone podejrzanym przest\u0119pstwa grozi kara pozbawienia wolno\u015bci od 3\u00a0do 30 lat. Prokuratura podkre\u015bla, \u017ce \u015bledztwo ma charakter rozwojowy i\u00a0niewykluczone s\u0105 zarzuty dla kolejnych podejrzanych.<\/p>\n","protected":false},"excerpt":{"rendered":"Informacj\u0119 o\u00a0zatrzymaniu i\u00a0zarzutach przekaza\u0142 PAP rzecznik Prokuratury Okr\u0119gowej w\u00a0Gda\u0144sku Mariusz Duszy\u0144ski. Wyja\u015bni\u0142, \u017ce post\u0119powanie przygotowawcze, prowadzone wsp\u00f3lnie przez&hellip;\n","protected":false},"author":2,"featured_media":175743,"comment_status":"","ping_status":"","sticky":false,"template":"","format":"standard","meta":{"footnotes":""},"categories":[5],"tags":[32,33,36,37,27,34,35,28,31,25,42,38,40,39,41,29,30,26],"class_list":{"0":"post-175742","1":"post","2":"type-post","3":"status-publish","4":"format-standard","5":"has-post-thumbnail","7":"category-naglowki","8":"tag-breaking-news","9":"tag-breakingnews","10":"tag-featured-news","11":"tag-featurednews","12":"tag-headlines","13":"tag-latest-news","14":"tag-latestnews","15":"tag-naglowki","16":"tag-najwazniejsze-artykuly","17":"tag-news","18":"tag-pl","19":"tag-poland","20":"tag-polish","21":"tag-polska","22":"tag-polski","23":"tag-top-stories","24":"tag-topstories","25":"tag-wiadomosci"},"share_on_mastodon":{"url":"https:\/\/pubeurope.com\/@pl\/115802352126104047","error":""},"_links":{"self":[{"href":"https:\/\/www.europesays.com\/pl\/wp-json\/wp\/v2\/posts\/175742","targetHints":{"allow":["GET"]}}],"collection":[{"href":"https:\/\/www.europesays.com\/pl\/wp-json\/wp\/v2\/posts"}],"about":[{"href":"https:\/\/www.europesays.com\/pl\/wp-json\/wp\/v2\/types\/post"}],"author":[{"embeddable":true,"href":"https:\/\/www.europesays.com\/pl\/wp-json\/wp\/v2\/users\/2"}],"replies":[{"embeddable":true,"href":"https:\/\/www.europesays.com\/pl\/wp-json\/wp\/v2\/comments?post=175742"}],"version-history":[{"count":0,"href":"https:\/\/www.europesays.com\/pl\/wp-json\/wp\/v2\/posts\/175742\/revisions"}],"wp:featuredmedia":[{"embeddable":true,"href":"https:\/\/www.europesays.com\/pl\/wp-json\/wp\/v2\/media\/175743"}],"wp:attachment":[{"href":"https:\/\/www.europesays.com\/pl\/wp-json\/wp\/v2\/media?parent=175742"}],"wp:term":[{"taxonomy":"category","embeddable":true,"href":"https:\/\/www.europesays.com\/pl\/wp-json\/wp\/v2\/categories?post=175742"},{"taxonomy":"post_tag","embeddable":true,"href":"https:\/\/www.europesays.com\/pl\/wp-json\/wp\/v2\/tags?post=175742"}],"curies":[{"name":"wp","href":"https:\/\/api.w.org\/{rel}","templated":true}]}}