{"id":175762,"date":"2025-12-29T10:29:12","date_gmt":"2025-12-29T10:29:12","guid":{"rendered":"https:\/\/www.europesays.com\/pl\/175762\/"},"modified":"2025-12-29T10:29:12","modified_gmt":"2025-12-29T10:29:12","slug":"topowe-zegarki-garmin-w-obnizonych-cenach-okazja-goni-okazje","status":"publish","type":"post","link":"https:\/\/www.europesays.com\/pl\/175762\/","title":{"rendered":"Topowe zegarki Garmin w obni\u017conych cenach. Okazja goni okazj\u0119"},"content":{"rendered":"\n<p class=\"text-lg md:text-xl mb-6 leading-8 md:leading-9 font-inter px-4 md:px-0 relative z-1\" data-v-de169c3e=\"\">\u015awi\u0119ta za nami, ale to wcale nie oznacza, \u017ce wyprzeda\u017ce dobieg\u0142y ko\u0144ca. Wr\u0119cz przeciwnie, wygl\u0105da na to, \u017ce w styczniu sprzedawcy b\u0119d\u0105 nas kusili jeszcze ni\u017cszymi cenami. Tak to przynajmniej wygl\u0105da w przypadku topowych zegark\u00f3w Garmin.<\/p>\n<p>W przesz\u0142o\u015bci raczej rzadko zdarza\u0142o si\u0119, aby Garmin pozwala\u0142 obni\u017ca\u0107 ceny swoich najnowszych, topowych zegark\u00f3w. Sytuacja chyba si\u0119 jednak zmieni\u0142a, bo w ostatnich tygodniach przeceniano wiele tegorocznych modeli jak Venu 4 czy Fenix 8 Pro. I na tym nie koniec, bo dzisiaj nadal wiele topowych urz\u0105dze\u0144 mo\u017cna kupi\u0107 w obni\u017conych cenach.<\/p>\n<p>  Garmin sypn\u0105\u0142 promocjami <\/p>\n<p>Garmin Fenix 8 47 mm Sapphire AMOLED to obecnie z\u0142oty standard w \u015bwiecie zegark\u00f3w multisportowych, \u0142\u0105cz\u0105cy legendarn\u0105 wytrzyma\u0142o\u015b\u0107 serii Fenix z nieskazitelnym obrazem wy\u015bwietlacza AMOLED. Model ten wprowadzi\u0142 rewolucyjne zmiany: wbudowany g\u0142o\u015bnik oraz mikrofon, kt\u00f3re pozwalaj\u0105 na prowadzenie rozm\u00f3w telefonicznych, certyfikacj\u0119 do nurkowania (do 40 metr\u00f3w) oraz szczelne, metalowe przyciski indukcyjne. Wersja Sapphire oferuje szafirowe szk\u0142o odporne na zarysowania oraz tytanow\u0105 ramk\u0119, co czyni go idealnym wyborem dla os\u00f3b szukaj\u0105cych balansu mi\u0119dzy elegancj\u0105, a bezkompromisow\u0105 funkcjonalno\u015bci\u0105 w terenie. Bateria wytrzymuje przy tym nawet do 16 dni, co musi robi\u0107 wra\u017cenie. Teraz mo\u017cecie go kupi\u0107 <a href=\"https:\/\/www.amazon.pl\/SAPPHIRE-TITANIUM-SPARKORANGE-GRAFITOWYM-SILIKONOWYM\/dp\/B0DFM1YN7C\" target=\"_blank\" rel=\"noopener nofollow\">za 4155 z\u0142otych na Amazonie<\/a>.<\/p>\n<p>Garmin Fenix 8 Pro 51 mm AMOLED to obecnie szczyt mo\u017cliwo\u015bci ameryka\u0144skiego producenta. Wersja Pro o najwi\u0119kszej kopercie (51 mm) to propozycja dla profesjonalist\u00f3w, kt\u00f3rzy nie uznaj\u0105 limit\u00f3w. Kluczow\u0105 nowo\u015bci\u0105 w tym modelu jest technologia inReach oraz \u0142\u0105czno\u015b\u0107 LTE, co umo\u017cliwia wysy\u0142anie wiadomo\u015bci SOS i dwukierunkow\u0105 komunikacj\u0119 tekstow\u0105 nawet bez telefonu w zasi\u0119gu (wymagana jest dodatkowa subskrypcja). Wy\u015bwietlacz AMOLED o ogromnej przek\u0105tnej zapewnia fenomenaln\u0105 czytelno\u015b\u0107 map TopoActive, a pot\u0119\u017cna bateria pozwala na prac\u0119 nawet do 29 dni. Podobnie jak w standardowej \u201e\u00f3semce\u201d, znajdziemy tu latark\u0119 LED, funkcje nurkowe i g\u0142o\u015bnik. To najbardziej zaawansowany zegarek w ofercie Garmina, stworzony do najtrudniejszych wypraw, gdzie bezpiecze\u0144stwo i niezale\u017cno\u015b\u0107 s\u0105 priorytetem. Teraz model ten dost\u0119pny jest <a href=\"https:\/\/www.amazon.pl\/Garmin-Multisportowy-Smartwatch-Szafirowe-Grafitowy\/dp\/B0FPMF9LXB\" target=\"_blank\" rel=\"noopener nofollow\">za 4481 z\u0142otych, czyli ponad 1000 z\u0142otych taniej<\/a> ni\u017c cena sugerowana przez producenta.<\/p>\n<p>Garmin Fenix 8 47 mm SOLAR to model stworzony dla puryst\u00f3w outdooru, kt\u00f3rzy ponad nasycone barwy przedk\u0142adaj\u0105 maksymalny czas pracy i czytelno\u015b\u0107 w pe\u0142nym s\u0142o\u0144cu. Zamiast ekranu AMOLED, zastosowano tu ulepszony wy\u015bwietlacz MIP (Memory-in-Pixel) z soczewk\u0105 Power Sapphire, kt\u00f3ra \u0142aduje bateri\u0119 energi\u0105 s\u0142oneczn\u0105. Dzi\u0119ki temu zegarek oferuje jeszcze wi\u0119ksz\u0105 niezale\u017cno\u015b\u0107 energetyczn\u0105, idealn\u0105 na wielodniowe ultramaratony czy trekkingi z dala od cywilizacji. Mimo klasycznego ekranu, model ten posiada wszystkie nowo\u015bci serii 8: mikrofon, g\u0142o\u015bnik, funkcje nurkowe oraz wbudowan\u0105 latark\u0119 LED. To doskona\u0142y wyb\u00f3r, je\u015bli szukasz uniwersalnego kompana ka\u017cdej podr\u00f3\u017cy, kt\u00f3ry najlepiej radzi sobie w ostrym \u015bwietle dziennym. Wersj\u0119 <a href=\"https:\/\/www.amazon.pl\/Garmin-sloneczny-szafirowy-silikonowym-wzmacniaj%C4%85cym\/dp\/B0DFLYKPGJ\" target=\"_blank\" rel=\"noopener nofollow\">47 mm mo\u017cna teraz kupi\u0107 za 4366 z\u0142otych<\/a>, a <a href=\"https:\/\/www.amazon.pl\/sloneczny-szafirowy-silikonowym-wzmacniaj%C4%85cym-grafitowym\/dp\/B0DFM14JW3\" target=\"_blank\" rel=\"noopener nofollow\">model 51 mm dost\u0119pny jest za 4486 z\u0142otych<\/a>.<\/p>\n<p>Czytaj dalej poni\u017cej <a href=\"https:\/\/antyweb.pl\/garmin-szykuje-cos-dla-minimalistow-premiera-coraz-blizej\" aria-label=\"Garmin szykuje co\u015b dla minimalist\u00f3w. Premiera coraz bli\u017cej\" data-v-34dfeb02=\"\" rel=\"nofollow noopener\" target=\"_blank\"> <img src=\"https:\/\/www.europesays.com\/pl\/wp-content\/uploads\/2025\/12\/1766893631_260_garmin-venu-x1-recenzja-05.jpg\" alt=\"Garmin szykuje co\u015b dla minimalist\u00f3w. Premiera coraz bli\u017cej\" width=\"294\" height=\"166\" loading=\"lazy\" decoding=\"async\" class=\"placeholder__image\" data-v-7665aa9d=\"\"\/><\/a> <a href=\"https:\/\/antyweb.pl\/garmin-z-prezentem-na-swieta-nowe-funkcje\" aria-label=\"Garmin z prezentem na \u015bwi\u0119ta. Nowe funkcje powinny si\u0119 wam spodoba\u0107\" data-v-34dfeb02=\"\" rel=\"nofollow noopener\" target=\"_blank\"> <img src=\"https:\/\/www.europesays.com\/pl\/wp-content\/uploads\/2025\/11\/1764310393_880_garmin-fenix-8-pro-microled-11.jpg\" alt=\"Garmin z prezentem na \u015bwi\u0119ta. Nowe funkcje powinny si\u0119 wam spodoba\u0107\" width=\"294\" height=\"166\" loading=\"lazy\" decoding=\"async\" class=\"placeholder__image\" data-v-7665aa9d=\"\"\/><\/a>  <\/p>\n<p>Garmin Epix Pro Gen 2 51 mm AMOLED technologicznie ju\u017c nieco odstaje od serii Fenix 8, ale nadal pozostaje jednym z najbardziej po\u017c\u0105danych zegark\u00f3w, zw\u0142aszcza w kontek\u015bcie aktualnych promocji. Oferuje niemal te same zaawansowane funkcje sportowe, czujnik t\u0119tna 5. generacji oraz genialny ekran AMOLED, a przy tym jest o po\u0142ow\u0119 ta\u0144szy. Posiada zintegrowan\u0105 latark\u0119 LED, ale w por\u00f3wnaniu do Fenixa 8 brakuje mu funkcji nurkowych oraz mikrofonu\/g\u0142o\u015bnika. Dla wielu u\u017cytkownik\u00f3w, kt\u00f3rzy nie potrzebuj\u0105 tych dodatk\u00f3w, jest to obecnie najbardziej op\u0142acalny wyb\u00f3r typu \u201epremium\u201d. W rozmiarze 51 mm oferuje d\u0142ugi czas pracy (do 31 dni) stanowi\u0105c fantastyczn\u0105 alternatyw\u0119 dla najnowszych modeli, szczeg\u00f3lnie w <a href=\"https:\/\/track.performers.tech\/aff_c?offer_id=1860&amp;aff_id=3139&amp;aff_sub=Partner_ID&amp;url=https:\/\/www.mediaexpert.pl\/smartfony-i-zegarki\/smartwatche-i-zegarki\/smartwatche\/zegarek-sportowy-garmin-epix-pro-51mm-szary%3Futm_source%3DPPME%26utm_medium%3Ddeeplink-hyb%26utm_campaign%3D{date}%26utm_content%3D{affiliate_id}%26Partner_ID%3DPartner_ID%26transaction_id%3D{transaction_id}&amp;transaction_id={transaction_id}\" target=\"_blank\" rel=\"noopener nofollow\">obecnej cenie &#8211; 1899 z\u0142otych<\/a>.<\/p>\n<p>Je\u015bli zatem szukacie zegarka z wy\u017cszej p\u00f3\u0142ki, to obecnie jest kilka \u015bwietnych okazji aby si\u0119 w taki model zaopatrzy\u0107.<\/p>\n","protected":false},"excerpt":{"rendered":"\u015awi\u0119ta za nami, ale to wcale nie oznacza, \u017ce wyprzeda\u017ce dobieg\u0142y ko\u0144ca. Wr\u0119cz przeciwnie, wygl\u0105da na to, \u017ce&hellip;\n","protected":false},"author":2,"featured_media":175763,"comment_status":"","ping_status":"","sticky":false,"template":"","format":"standard","meta":{"footnotes":""},"categories":[20],"tags":[120,118,119,42,38,40,39,41,116,114,115,121,117],"class_list":{"0":"post-175762","1":"post","2":"type-post","3":"status-publish","4":"format-standard","5":"has-post-thumbnail","7":"category-nauka-i-technika","8":"tag-nauka","9":"tag-nauka-i-technika","10":"tag-naukatechnika","11":"tag-pl","12":"tag-poland","13":"tag-polish","14":"tag-polska","15":"tag-polski","16":"tag-science","17":"tag-science-and-technology","18":"tag-sciencetechnology","19":"tag-technika","20":"tag-technology"},"share_on_mastodon":{"url":"https:\/\/pubeurope.com\/@pl\/115802391540045052","error":""},"_links":{"self":[{"href":"https:\/\/www.europesays.com\/pl\/wp-json\/wp\/v2\/posts\/175762","targetHints":{"allow":["GET"]}}],"collection":[{"href":"https:\/\/www.europesays.com\/pl\/wp-json\/wp\/v2\/posts"}],"about":[{"href":"https:\/\/www.europesays.com\/pl\/wp-json\/wp\/v2\/types\/post"}],"author":[{"embeddable":true,"href":"https:\/\/www.europesays.com\/pl\/wp-json\/wp\/v2\/users\/2"}],"replies":[{"embeddable":true,"href":"https:\/\/www.europesays.com\/pl\/wp-json\/wp\/v2\/comments?post=175762"}],"version-history":[{"count":0,"href":"https:\/\/www.europesays.com\/pl\/wp-json\/wp\/v2\/posts\/175762\/revisions"}],"wp:featuredmedia":[{"embeddable":true,"href":"https:\/\/www.europesays.com\/pl\/wp-json\/wp\/v2\/media\/175763"}],"wp:attachment":[{"href":"https:\/\/www.europesays.com\/pl\/wp-json\/wp\/v2\/media?parent=175762"}],"wp:term":[{"taxonomy":"category","embeddable":true,"href":"https:\/\/www.europesays.com\/pl\/wp-json\/wp\/v2\/categories?post=175762"},{"taxonomy":"post_tag","embeddable":true,"href":"https:\/\/www.europesays.com\/pl\/wp-json\/wp\/v2\/tags?post=175762"}],"curies":[{"name":"wp","href":"https:\/\/api.w.org\/{rel}","templated":true}]}}