{"id":175764,"date":"2025-12-29T10:30:07","date_gmt":"2025-12-29T10:30:07","guid":{"rendered":"https:\/\/www.europesays.com\/pl\/175764\/"},"modified":"2025-12-29T10:30:07","modified_gmt":"2025-12-29T10:30:07","slug":"skladki-na-zus-w-gore-kto-zaplaci-wiecej-w-2026-roku","status":"publish","type":"post","link":"https:\/\/www.europesays.com\/pl\/175764\/","title":{"rendered":"Sk\u0142adki na ZUS w g\u00f3r\u0119. Kto zap\u0142aci wi\u0119cej w 2026 roku?"},"content":{"rendered":"\n<p>&#13;<br \/>\nCo roku aktualizowany jest limit, do\u00a0kt\u00f3rego pracownicy, zleceniodawcy oraz\u00a0pozosta\u0142e podmioty zatrudniaj\u0105ce musz\u0105 op\u0142aca\u0107 sk\u0142adki ZUS na\u00a0ubezpieczenia emerytalne i\u00a0rentowe. Granica ta\u00a0odpowiada trzydziestokrotno\u015bci prognozowanego przeci\u0119tnego wynagrodzenia, kt\u00f3re ma\u00a0wynie\u015b\u0107 9420 z\u0142. &#13;\n<\/p>\n<p>&#13;<br \/>\nW efekcie w\u00a02026\u00a0r. maksymalna roczna podstawa sk\u0142adek ZUS si\u0119gnie 282 600 z\u0142. Oznacza to\u00a0wzrost o\u00a022 410 z\u0142 w\u00a0por\u00f3wnaniu z\u00a0limitem obowi\u0105zuj\u0105cym w\u00a02025\u00a0r. &#13;\n<\/p>\n<p>&#13;<br \/>\nZmiana ta\u00a0szczeg\u00f3lnie dotknie osoby osi\u0105gaj\u0105ce najwy\u017csze dochody, kt\u00f3re zap\u0142ac\u0105 \u0142\u0105cznie o\u00a02523 z\u0142 wi\u0119cej sk\u0142adek. Mimo \u017ce\u00a0stawki podatkowe oraz\u00a0progi pozostan\u0105 bez zmian, ich roczne wynagrodzenie netto ulegnie obni\u017ceniu. R\u00f3wnocze\u015bnie wy\u017csze b\u0119d\u0105 koszty ponoszone przez pracodawc\u00f3w. &#13;\n<\/p>\n<p>&#13;<br \/>\nPonadto, je\u015bli prezydent podpisze ustaw\u0119, wzro\u015bnie stawka PIT od\u00a0wygranych w\u00a0konkursach, grach i\u00a0zak\u0142adach wzajemnych, a\u00a0tak\u017ce od\u00a0nagr\u00f3d w\u00a0ramach sprzeda\u017cy premiowej. Podatek ma\u00a0zosta\u0107 podniesiony z\u00a010 proc. do\u00a015 proc., co\u00a0sprawi, \u017ce\u00a0jednorazowe wygrane i\u00a0nagrody b\u0119d\u0105 mniej op\u0142acalne dla\u00a0konsument\u00f3w. &#13;\n<\/p>\n<p>Podwy\u017cka akcyzy na\u00a0alkohol<\/p>\n<p>&#13;<br \/>\nW ostatnim czasie przedmiotem debaty by\u0142a ustawa z\u00a04 grudnia 2025\u00a0r., w\u00a0kt\u00f3rej zapisano plan podniesienia stawek akcyzy na\u00a0alkohol w\u00a0latach 2026\u20132027. Zgodnie z\u00a0tymi za\u0142o\u017ceniami od\u00a0pocz\u0105tku 2026\u00a0r. podatek od\u00a0napoj\u00f3w alkoholowych mia\u0142 wzrosn\u0105\u0107 o\u00a015 proc., a\u00a0w\u00a0nast\u0119pnym roku o\u00a0kolejne 10 proc. &#13;\n<\/p>\n<p>&#13;<br \/>\nProjekt zosta\u0142 przekazany prezydentowi 10 grudnia 2025\u00a0r., jednak <a href=\"https:\/\/dorzeczy.pl\/kraj\/822305\/prezydent-karol-nawrocki-podpisal-15-ustaw-trzy-zawetowal.html\" rel=\"nofollow noopener\" target=\"_blank\">prezydent Nawrocki zdecydowa\u0142 si\u0119 na\u00a0jego zawetowanie, sprzeciwiaj\u0105c si\u0119 proponowanym podwy\u017ckom.<\/a> &#13;\n<\/p>\n<p>&#13;<br \/>\nNie oznacza to\u00a0jednak braku zmian w\u00a0opodatkowaniu alkoholu. Akcyza zostanie zwi\u0119kszona w\u00a0ograniczonym zakresie \u2013\u00a0o\u00a05 proc. Podwy\u017cka ta\u00a0wynika z\u00a0tzw. akcyzowej mapy drogowej, czyli ustawy uchwalonej przez Sejm w\u00a02021\u00a0r., kt\u00f3ra przewiduje coroczny wzrost stawek akcyzy w\u0142a\u015bnie o\u00a05 proc. &#13;\n<\/p>\n<p>&#13;<br \/>\nCzytaj te\u017c:<br \/><a href=\"https:\/\/dorzeczy.pl\/ekonomia\/825155\/nowy-unijny-podatek-podrozeja-pralki-i-lodowki.html\" rel=\"follow nofollow noopener\" data-schema=\"DORZECZY\" data-image=\"https:\/\/img.dorzeczy.pl\/_thumb\/16\/fd\/6911d7d0f202dabd1059bbdcc766.jpeg\" target=\"_blank\">Nowy unijny podatek. Podro\u017cej\u0105 cz\u0119\u015bci do\u00a0aut, pralki i\u00a0lod\u00f3wki?<\/a>Czytaj te\u017c:<br \/><a href=\"https:\/\/dorzeczy.pl\/ekonomia\/824372\/od-nowego-roku-podwyzka-emerytury-olimpijskiej.html\" rel=\"follow nofollow noopener\" data-schema=\"DORZECZY\" data-image=\"https:\/\/img.dorzeczy.pl\/_thumb\/c6\/f4\/f8337090facc141c6cbf66e31252.jpeg\" target=\"_blank\">Du\u017ca podwy\u017cka specjalnej emerytury. Sprawd\u017a, kto mo\u017ce j\u0105 otrzyma\u0107<\/a> &#13;<\/p>\n","protected":false},"excerpt":{"rendered":"&#13; Co roku aktualizowany jest limit, do\u00a0kt\u00f3rego pracownicy, zleceniodawcy oraz\u00a0pozosta\u0142e podmioty zatrudniaj\u0105ce musz\u0105 op\u0142aca\u0107 sk\u0142adki ZUS na\u00a0ubezpieczenia emerytalne&hellip;\n","protected":false},"author":2,"featured_media":175765,"comment_status":"","ping_status":"","sticky":false,"template":"","format":"standard","meta":{"footnotes":""},"categories":[16],"tags":[113,112,98,105,388,190,49,42,248,38,40,39,41,8442,660],"class_list":{"0":"post-175764","1":"post","2":"type-post","3":"status-publish","4":"format-standard","5":"has-post-thumbnail","7":"category-biznes","8":"tag-biznes","9":"tag-business","10":"tag-dorzeczy","11":"tag-ekonomia","12":"tag-finanse","13":"tag-gospodarka","14":"tag-kraj","15":"tag-pl","16":"tag-podatki","17":"tag-poland","18":"tag-polish","19":"tag-polska","20":"tag-polski","21":"tag-skladki","22":"tag-zus"},"share_on_mastodon":{"url":"https:\/\/pubeurope.com\/@pl\/115802395399722819","error":""},"_links":{"self":[{"href":"https:\/\/www.europesays.com\/pl\/wp-json\/wp\/v2\/posts\/175764","targetHints":{"allow":["GET"]}}],"collection":[{"href":"https:\/\/www.europesays.com\/pl\/wp-json\/wp\/v2\/posts"}],"about":[{"href":"https:\/\/www.europesays.com\/pl\/wp-json\/wp\/v2\/types\/post"}],"author":[{"embeddable":true,"href":"https:\/\/www.europesays.com\/pl\/wp-json\/wp\/v2\/users\/2"}],"replies":[{"embeddable":true,"href":"https:\/\/www.europesays.com\/pl\/wp-json\/wp\/v2\/comments?post=175764"}],"version-history":[{"count":0,"href":"https:\/\/www.europesays.com\/pl\/wp-json\/wp\/v2\/posts\/175764\/revisions"}],"wp:featuredmedia":[{"embeddable":true,"href":"https:\/\/www.europesays.com\/pl\/wp-json\/wp\/v2\/media\/175765"}],"wp:attachment":[{"href":"https:\/\/www.europesays.com\/pl\/wp-json\/wp\/v2\/media?parent=175764"}],"wp:term":[{"taxonomy":"category","embeddable":true,"href":"https:\/\/www.europesays.com\/pl\/wp-json\/wp\/v2\/categories?post=175764"},{"taxonomy":"post_tag","embeddable":true,"href":"https:\/\/www.europesays.com\/pl\/wp-json\/wp\/v2\/tags?post=175764"}],"curies":[{"name":"wp","href":"https:\/\/api.w.org\/{rel}","templated":true}]}}