{"id":175794,"date":"2025-12-29T10:47:08","date_gmt":"2025-12-29T10:47:08","guid":{"rendered":"https:\/\/www.europesays.com\/pl\/175794\/"},"modified":"2025-12-29T10:47:08","modified_gmt":"2025-12-29T10:47:08","slug":"ambasador-ukrainy-w-wielkiej-brytanii-planuje-rezygnacje","status":"publish","type":"post","link":"https:\/\/www.europesays.com\/pl\/175794\/","title":{"rendered":"ambasador Ukrainy w Wielkiej Brytanii planuje rezygnacj\u0119"},"content":{"rendered":"<p>Wa\u0142erij Za\u0142u\u017cny, by\u0142y naczelny dow\u00f3dca Si\u0142 Zbrojnych Ukrainy, obecnie pe\u0142ni\u0105cy rol\u0119 ambasadora w\u00a0Wielkiej Brytanii, zamierza zrezygnowa\u0107 z\u00a0pe\u0142nionej funkcji na pocz\u0105tku stycznia. Jak donosi ukrai\u0144skie Radio NV, decyzja ta zosta\u0142a om\u00f3wiona z\u00a0prezydentem Wo\u0142odymyrem Ze\u0142enskim podczas wizyty w\u00a0Kijowie kilka tygodni temu.<\/p>\n<p>M\u00f3wi o\u00a0lekach na\u00a0oty\u0142o\u015b\u0107. Oto, co\u00a0zadzia\u0142a wed\u0142ug niej lepiej <\/p>\n<p>W trakcie konsultacji z\u00a0prezydentem Ze\u0142enskim pojawi\u0142y si\u0119 <a href=\"https:\/\/wiadomosci.wp.pl\/zaluzny-kierowal-akcja-na-nord-stream-wsj-ujawnia-szczegoly-7220386443824064a\" rel=\"noopener noreferrer nofollow\" target=\"_blank\">r\u00f3\u017cne propozycje dotycz\u0105ce przysz\u0142o\u015bci Za\u0142u\u017cnego,<\/a> w\u00a0tym mo\u017cliwo\u015b\u0107 obj\u0119cia stanowiska premiera czy szefa kancelarii prezydenta. Sam Za\u0142u\u017cny nie wyrazi\u0142 w\u00f3wczas szczeg\u00f3lnego zainteresowania tymi opcjami.<\/p>\n<p>Inne \u017ar\u00f3d\u0142a sugeruj\u0105, \u017ce rozwa\u017ca\u0142 tak\u017ce obj\u0119cie funkcji ambasadora w\u00a0USA lub powr\u00f3t do roli naczelnego dow\u00f3dcy Si\u0142 Zbrojnych Ukrainy, jednak \u017cadna decyzja w\u00a0tej sprawie nie zosta\u0142a jeszcze podj\u0119ta.<\/p>\n<p>Jego decyzja o\u00a0powrocie do Kijowa mo\u017ce zosta\u0107 og\u0142oszona ju\u017c 4-5 stycznia. Na razie jednak nie ma oficjalnych komentarzy ze strony samego Za\u0142u\u017cnego ani jego biura w\u00a0Londynie.<\/p>\n<p>Ambasador zosta\u0142 zwolniony ze stanowiska naczelnego dow\u00f3dcy Si\u0142 Zbrojnych 8\u00a0lutego 2024 r., a\u00a0jego obecna misja w\u00a0Londynie rozpocz\u0119\u0142a si\u0119 9\u00a0maja 2024 r.<\/p>\n","protected":false},"excerpt":{"rendered":"Wa\u0142erij Za\u0142u\u017cny, by\u0142y naczelny dow\u00f3dca Si\u0142 Zbrojnych Ukrainy, obecnie pe\u0142ni\u0105cy rol\u0119 ambasadora w\u00a0Wielkiej Brytanii, zamierza zrezygnowa\u0107 z\u00a0pe\u0142nionej funkcji&hellip;\n","protected":false},"author":2,"featured_media":175795,"comment_status":"","ping_status":"","sticky":false,"template":"","format":"standard","meta":{"footnotes":""},"categories":[5],"tags":[32,33,36,37,27,34,35,28,31,25,42,38,40,39,41,29,30,26],"class_list":{"0":"post-175794","1":"post","2":"type-post","3":"status-publish","4":"format-standard","5":"has-post-thumbnail","7":"category-naglowki","8":"tag-breaking-news","9":"tag-breakingnews","10":"tag-featured-news","11":"tag-featurednews","12":"tag-headlines","13":"tag-latest-news","14":"tag-latestnews","15":"tag-naglowki","16":"tag-najwazniejsze-artykuly","17":"tag-news","18":"tag-pl","19":"tag-poland","20":"tag-polish","21":"tag-polska","22":"tag-polski","23":"tag-top-stories","24":"tag-topstories","25":"tag-wiadomosci"},"share_on_mastodon":{"url":"","error":""},"_links":{"self":[{"href":"https:\/\/www.europesays.com\/pl\/wp-json\/wp\/v2\/posts\/175794","targetHints":{"allow":["GET"]}}],"collection":[{"href":"https:\/\/www.europesays.com\/pl\/wp-json\/wp\/v2\/posts"}],"about":[{"href":"https:\/\/www.europesays.com\/pl\/wp-json\/wp\/v2\/types\/post"}],"author":[{"embeddable":true,"href":"https:\/\/www.europesays.com\/pl\/wp-json\/wp\/v2\/users\/2"}],"replies":[{"embeddable":true,"href":"https:\/\/www.europesays.com\/pl\/wp-json\/wp\/v2\/comments?post=175794"}],"version-history":[{"count":0,"href":"https:\/\/www.europesays.com\/pl\/wp-json\/wp\/v2\/posts\/175794\/revisions"}],"wp:featuredmedia":[{"embeddable":true,"href":"https:\/\/www.europesays.com\/pl\/wp-json\/wp\/v2\/media\/175795"}],"wp:attachment":[{"href":"https:\/\/www.europesays.com\/pl\/wp-json\/wp\/v2\/media?parent=175794"}],"wp:term":[{"taxonomy":"category","embeddable":true,"href":"https:\/\/www.europesays.com\/pl\/wp-json\/wp\/v2\/categories?post=175794"},{"taxonomy":"post_tag","embeddable":true,"href":"https:\/\/www.europesays.com\/pl\/wp-json\/wp\/v2\/tags?post=175794"}],"curies":[{"name":"wp","href":"https:\/\/api.w.org\/{rel}","templated":true}]}}