{"id":175816,"date":"2025-12-29T11:00:07","date_gmt":"2025-12-29T11:00:07","guid":{"rendered":"https:\/\/www.europesays.com\/pl\/175816\/"},"modified":"2025-12-29T11:00:07","modified_gmt":"2025-12-29T11:00:07","slug":"tragiczny-wypadek-w-bobulczynie-jedna-osoba-nie-zyje-cztery-ranne-onet","status":"publish","type":"post","link":"https:\/\/www.europesays.com\/pl\/175816\/","title":{"rendered":"Tragiczny wypadek w Bobulczynie. Jedna osoba nie \u017cyje, cztery ranne &#8211; Onet"},"content":{"rendered":"<ol>\n<li><a href=\"https:\/\/news.google.com\/rss\/articles\/CBMiywFBVV95cUxQMUszLVpVTGo5NHljUXhFcDdRbGxjR1RSUkFWYnR5TE9mbDJ4ZDJTRk9jX3h2b25ORjJKS3Y2RUp6UmRDdlBnOERKbnhycXlidTRNWThMdTk2Q18xVTN2UXFod2RGM3dUQlNpaEI0N05VSE0tTEl5QUZJTUluZ1hZQmxROHBMV1d5RG9RVzJJbHFPcEZLSVBqMGRXelNtS2Z1dC1mS3E3RHlZc3ItZnJ5ZUplRWpGRTBtdk5RVmRtUElMc01RNW0wZ0VDWQ?oc=5\" target=\"_blank\" rel=\"nofollow noopener\">Tragiczny wypadek w Bobulczynie. Jedna osoba nie \u017cyje, cztery ranne<\/a>&nbsp;&nbsp;Onet<\/li>\n<li><a href=\"https:\/\/news.google.com\/rss\/articles\/CBMitwFBVV95cUxNemE4Zzd5TE9vM0xKN2duVEFoQlQybkVDV1FndzFJNE11Z2hHTlhCcERhaDU4aThmYVp5TDVtX1N6czhoTC1jRTJfNkEzb0YyamVtX1Y0Z0xLQWJnNnRJQ3FheXd3dlJfYkJmZTEtc01kU1g4TDhHSXd1dWFienNJUGJRaTNSS3ozbG4wbHFQbjR6WVBfWEFrcjR5WUJpdlh6ZmVocVZ2R2VkNFNjbnRfNHJ6aktDRkU?oc=5\" target=\"_blank\" rel=\"nofollow noopener\">Tragiczne dachowanie. S\u0105 ofiary<\/a>&nbsp;&nbsp;TVP Pozna\u0144<\/li>\n<li><a href=\"https:\/\/news.google.com\/rss\/articles\/CBMimAFBVV95cUxQTlhwMmtWUUJ2dVJ4a2Y1STVkUVZscUNaSFgySHJXdUdDZFRCUm1qWGJBblQySmxNd2J1cEI2SUxuOUtTQ25ZSUZ6UC15dG4yY2RpcFRPbmExa2JjNDY4VDZRemdkbXJnRmNCQ29GYTgtY05HSjloODZFbDljWGdKdUNrWERMWHRaZ1ZLbmx1SEx0bXhkUlBqNA?oc=5\" target=\"_blank\" rel=\"nofollow noopener\">Tragiczny wypadek w Wielkopolsce. Nie \u017cyje 18-latek<\/a>&nbsp;&nbsp;WP Wiadomo\u015bci<\/li>\n<li><a href=\"https:\/\/news.google.com\/rss\/articles\/CBMi1wFBVV95cUxNNmg5X2RuRUNQZ0lJc2RMM3pab213VjQ1NzBrVjlVWC1GRXVLcHN5TFRtMEtwZHZiSU9wbXo1c0Z5aExyNUtWWVZ3ZW5xdnI1c3BkSXBlLTR0R0hRUWtVU3lSTzJXV3V4WEhQQWlQUEQxX3JsZ2x0cE9yb2ViSk41RTdsMklZY2taNEd1aDV5X1V0cGVuaXlYd1N6eFFMd0FmY25HX2kyb3lGZmtOWHdHRk5RcEdoWW5RcDl2UHpvYjhwUjBDQXdKTkpRR2hiS2tLTkEwcWUwMA?oc=5\" target=\"_blank\" rel=\"nofollow noopener\">Podsumowanie \u015bwi\u0105tecznego weekendu na drogach powiatu szamotulskiego<\/a>&nbsp;&nbsp;KPP Szamotu\u0142y<\/li>\n<li><a href=\"https:\/\/news.google.com\/rss\/articles\/CBMinwFBVV95cUxPTGxjVThsc3JKTDhoX3pTR2FRMFJfbkQ5akt6QXlsOW9aZzNvQ1hoV1lCSW5QZDVIS0w5bkRWSXlpVVZ2M0VnNm1hbFlNT01LWkJOYXhETFFmclJaOVhOLTIzbk1mVVJnZzRTeDAtWExTaGhzUko1dEEyaDBJbC1IOU1BWFhWQmVKRVBXaDF5SFBWTGhWTk0tVTgyeFpxNlU?oc=5\" target=\"_blank\" rel=\"nofollow noopener\">Tragiczny wypadek w regionie. Nie \u017cyje jedna osoba, cztery ranne<\/a>&nbsp;&nbsp;ePoznan<\/li>\n<\/ol>\n","protected":false},"excerpt":{"rendered":"Tragiczny wypadek w Bobulczynie. Jedna osoba nie \u017cyje, cztery ranne&nbsp;&nbsp;Onet Tragiczne dachowanie. S\u0105 ofiary&nbsp;&nbsp;TVP Pozna\u0144 Tragiczny wypadek w&hellip;\n","protected":false},"author":2,"featured_media":175817,"comment_status":"","ping_status":"","sticky":false,"template":"","format":"standard","meta":{"footnotes":""},"categories":[12],"tags":[32,33,1815,36,37,27,34,35,28,31,53,25,52,68,51,55,42,38,40,39,41,33862,47,29,30,50,26],"class_list":{"0":"post-175816","1":"post","2":"type-post","3":"status-publish","4":"format-standard","5":"has-post-thumbnail","7":"category-polska","8":"tag-breaking-news","9":"tag-breakingnews","10":"tag-codziennypoznanpl","11":"tag-featured-news","12":"tag-featurednews","13":"tag-headlines","14":"tag-latest-news","15":"tag-latestnews","16":"tag-naglowki","17":"tag-najwazniejsze-artykuly","18":"tag-new_header","19":"tag-news","20":"tag-onet3","21":"tag-onet3d","22":"tag-onet3d_2i","23":"tag-phx","24":"tag-pl","25":"tag-poland","26":"tag-polish","27":"tag-polska","28":"tag-polski","29":"tag-poznan_bloczek_regionalny_wiadomosci","30":"tag-screening_general","31":"tag-top-stories","32":"tag-topstories","33":"tag-v2021","34":"tag-wiadomosci"},"share_on_mastodon":{"url":"https:\/\/pubeurope.com\/@pl\/115802513424482255","error":""},"_links":{"self":[{"href":"https:\/\/www.europesays.com\/pl\/wp-json\/wp\/v2\/posts\/175816","targetHints":{"allow":["GET"]}}],"collection":[{"href":"https:\/\/www.europesays.com\/pl\/wp-json\/wp\/v2\/posts"}],"about":[{"href":"https:\/\/www.europesays.com\/pl\/wp-json\/wp\/v2\/types\/post"}],"author":[{"embeddable":true,"href":"https:\/\/www.europesays.com\/pl\/wp-json\/wp\/v2\/users\/2"}],"replies":[{"embeddable":true,"href":"https:\/\/www.europesays.com\/pl\/wp-json\/wp\/v2\/comments?post=175816"}],"version-history":[{"count":0,"href":"https:\/\/www.europesays.com\/pl\/wp-json\/wp\/v2\/posts\/175816\/revisions"}],"wp:featuredmedia":[{"embeddable":true,"href":"https:\/\/www.europesays.com\/pl\/wp-json\/wp\/v2\/media\/175817"}],"wp:attachment":[{"href":"https:\/\/www.europesays.com\/pl\/wp-json\/wp\/v2\/media?parent=175816"}],"wp:term":[{"taxonomy":"category","embeddable":true,"href":"https:\/\/www.europesays.com\/pl\/wp-json\/wp\/v2\/categories?post=175816"},{"taxonomy":"post_tag","embeddable":true,"href":"https:\/\/www.europesays.com\/pl\/wp-json\/wp\/v2\/tags?post=175816"}],"curies":[{"name":"wp","href":"https:\/\/api.w.org\/{rel}","templated":true}]}}