{"id":175839,"date":"2025-12-29T11:12:09","date_gmt":"2025-12-29T11:12:09","guid":{"rendered":"https:\/\/www.europesays.com\/pl\/175839\/"},"modified":"2025-12-29T11:12:09","modified_gmt":"2025-12-29T11:12:09","slug":"komorki-lokatorskie-od-dewelopera-nawet-6-tys-zl-za-1-mkw","status":"publish","type":"post","link":"https:\/\/www.europesays.com\/pl\/175839\/","title":{"rendered":"Kom\u00f3rki lokatorskie od dewelopera. Nawet 6 tys. z\u0142 za 1 mkw."},"content":{"rendered":"<ol style=\"counter-reset:list-counter\" class=\"typography ids-typeset-body ids-typeset-body--preset-large list ids-list ids-list--ordered ids-list--size-large ids-list--marker-decimalLeadingZero \">\n<li class=\"ids-list-item\">\n<p>Kom\u00f3rki lokatorskie a piwnice w starych blokach. Nowocze\u015bniejsze, ale mniejsze i deficytowe<\/p>\n<\/li>\n<li class=\"ids-list-item\">\n<p>Kom\u00f3rki lokatorskie od dewelopera. Nawet 6 tys. z\u0142 za 1 mkw.<\/p>\n<\/li>\n<li class=\"ids-list-item\">\n<p>Czy mo\u017cna sprzeda\u0107 kom\u00f3rk\u0119 lokatorsk\u0105?<\/p>\n<\/li>\n<\/ol>\n<p class=\"typography ids-typeset-body ids-typeset-body--preset-large link paragraph ids-paragraph ids-paragraph--default\">W swoim raporcie serwis wskazuje, \u017ce obecnie\u00a0kom\u00f3rki lokatorskie to powierzchnie, kt\u00f3rych warto\u015b\u0107 trudno przeceni\u0107. Mo\u017cna w nich trzyma\u0107 wi\u0119ksze rzeczy i urz\u0105dzenia, takie jak cho\u0107by rower i inne elementy wyposa\u017cenia, kt\u00f3rych cz\u0119sto nie mamy gdzie przechowywa\u0107, a w mieszkaniu nie ma na nie miejsca.<\/p>\n<p class=\"typography ids-typeset-body ids-typeset-body--preset-large link paragraph ids-paragraph ids-paragraph--default\">Wsp\u00f3\u0142czesne\u00a0<a href=\"https:\/\/biznes.interia.pl\/finanse\/news-tyle-zarabiaja-kierowcy-smieciarek-znacznie-wiecej-placa-w-n,nId,22502214\" target=\"_blank\" rel=\"nofollow noopener\">kom\u00f3rki lokatorskie<\/a>\u00a0znacz\u0105co r\u00f3\u017cni\u0105 si\u0119 od dawnych piwnic znanych z blok\u00f3w z tzw. wielkiej p\u0142yty. Przede wszystkim zapewniaj\u0105 wy\u017cszy poziom komfortu oraz bezpiecze\u0144stwa u\u017cytkowania. S\u0105 to pomieszczenia suche, dobrze wentylowane i o\u015bwietlone, cz\u0119sto wyposa\u017cone w solidne, metalowe drzwi antyw\u0142amaniowe.<\/p>\n<p>Kom\u00f3rki lokatorskie a piwnice w starych blokach. Nowocze\u015bniejsze, ale mniejsze i deficytowe<\/p>\n<p class=\"typography ids-typeset-body ids-typeset-body--preset-large link paragraph ids-paragraph ids-paragraph--default\">Jak zauwa\u017ca RynekPierwotny.pl du\u017cym atutem jest tak\u017ce ich lokalizacja. Zazwyczaj znajduj\u0105 si\u0119 na tym samym pi\u0119trze co mieszkanie lub s\u0105\u00a0\u0142atwo dost\u0119pne z poziomu windy, gara\u017cu podziemnego czy parteru, co znacznie u\u0142atwia codzienne korzystanie z nich.<\/p>\n<p class=\"typography ids-typeset-body ids-typeset-body--preset-large link paragraph ids-paragraph ids-paragraph--default\">W por\u00f3wnaniu z nimi\u00a0piwnice w starszym budownictwie wypadaj\u0105 znacznie gorzej. Zazwyczaj s\u0105 usytuowane g\u0142\u0119boko pod ziemi\u0105, przez co panuje w nich wilgo\u0107 i p\u00f3\u0142mrok, a dost\u0119p \u015bwiat\u0142a jest minimalny lub \u017caden. Brakuje tam skutecznej wentylacji oraz zabezpiecze\u0144 antyw\u0142amaniowych &#8211; drzwi cz\u0119sto wykonane s\u0105 prowizorycznie z desek. Niska jako\u015b\u0107 wyko\u0144czenia, surowe, nieotynkowane \u015bciany z cegie\u0142 lub bloczk\u00f3w oraz og\u00f3lny brak funkcjonalno\u015bci sprawiaj\u0105, \u017ce takie pomieszczenia pe\u0142ni\u0105 raczej rol\u0119 przechowalni &#8222;z konieczno\u015bci&#8221; ni\u017c wygodnego zaplecza mieszkania.<\/p>\n<ul class=\"typography ids-typeset-body ids-typeset-body--preset-small list--article-list ids-list ids-list--unordered ids-list--size-small \" datatype=\"disc\">\n<li class=\"ids-list-item ids-list-item__content brief-list-item\"><a class=\"ids-undecorated-link link ids-link \" data-spons=\"false\" href=\"https:\/\/biznes.interia.pl\/gospodarka\/news-tu-sie-zyje-najlepiej-w-polsce-nie-tylko-warszawa-i-metropol,nId,22502522\" rel=\"nofollow noopener\" target=\"_blank\">Tu si\u0119 \u017cyje najlepiej w Polsce. Nie tylko Warszawa i metropolie<\/a><\/li>\n<\/ul>\n<p class=\"typography ids-typeset-body ids-typeset-body--preset-large link paragraph ids-paragraph ids-paragraph--default\">Jednak wsp\u00f3\u0142czesne kom\u00f3rki lokatorskie maj\u0105 powa\u017cny mankament. Eksperci portalu wskazali, \u017ce\u00a0piwnice w budynkach z\u00a0<a href=\"https:\/\/biznes.interia.pl\/finanse\/news-w-niemczech-przerabiaja-koscioly-coraz-czestszy-trend,nId,22502235\" target=\"_blank\" rel=\"nofollow noopener\">rynku wt\u00f3rnego<\/a>\u00a0s\u0105 cz\u0119sto wi\u0119ksze ni\u017c kom\u00f3rki lokatorskie na nowych osiedlach. Maj\u0105 oko\u0142o 4 &#8211; 6 mkw. To o 2 do 3 mkw. wi\u0119cej ni\u017c w przypadku przeci\u0119tnej wielko\u015bci kom\u00f3rek.<\/p>\n<p class=\"typography ids-typeset-body ids-typeset-body--preset-large link paragraph ids-paragraph ids-paragraph--default\">Stare piwnice maj\u0105 jeszcze jedn\u0105 przewag\u0119 nad kom\u00f3rkami. Ich liczba w blokach z wielkiej p\u0142yty odpowiada dok\u0142adnie liczbie mieszka\u0144 w budynku. W budownictwie deweloperskim takiego komfortu ju\u017c nie ma.\u00a0Liczba kom\u00f3rek zazwyczaj jest znacznie mniejsza od liczby mieszka\u0144.<\/p>\n<p>Kom\u00f3rki lokatorskie od dewelopera. Nawet 6 tys. z\u0142 za 1 mkw.<\/p>\n<p class=\"typography ids-typeset-body ids-typeset-body--preset-large link paragraph ids-paragraph ids-paragraph--default\">RynekPierwotny sprawdzi\u0142, jakie s\u0105 parametry <a href=\"https:\/\/biznes.interia.pl\/praca\/news-praca-w-niemczech-przy-pakowaniu-wafli-chetni-znalezli-sie-b,nId,22502523\" target=\"_blank\" rel=\"nofollow noopener\">kom\u00f3rek lokatorskich<\/a> oddawanych obecnie, a tak\u017ce ile kosztuj\u0105. &#8222;Staramy si\u0119, aby\u00a0kom\u00f3rki mia\u0142y powierzchni\u0119 oko\u0142o 2,5-3 mkw., ale w zale\u017cno\u015bci od parametr\u00f3w inwestycji w ofercie pojawiaj\u0105 si\u0119 tak\u017ce wi\u0119ksze (&#8230;). Z uwagi na fakt, \u017ce powstaj\u0105 one w wolnych przestrzeniach hali gara\u017cowej, ich liczba jest ograniczona. \u015arednia cena kom\u00f3rki lokatorskiej zale\u017cy od metra\u017cu i waha si\u0119 w okolicach 4 tys. z\u0142\/mkw&#8221; &#8211; przekaza\u0142 Tomasz Kaleta, dyrektor zarz\u0105dzaj\u0105cy ds. sprzeda\u017cy i marketingu w Develii.<\/p>\n<p class=\"typography ids-typeset-body ids-typeset-body--preset-large link paragraph ids-paragraph ids-paragraph--default\">Z kolej cytowany przez &#8222;RP&#8221; Micha\u0142 Witkowski, dyrektor ds. sprzeda\u017cy w Lokum Deweloper zapewnia, \u017ce firma stawia na jak najwi\u0119ksz\u0105 liczb\u0119 takich dodatkowych pomieszcze\u0144. &#8222;(&#8230;) Tworzymy maksymaln\u0105 mo\u017cliw\u0105 liczb\u0119 kom\u00f3rek lokatorskich o powierzchni oko\u0142o 3 mkw. w cenie na poziomie 5 tys. z\u0142\/mkw. W ofercie pojawiaj\u0105 si\u0119 r\u00f3wnie\u017c znacznie wi\u0119ksze pomieszczenia, np. zlokalizowane bezpo\u015brednio przy miejscach postojowych, jednak ich dost\u0119pno\u015b\u0107 i liczba w danej inwestycji zale\u017cy od mo\u017cliwo\u015bci projektowych&#8221; &#8211; poinformowa\u0142.<\/p>\n<p class=\"typography ids-typeset-body ids-typeset-body--preset-large link paragraph ids-paragraph ids-paragraph--default\">Tymczasem w projektach Achicomu kom\u00f3rki lokatorskie maj\u0105 zr\u00f3\u017cnicowane metra\u017ce, najcz\u0119\u015bciej\u00a0od 1,5 do 6 mkw. &#8211; podaje portal.\u00a0Ich liczba waha si\u0119 od kilku do kilkudziesi\u0119ciu procent wzgl\u0119dem liczby mieszka\u0144 i zale\u017cy od specyfiki inwestycji. Kom\u00f3rki wyposa\u017cone s\u0105 w instalacj\u0119 o\u015bwietleniow\u0105, natomiast bez gniazd elektrycznych, co wynika z wymog\u00f3w przeciwpo\u017carowych oraz zasad rozliczania energii.<\/p>\n<p><img decoding=\"async\" class=\"ids-image-holder__img\" loading=\"lazy\" alt=\"D\u0142ugi, betonowy korytarz z r\u00f3wnolegle ustawionymi drewnianymi drzwiami po obu stronach, ka\u017cdy boks zamkni\u0119ty k\u0142\u00f3dk\u0105, widoczne instalacje na suficie, o\u015bwietlenie sztuczne.\" title=\"Kom\u00f3rki lokatorskie od dewelopera. Nawet 6 tys. z\u0142 za 1 mkw.\" width=\"2000\" height=\"1334\" src=\"https:\/\/www.europesays.com\/pl\/wp-content\/uploads\/2025\/12\/000M4NH8B741RSO2-C323-F4.webp.webp\"\/><\/p>\n<p>Kom\u00f3rki lokatorskie od dewelopera. Nawet 6 tys. z\u0142 za 1 mkw.FOT. MALGORZATA GENCA  \/ POLSKA PRESSEast News<\/p>\n<p class=\"typography ids-typeset-body ids-typeset-body--preset-large link paragraph ids-paragraph ids-paragraph--default\">&#8222;Kom\u00f3rki s\u0105 oferowane klientom wed\u0142ug kolejno\u015bci rezerwacji, z wyj\u0105tkiem kom\u00f3rek przypisanych do miejsc postojowych, kt\u00f3re sprzedawane s\u0105 wy\u0142\u0105cznie w pakiecie. W wielu projektach istnieje mo\u017cliwo\u015b\u0107 zakupu kom\u00f3rki r\u00f3wnie\u017c w budynku s\u0105siednim. Cena kom\u00f3rek zale\u017cy od inwestycji i zazwyczaj mie\u015bci si\u0119 w przedziale 4-6 tys. z\u0142\/mkw.&#8221; &#8211; t\u0142umaczy Rafa\u0142 Gliwi\u0144ski, Head of Design firmy Archicom.<\/p>\n<p>Czy mo\u017cna sprzeda\u0107 kom\u00f3rk\u0119 lokatorsk\u0105?<\/p>\n<p class=\"typography ids-typeset-body ids-typeset-body--preset-large link paragraph ids-paragraph ids-paragraph--default\">Serwis przypomina, \u017ce kom\u00f3rka lokatorska jest pomieszczeniem przynale\u017cnym do lokalu mieszkalnego, przez co nie mo\u017cna jej sprzeda\u0107 samodzielnie. Piwnica jest zazwyczaj cz\u0119\u015bci\u0105 wsp\u00f3ln\u0105 nieruchomo\u015bci, do kt\u00f3rej w\u0142a\u015bciciel mieszkania ma jedynie prawo wy\u0142\u0105cznego u\u017cytkowania.<\/p>\n<p class=\"typography ids-typeset-body ids-typeset-body--preset-large link paragraph ids-paragraph ids-paragraph--default\">W obu przypadkach (kom\u00f3rka i piwnica), s\u0105 wpisane do tej samej ksi\u0119gi wieczystej co lokal mieszkalny, a ich sprzeda\u017c jest mo\u017cliwa jedynie razem z mieszkaniem lub za zgod\u0105 wsp\u00f3lnoty mieszkaniowej.<\/p>\n<ul class=\"typography ids-typeset-body ids-typeset-body--preset-small list--article-list ids-list ids-list--unordered ids-list--size-small \" datatype=\"disc\">\n<li class=\"ids-list-item ids-list-item__content brief-list-item\"><a class=\"ids-undecorated-link link ids-link \" data-spons=\"false\" href=\"https:\/\/biznes.interia.pl\/gospodarka\/news-umowa-na-blisko-310-mln-zl-podpisana-bedziemy-dalej-inwestow,nId,22503302\" rel=\"nofollow noopener\" target=\"_blank\">Umowa na blisko 310 mln z\u0142 podpisana. &#8222;B\u0119dziemy dalej inwestowa\u0107&#8221;<\/a><\/li>\n<li class=\"ids-list-item ids-list-item__content brief-list-item\"><a class=\"ids-undecorated-link link ids-link \" data-spons=\"false\" href=\"https:\/\/biznes.interia.pl\/gospodarka\/news-sikorski-chwali-euro-w-bulgarii-rzad-niedawno-jasno-postawil,nId,22503289\" rel=\"nofollow noopener\" target=\"_blank\">Sikorski chwali euro w Bu\u0142garii. Rz\u0105d niedawno jasno postawi\u0142 na z\u0142otego<\/a><\/li>\n<\/ul>\n<p>Rok 2026 b\u0119dzie korzystny dla pracownik\u00f3w. Co si\u0119 zmieni?Polsat News<\/p>\n","protected":false},"excerpt":{"rendered":"Kom\u00f3rki lokatorskie a piwnice w starych blokach. Nowocze\u015bniejsze, ale mniejsze i deficytowe Kom\u00f3rki lokatorskie od dewelopera. Nawet 6&hellip;\n","protected":false},"author":2,"featured_media":175840,"comment_status":"","ping_status":"","sticky":false,"template":"","format":"standard","meta":{"footnotes":""},"categories":[16],"tags":[113,112,42,38,40,39,41],"class_list":{"0":"post-175839","1":"post","2":"type-post","3":"status-publish","4":"format-standard","5":"has-post-thumbnail","7":"category-biznes","8":"tag-biznes","9":"tag-business","10":"tag-pl","11":"tag-poland","12":"tag-polish","13":"tag-polska","14":"tag-polski"},"share_on_mastodon":{"url":"https:\/\/pubeurope.com\/@pl\/115802560765107954","error":""},"_links":{"self":[{"href":"https:\/\/www.europesays.com\/pl\/wp-json\/wp\/v2\/posts\/175839","targetHints":{"allow":["GET"]}}],"collection":[{"href":"https:\/\/www.europesays.com\/pl\/wp-json\/wp\/v2\/posts"}],"about":[{"href":"https:\/\/www.europesays.com\/pl\/wp-json\/wp\/v2\/types\/post"}],"author":[{"embeddable":true,"href":"https:\/\/www.europesays.com\/pl\/wp-json\/wp\/v2\/users\/2"}],"replies":[{"embeddable":true,"href":"https:\/\/www.europesays.com\/pl\/wp-json\/wp\/v2\/comments?post=175839"}],"version-history":[{"count":0,"href":"https:\/\/www.europesays.com\/pl\/wp-json\/wp\/v2\/posts\/175839\/revisions"}],"wp:featuredmedia":[{"embeddable":true,"href":"https:\/\/www.europesays.com\/pl\/wp-json\/wp\/v2\/media\/175840"}],"wp:attachment":[{"href":"https:\/\/www.europesays.com\/pl\/wp-json\/wp\/v2\/media?parent=175839"}],"wp:term":[{"taxonomy":"category","embeddable":true,"href":"https:\/\/www.europesays.com\/pl\/wp-json\/wp\/v2\/categories?post=175839"},{"taxonomy":"post_tag","embeddable":true,"href":"https:\/\/www.europesays.com\/pl\/wp-json\/wp\/v2\/tags?post=175839"}],"curies":[{"name":"wp","href":"https:\/\/api.w.org\/{rel}","templated":true}]}}