{"id":175843,"date":"2025-12-29T11:14:08","date_gmt":"2025-12-29T11:14:08","guid":{"rendered":"https:\/\/www.europesays.com\/pl\/175843\/"},"modified":"2025-12-29T11:14:08","modified_gmt":"2025-12-29T11:14:08","slug":"czlowiek-wypadl-za-burte-polskiego-promu-sa-nowe-informacje","status":"publish","type":"post","link":"https:\/\/www.europesays.com\/pl\/175843\/","title":{"rendered":"Cz\u0142owiek wypad\u0142 za burt\u0119 polskiego promu. S\u0105 nowe informacje"},"content":{"rendered":"<p data-section=\"detail-body\">Do zdarzenia dosz\u0142o 28 grudnia na promie Skania, kt\u00f3ry p\u0142ywa na trasie Ystad \u2014 \u015awinouj\u015bcie. Cz\u0142owiek wypad\u0142 za burt\u0119 w okolicach kurortu Sassnitz na Rugii, jak potwierdzi\u0142a firma <a href=\"https:\/\/wiadomosci.onet.pl\/szczecin\/grozny-wypadek-na-morzu-baltyckim-z-polskiego-promu-wypadl-za-burte-czlowiek\/10cx7q6\" id=\"3d833f8d-8940-472b-8f0f-47959ff3c21f\" rel=\"nofollow noopener\" target=\"_blank\">Unity Line Onetowi.<\/a><\/p>\n<p class=\"article_p\" data-section=\"detail-body\">Na miejsce natychmiast skierowano s\u0142u\u017cby z Polski, Danii, Szwecji i Niemiec. Cz\u0142owieka, kt\u00f3ry wypad\u0142 ze statku, nie uda\u0142o si\u0119 jednak znale\u017a\u0107 \u2014 podaje Radio Szczecin.<\/p>\n<p class=\"article_p\" data-section=\"detail-body\">Dalsza cz\u0119\u015b\u0107 artyku\u0142u znajduje si\u0119 pod materia\u0142em wideo<\/p>\n<p class=\"article_p\" data-section=\"detail-body\">&#8222;Akcj\u0119 ratunkowo-poszukiwawcz\u0105 koordynowa\u0142a niemiecka s\u0142u\u017cba ratownictwa morskiego (SAR). Do poszukiwa\u0144 do\u0142\u0105czy\u0142 r\u00f3wnie\u017c prom Polonia nale\u017c\u0105cy do Unity Line i znajduj\u0105cy si\u0119 w pobli\u017cu miejsca zdarzenia. Dzia\u0142ania prowadzone by\u0142y przez kilka godzin w trudnych warunkach pogodowych&#8221; \u2014 wynika\u0142o z komunikatu Unity Line.<\/p>\n<p>            Czytaj tak\u017ce w BUSINESS INSIDER<\/p>\n<p class=\"article_p\" data-section=\"detail-body\">&#8222;O godzinie 18:21 niemiecki SAR podj\u0105\u0142 decyzj\u0119 o zwolnieniu z akcji ratunkowej prom\u00f3w Skania i Polonia, kt\u00f3re zgodnie z poleceniem skierowa\u0142y si\u0119 do port\u00f3w w Ystad i \u015awinouj\u015bciu. Unity Line pozostaje w kontakcie z w\u0142a\u015bciwymi s\u0142u\u017cbami. Na obecnym etapie nie udzielamy dodatkowych informacji&#8221; \u2014 dodano r\u00f3wnie\u017c w komunikacie.<\/p>\n<p class=\"article_p\" data-section=\"detail-body\">Prom Skania linii Unity Line mo\u017ce zabra\u0107 na pok\u0142ad 1400 os\u00f3b, 260 samochod\u00f3w osobowych i 50 pojazd\u00f3w ci\u0119\u017carowych. Statek zosta\u0142 zbudowany w 1995 r., do Polski trafi\u0142 w 2008 r.<\/p>\n<p class=\"article_p\" data-section=\"detail-body\">Zobacz tak\u017ce: <a href=\"https:\/\/businessinsider.com.pl\/gospodarka\/oto-prog-wejscia-do-klasy-sredniej-w-polsce-niespodziewanie-niski-kwoty\/wp9jsx0\" id=\"e5f6c8f8-ba3c-4c2b-ae9a-d9d6a9d57a5f\" rel=\"nofollow noopener\" target=\"_blank\">Oto pr\u00f3g wej\u015bcia do klasy \u015bredniej w Polsce. Niespodziewanie niski [KWOTY]<\/a><\/p>\n","protected":false},"excerpt":{"rendered":"Do zdarzenia dosz\u0142o 28 grudnia na promie Skania, kt\u00f3ry p\u0142ywa na trasie Ystad \u2014 \u015awinouj\u015bcie. Cz\u0142owiek wypad\u0142 za&hellip;\n","protected":false},"author":2,"featured_media":175844,"comment_status":"","ping_status":"","sticky":false,"template":"","format":"standard","meta":{"footnotes":""},"categories":[12],"tags":[32,33,36,37,27,34,35,28,31,25,42,38,40,39,41,29,30,26],"class_list":{"0":"post-175843","1":"post","2":"type-post","3":"status-publish","4":"format-standard","5":"has-post-thumbnail","7":"category-polska","8":"tag-breaking-news","9":"tag-breakingnews","10":"tag-featured-news","11":"tag-featurednews","12":"tag-headlines","13":"tag-latest-news","14":"tag-latestnews","15":"tag-naglowki","16":"tag-najwazniejsze-artykuly","17":"tag-news","18":"tag-pl","19":"tag-poland","20":"tag-polish","21":"tag-polska","22":"tag-polski","23":"tag-top-stories","24":"tag-topstories","25":"tag-wiadomosci"},"share_on_mastodon":{"url":"https:\/\/pubeurope.com\/@pl\/115802568444493948","error":""},"_links":{"self":[{"href":"https:\/\/www.europesays.com\/pl\/wp-json\/wp\/v2\/posts\/175843","targetHints":{"allow":["GET"]}}],"collection":[{"href":"https:\/\/www.europesays.com\/pl\/wp-json\/wp\/v2\/posts"}],"about":[{"href":"https:\/\/www.europesays.com\/pl\/wp-json\/wp\/v2\/types\/post"}],"author":[{"embeddable":true,"href":"https:\/\/www.europesays.com\/pl\/wp-json\/wp\/v2\/users\/2"}],"replies":[{"embeddable":true,"href":"https:\/\/www.europesays.com\/pl\/wp-json\/wp\/v2\/comments?post=175843"}],"version-history":[{"count":0,"href":"https:\/\/www.europesays.com\/pl\/wp-json\/wp\/v2\/posts\/175843\/revisions"}],"wp:featuredmedia":[{"embeddable":true,"href":"https:\/\/www.europesays.com\/pl\/wp-json\/wp\/v2\/media\/175844"}],"wp:attachment":[{"href":"https:\/\/www.europesays.com\/pl\/wp-json\/wp\/v2\/media?parent=175843"}],"wp:term":[{"taxonomy":"category","embeddable":true,"href":"https:\/\/www.europesays.com\/pl\/wp-json\/wp\/v2\/categories?post=175843"},{"taxonomy":"post_tag","embeddable":true,"href":"https:\/\/www.europesays.com\/pl\/wp-json\/wp\/v2\/tags?post=175843"}],"curies":[{"name":"wp","href":"https:\/\/api.w.org\/{rel}","templated":true}]}}