{"id":175914,"date":"2025-12-29T11:50:12","date_gmt":"2025-12-29T11:50:12","guid":{"rendered":"https:\/\/www.europesays.com\/pl\/175914\/"},"modified":"2025-12-29T11:50:12","modified_gmt":"2025-12-29T11:50:12","slug":"polscy-skoczkowie-mowili-jednym-glosem-oto-powod-fatalnego-treningu","status":"publish","type":"post","link":"https:\/\/www.europesays.com\/pl\/175914\/","title":{"rendered":"Polscy skoczkowie m\u00f3wili jednym g\u0142osem. Oto pow\u00f3d fatalnego treningu"},"content":{"rendered":"<p class=\"Paragraph_desktopParagraph__Fd2e9\">Korespondencja z Oberstdorfu<\/p>\n<p class=\"Paragraph_desktopParagraph__Fd2e9\">Cho\u0107 to ju\u017c kolejny sezon Pucharu \u015awiata, kt\u00f3ry polskich kibic\u00f3w zdecydowanie nie rozpieszcza, po spojrzeniu na wyniki niedzielnych trening\u00f3w w Oberstdorfie, z pewno\u015bci\u0105 zrzed\u0142y im miny. <\/p>\n<p class=\"VideoPlayerText_videoPlayerText__zrtJk\">Dalszy ci\u0105g materia\u0142u pod wideo<\/p>\n<p class=\"Paragraph_desktopParagraph__Fd2e9\">21., 25., 40., 43., 61. i 28., 31., 35., 42., 52. \u2014 to miejsca zajmowane przez polskich skoczk\u00f3w w obu seriach treningowych. Na szcz\u0119\u015bcie kwalifikacje przynios\u0142y powiew optymizmu. <a href=\"https:\/\/przegladsportowy.onet.pl\/sporty-zimowe\/skoki-narciarskie\/stoch-odniosl-sie-do-glosnego-wywiadu-wyszedlbym-bez-zebow\/h47t3zk\" id=\"54613d32-dee1-437c-a080-75cab1143237\" rel=\"nofollow noopener\" target=\"_blank\">Najwy\u017cej z Polak\u00f3w, na 14. miejscu uko\u0144czy\u0142 je Kamil Stoch, kt\u00f3ry jak sam m\u00f3wi, wrzuci\u0142 na luz<\/a>. Poprawili si\u0119 tak\u017ce 19. Maciej Kot, 22. Piotr \u017by\u0142a, a tak\u017ce 32. Pawe\u0142 W\u0105sek. Na podobnym poziomie we wszystkich trzech seriach skaka\u0142 Kacper Tomasiak, kt\u00f3ry zako\u0144czy\u0142 dzie\u0144 z 25. miejscem.<\/p>\n<p>\u017by\u0142a wprost: Jezus, Maria, trzeba si\u0119 obudzi\u0107!<\/p>\n<p class=\"Paragraph_desktopParagraph__Fd2e9\">Najwi\u0119kszy progres zanotowa\u0142 w niedzielnych kwalifikacjach \u017by\u0142a. W obu wcze\u015bniejszych seriach by\u0142 bliski zamkni\u0119cia listy wynik\u00f3w. Z Schattenbergschanze przywita\u0142 si\u0119 zaledwie 101-metrowym skokiem.<\/p>\n<p class=\"Paragraph_desktopParagraph__Fd2e9\">\u2014 Po \u015bwi\u0119tach g\u0142owa nie mia\u0142a kontaktu z nogami i w tym by\u0142 najwi\u0119kszy problem. Dzisiaj tylko troch\u0119 uda\u0142o si\u0119 rozbudzi\u0107, ale jestem zadowolony, bo uda\u0142o mi si\u0119 awansowa\u0107, a jutro jest nowy dzie\u0144. Bardzo si\u0119 z tego ciesz\u0119, bo by\u0142y to dla mnie trudne chwile \u2014 przyzna\u0142 wprost.<\/p>\n<p class=\"Paragraph_desktopParagraph__Fd2e9\">\u2014 Po tych dw\u00f3ch pierwszych skokach nie mia\u0142em w sobie za du\u017co cierpliwo\u015bci. Pomy\u015bla\u0142em: Jezus, Maria, trzeba si\u0119 obudzi\u0107! Ju\u017c po pierwszym skoku widzia\u0142em, \u017ce moja g\u0142owa nie do ko\u0144ca funkcjonuje tak jak trzeba i zacz\u0105\u0142em nad tym pracowa\u0107. W kwalifikacjach by\u0142o ju\u017c ciut lepiej, ale jeszcze nie by\u0142o takiego czucia jakbym chcia\u0142 \u2014 dodawa\u0142, podkre\u015blaj\u0105c raz jeszcze, \u017ce poniedzia\u0142ek przyniesie nowe otwarcie.<\/p>\n<p>M\u00f3wili jednym g\u0142osem<\/p>\n<p class=\"Paragraph_desktopParagraph__Fd2e9\">W podobnym tonie wypowiada\u0142 si\u0119 Maciej Kot. \u2014 Je\u015bli chodzi o skok kwalifikacyjny to jestem usatysfakcjonowany, ale je\u015bli mowa o treningowych&#8230; Trzeba by\u0142o si\u0119 troch\u0119 obudzi\u0107. Wiadomo, Turniej rz\u0105dzi si\u0119 swoimi prawami, wi\u0119c trzeba odpowiednio zarz\u0105dza\u0107 energi\u0105, si\u0142ami, wi\u0119c najwa\u017cniejsze, \u017ce ze skoku na skok by\u0142o coraz lepiej i to ten kwalifikacyjny by\u0142 dzi\u015b najlepszy \u2014 m\u00f3wi\u0142.<\/p>\n<p class=\"Paragraph_desktopParagraph__Fd2e9\">\u2014 Troch\u0119 zmartwi\u0142em si\u0119 po tym pierwszym skoku, bo je\u015bli chodzi o odczucia, nie by\u0142 on bardzo z\u0142y. By\u0142 poprawny, ale nie by\u0142o w nim energii, takiego, jak czasem m\u00f3wimy, jaja. Dlatego analiza by\u0142a taka, \u017ceby za bardzo nie szuka\u0107, nie kombinowa\u0107, nie zmienia\u0107, tylko skupi\u0107 si\u0119 na wi\u0119kszej aktywacji je\u015bli chodzi o energi\u0119 i odda\u0107 dobry skok, kt\u00f3ry jest zapisany w g\u0142owie \u2014 dodawa\u0142.<\/p>\n<p class=\"Paragraph_desktopParagraph__Fd2e9\">O tym, \u017ce skoki treningowe nie nastraja\u0142y zbyt pozytywnie, m\u00f3wi\u0142 tak\u017ce Pawe\u0142 W\u0105sek. \u2014 Na pewno troch\u0119 zachwia\u0142y pewno\u015bci\u0105 siebie, ale zdaje sobie spraw\u0119, \u017ce potrzebuj\u0119 kilku skok\u00f3w, \u017ceby si\u0119 w to &#8222;wskakiwa\u0107&#8221;, wi\u0119c na kwalifikacje jecha\u0142em z dobrym nastawieniem \u2014 us\u0142yszeli\u015bmy.<\/p>\n<p class=\"Paragraph_desktopParagraph__Fd2e9\">\u2014 Kontynuujemy ten sam pomys\u0142, tylko to troch\u0119 inna skocznia, wi\u0119c na nowo trzeba si\u0119 w tym wszystkim odnale\u017a\u0107. W zesz\u0142ym roku w kwalifikacjach te\u017c by\u0142o kiepsko, wi\u0119c mam nadziej\u0119, \u017ce finalnie b\u0119dzie powt\u00f3rka z zesz\u0142ego roku \u2014 dodawa\u0142. Przed rokiem to w\u0142a\u015bnie Oberstdorf by\u0142 dla niego miejscem prze\u0142amania. Ju\u017c teraz zdaje si\u0119, \u017ce po problematycznym pocz\u0105tku zimy, 26-latek wr\u00f3ci\u0142 na dobre tory.<\/p>\n<p class=\"Paragraph_desktopParagraph__Fd2e9\">\u2014 M\u00f3j cel na ten turniej to od pierwszych skok\u00f3w oddawa\u0107 takie, jakie zdarza\u0142y si\u0119 cho\u0107by w Klingenthal czy Engelbergu. Tak, \u017ceby nie szuka\u0107 wszystkiego na nowo, tylko z prostym rozwi\u0105zaniem na skoki i\u015b\u0107 na skoczni\u0119 i wykonywa\u0107 to z pewno\u015bci\u0105 siebie, co nie do ko\u0144ca si\u0119 udawa\u0142o \u2014 podkre\u015bla\u0142.<\/p>\n<p>Je\u015bli szuka\u0107 nadziei, to tutaj<\/p>\n<p class=\"Paragraph_desktopParagraph__Fd2e9\">Powolne rozkr\u0119canie si\u0119 i zdecydowanie lepsze rezultaty niedzielne od sobotnich latem sta\u0142y si\u0119 dla kadry Macieja Maciusiaka zupe\u0142nie typowym zjawiskiem. Zim\u0105 tendencja nie zawsze si\u0119 utrzymywa\u0142a, ale powtarza\u0142o si\u0119 jedno \u2014 Polacy mieli zazwyczaj trudne pocz\u0105tki na nowych obiektach. Gdy jeszcze jesieni\u0105 pytali\u015bmy szkoleniowca o t\u0119 kwesti\u0119, sam nie potrafi\u0142 tego do ko\u0144ca wyt\u0142umaczy\u0107.<\/p>\n<p class=\"Paragraph_desktopParagraph__Fd2e9\">Gdyby ten scenariusz mia\u0142by sprawdzi\u0107 si\u0119 tak\u017ce tym razem, oznacza\u0142oby to dla Bia\u0142o-Czerwonych szanse na ca\u0142kiem solidny konkurs. Z drugiej strony, nie raz przekonywali\u015bmy si\u0119 ju\u017c w tym sezonie, \u017ce jedna jask\u00f3\u0142ka wiosny nie czyni i po lepszych skokach, szybko zn\u00f3w wraca\u0142y te gorsze. <\/p>\n<p class=\"Paragraph_desktopParagraph__Fd2e9\">O tym, w kt\u00f3r\u0105 stron\u0119 zmierzaj\u0105 polskie skoki, przekonamy si\u0119 ju\u017c w poniedzia\u0142kowe popo\u0142udnie. Konkurs zaplanowano na godz. 16:30.<\/p>\n","protected":false},"excerpt":{"rendered":"Korespondencja z Oberstdorfu Cho\u0107 to ju\u017c kolejny sezon Pucharu \u015awiata, kt\u00f3ry polskich kibic\u00f3w zdecydowanie nie rozpieszcza, po spojrzeniu&hellip;\n","protected":false},"author":2,"featured_media":175915,"comment_status":"","ping_status":"","sticky":false,"template":"","format":"standard","meta":{"footnotes":""},"categories":[5],"tags":[32,33,36,37,27,67,34,35,746,14478,28,31,25,14480,3102,42,38,40,39,41,136,128,24409,47,1874,135,29,30,28548,26],"class_list":{"0":"post-175914","1":"post","2":"type-post","3":"status-publish","4":"format-standard","5":"has-post-thumbnail","7":"category-naglowki","8":"tag-breaking-news","9":"tag-breakingnews","10":"tag-featured-news","11":"tag-featurednews","12":"tag-headlines","13":"tag-intextvideo_splayer","14":"tag-latest-news","15":"tag-latestnews","16":"tag-lysy","17":"tag-maciej_kot","18":"tag-naglowki","19":"tag-najwazniejsze-artykuly","20":"tag-news","21":"tag-pawel_wasek","22":"tag-piotr_zyla","23":"tag-pl","24":"tag-poland","25":"tag-polish","26":"tag-polska","27":"tag-polski","28":"tag-ps_detal_new","29":"tag-psv2","30":"tag-puchar_swiata","31":"tag-screening_general","32":"tag-skoki_narciarskie","33":"tag-sport_sport","34":"tag-top-stories","35":"tag-topstories","36":"tag-turniej_czterech_skoczni","37":"tag-wiadomosci"},"share_on_mastodon":{"url":"https:\/\/pubeurope.com\/@pl\/115802709953150837","error":""},"_links":{"self":[{"href":"https:\/\/www.europesays.com\/pl\/wp-json\/wp\/v2\/posts\/175914","targetHints":{"allow":["GET"]}}],"collection":[{"href":"https:\/\/www.europesays.com\/pl\/wp-json\/wp\/v2\/posts"}],"about":[{"href":"https:\/\/www.europesays.com\/pl\/wp-json\/wp\/v2\/types\/post"}],"author":[{"embeddable":true,"href":"https:\/\/www.europesays.com\/pl\/wp-json\/wp\/v2\/users\/2"}],"replies":[{"embeddable":true,"href":"https:\/\/www.europesays.com\/pl\/wp-json\/wp\/v2\/comments?post=175914"}],"version-history":[{"count":0,"href":"https:\/\/www.europesays.com\/pl\/wp-json\/wp\/v2\/posts\/175914\/revisions"}],"wp:featuredmedia":[{"embeddable":true,"href":"https:\/\/www.europesays.com\/pl\/wp-json\/wp\/v2\/media\/175915"}],"wp:attachment":[{"href":"https:\/\/www.europesays.com\/pl\/wp-json\/wp\/v2\/media?parent=175914"}],"wp:term":[{"taxonomy":"category","embeddable":true,"href":"https:\/\/www.europesays.com\/pl\/wp-json\/wp\/v2\/categories?post=175914"},{"taxonomy":"post_tag","embeddable":true,"href":"https:\/\/www.europesays.com\/pl\/wp-json\/wp\/v2\/tags?post=175914"}],"curies":[{"name":"wp","href":"https:\/\/api.w.org\/{rel}","templated":true}]}}