{"id":175942,"date":"2025-12-29T12:05:07","date_gmt":"2025-12-29T12:05:07","guid":{"rendered":"https:\/\/www.europesays.com\/pl\/175942\/"},"modified":"2025-12-29T12:05:07","modified_gmt":"2025-12-29T12:05:07","slug":"pedersen-zadowolony-ze-motor-nie-obronil-zlota-wbija-szpile-pge-ekstralidze","status":"publish","type":"post","link":"https:\/\/www.europesays.com\/pl\/175942\/","title":{"rendered":"Pedersen zadowolony, \u017ce Motor nie obroni\u0142 z\u0142ota. Wbija szpil\u0119 PGE Ekstralidze"},"content":{"rendered":"<p class=\"Paragraph_desktopParagraph__Fd2e9\">Lublinianie chcieli nawi\u0105za\u0107 do wyczynu Fogo Unii Leszno, kt\u00f3ra w latach 2017-2020 a\u017c czterokrotnie z rz\u0119du cieszy\u0142a si\u0119 z triumfu w PGE Ekstralidze. W 2021 roku z\u0142oto trafi\u0142o do Betard Sparty Wroc\u0142aw, natomiast kolejne trzy sezony nale\u017ca\u0142y do &#8222;Kozio\u0142k\u00f3w&#8221;. Motor by\u0142 r\u00f3wnie\u017c jednym z faworyt\u00f3w do najwy\u017cszego stopnia podium w minionych rozgrywkach i by\u0142 o krok od wyr\u00f3wnania osi\u0105gni\u0119cia &#8222;Byk\u00f3w&#8221;. Uda\u0142o si\u0119 bowiem awansowa\u0107 do fina\u0142u play-off, ale w decyduj\u0105cym dwumeczu lepsi okazali si\u0119 torunianie, kt\u00f3rzy odzyskali prymat po 17 latach przerwy.<\/p>\n<p class=\"VideoPlayerText_videoPlayerText__zrtJk\">Dalszy ci\u0105g materia\u0142u pod wideo<\/p>\n<p class=\"Paragraph_desktopParagraph__Fd2e9\">Zobacz tak\u017ce: <a href=\"https:\/\/przegladsportowy.onet.pl\/zuzel\/1-liga-zuzlowa\/co-dalej-z-kariera-nickiego-pedersena-zaskakujaca-deklaracja-dunczyka\/cr9xh78\" id=\"efa6abbd-67eb-40b5-898d-b9c625db0abf\" rel=\"nofollow noopener\" target=\"_blank\">Co dalej z karier\u0105 Nickiego Pedersena? Zaskakuj\u0105ca deklaracja Du\u0144czyka!<\/a><\/p>\n<p class=\"Paragraph_desktopParagraph__Fd2e9\">Podopiecznym Jacka Zi\u00f3\u0142kowskiego oraz Macieja Kuciapy pozosta\u0142o cieszy\u0107 si\u0119 &#8222;tylko&#8221; ze srebra, co z pewno\u015bci\u0105 odebrano w Kozim Grodzie z lekkim niedosytem. Przerwana hegemonia Motoru ucieszy\u0142a jednak m.in. Nickiego Pedersena, kt\u00f3ry przygl\u0105da\u0142 si\u0119 tej rywalizacji z perspektywy kibica. Du\u0144czyk nie jest zaskoczony, \u017ce to w\u0142a\u015bnie Apator Toru\u0144 wywalczy\u0142 z\u0142oto.<\/p>\n<p class=\"Paragraph_desktopParagraph__Fd2e9\">\u2014 C\u00f3\u017c, taki jest urok \u017cu\u017cla. Wszystko mo\u017ce si\u0119 wydarzy\u0107 na torze. Przygl\u0105da\u0142em si\u0119 jak minionej zimy Toru\u0144 bardzo zgrabnie konstruuje sw\u00f3j zesp\u00f3\u0142. Widzia\u0142em potencja\u0142 drzemi\u0105cy w tej dru\u017cynie. Chc\u0119 podkre\u015bli\u0107, \u017ce dla dobra polskiego ligowego krajobrazu, dobrze sta\u0142o si\u0119, \u017ce Lublin nie obroni\u0142 mistrzowskiego tytu\u0142u. To by\u0142oby zbyt nudne, gdyby Motor co roku si\u0119ga\u0142 po z\u0142oto. Ka\u017cda dyscyplina sportu nie przepada za hegemoni\u0105. Musi by\u0107 zmiana, r\u00f3\u017cnorodno\u015b\u0107. Przed sezonem nie mia\u0142em faworyta w walce o tytu\u0142 dru\u017cynowego mistrza Polski, ale uwa\u017cam, \u017ce to dobrze dla speedwaya, \u017ce Toru\u0144 si\u0119gn\u0105\u0142 po z\u0142oty medal \u2014 rzek\u0142 Pedersen w wywiadzie dla Polsatu Sport.<\/p>\n<p>&#8222;Tak niewiele trzeba, \u017ceby wygra\u0107 wy\u015bcig w Ekstralidze&#8221;<\/p>\n<p class=\"Paragraph_desktopParagraph__Fd2e9\">Pedersen w rozmowie z Tomaszem Lorkiem poruszy\u0142 r\u00f3wnie\u017c temat przygotowania tor\u00f3w na mecze PGE Ekstraligi. Jego zdaniem przykuwa si\u0119 zbyt du\u017c\u0105 uwag\u0119 nawierzchniom, podczas gdy prawdziwy kunszt \u017cu\u017clowca poznaje si\u0119 po je\u017adzie na wymagaj\u0105cym owalu. Dotyczy to zw\u0142aszcza m\u0142odych zawodnik\u00f3w.<\/p>\n<p class=\"Paragraph_desktopParagraph__Fd2e9\">\u2014 Tak s\u0105dz\u0119. Z pewno\u015bci\u0105 stajesz si\u0119 lepszym zawodnikiem je\u017celi masz przed sob\u0105 wyzwanie. Sp\u00f3jrz na dzisiejszy \u017cu\u017cel w Polsce. Du\u017ce, d\u0142ugie tory z bezpieczn\u0105 nawierzchni\u0105 bez dziur premiuj\u0105 junior\u00f3w, kt\u00f3rzy nie musz\u0105 by\u0107 \u015bwietnie wyszkoleni technicznie. Istotne, aby dysponowali szybkim sprz\u0119tem. Pe\u0142na kita, manetka na maksimum i gra muzyka. Tak niewiele dzi\u015b wystarczy, aby wygrywa\u0107 wy\u015bcigi w polskiej ekstralidze \u2014 skwitowa\u0142 Skandynaw.<\/p>\n<p class=\"Paragraph_desktopParagraph__Fd2e9\">Pedersen, mimo 48 lat na karku, wci\u0105\u017c nie ko\u0144czy kariery \u017cu\u017clowej. W minionym sezonie reprezentowa\u0142 barwy InnPro ROW-u Rybnik. Jego \u015brednia biegowa wynios\u0142a 1,583. To w\u0142a\u015bnie do niego nale\u017cy rekord PGE Ekstraligi pod tym wzgl\u0119dem, kt\u00f3ry ustanowi\u0142 w 2008 roku jako zawodnik W\u0142\u00f3kniarza Cz\u0119stochowa. W\u00f3wczas jego \u015brednia biegowa wynios\u0142a 2,775.<\/p>\n","protected":false},"excerpt":{"rendered":"Lublinianie chcieli nawi\u0105za\u0107 do wyczynu Fogo Unii Leszno, kt\u00f3ra w latach 2017-2020 a\u017c czterokrotnie z rz\u0119du cieszy\u0142a si\u0119&hellip;\n","protected":false},"author":2,"featured_media":175943,"comment_status":"","ping_status":"","sticky":false,"template":"","format":"standard","meta":{"footnotes":""},"categories":[24],"tags":[173,67,3624,3625,3051,175,42,38,40,39,41,136,128,47,127,135,126,174],"class_list":{"0":"post-175942","1":"post","2":"type-post","3":"status-publish","4":"format-standard","5":"has-post-thumbnail","7":"category-sport","8":"tag-ekstraliga","9":"tag-intextvideo_splayer","10":"tag-ks_torun","11":"tag-motor_lublin","12":"tag-nicki_pedersen","13":"tag-pge_ekstraliga","14":"tag-pl","15":"tag-poland","16":"tag-polish","17":"tag-polska","18":"tag-polski","19":"tag-ps_detal_new","20":"tag-psv2","21":"tag-screening_general","22":"tag-sport","23":"tag-sport_sport","24":"tag-sports","25":"tag-zuzel"},"share_on_mastodon":{"url":"https:\/\/pubeurope.com\/@pl\/115802769056438461","error":""},"_links":{"self":[{"href":"https:\/\/www.europesays.com\/pl\/wp-json\/wp\/v2\/posts\/175942","targetHints":{"allow":["GET"]}}],"collection":[{"href":"https:\/\/www.europesays.com\/pl\/wp-json\/wp\/v2\/posts"}],"about":[{"href":"https:\/\/www.europesays.com\/pl\/wp-json\/wp\/v2\/types\/post"}],"author":[{"embeddable":true,"href":"https:\/\/www.europesays.com\/pl\/wp-json\/wp\/v2\/users\/2"}],"replies":[{"embeddable":true,"href":"https:\/\/www.europesays.com\/pl\/wp-json\/wp\/v2\/comments?post=175942"}],"version-history":[{"count":0,"href":"https:\/\/www.europesays.com\/pl\/wp-json\/wp\/v2\/posts\/175942\/revisions"}],"wp:featuredmedia":[{"embeddable":true,"href":"https:\/\/www.europesays.com\/pl\/wp-json\/wp\/v2\/media\/175943"}],"wp:attachment":[{"href":"https:\/\/www.europesays.com\/pl\/wp-json\/wp\/v2\/media?parent=175942"}],"wp:term":[{"taxonomy":"category","embeddable":true,"href":"https:\/\/www.europesays.com\/pl\/wp-json\/wp\/v2\/categories?post=175942"},{"taxonomy":"post_tag","embeddable":true,"href":"https:\/\/www.europesays.com\/pl\/wp-json\/wp\/v2\/tags?post=175942"}],"curies":[{"name":"wp","href":"https:\/\/api.w.org\/{rel}","templated":true}]}}