{"id":176058,"date":"2025-12-29T13:06:14","date_gmt":"2025-12-29T13:06:14","guid":{"rendered":"https:\/\/www.europesays.com\/pl\/176058\/"},"modified":"2025-12-29T13:06:14","modified_gmt":"2025-12-29T13:06:14","slug":"polsko-rosyjska-grupa-podejrzana-o-przemyt-drewna-grozi-im-do-30-lat-wiezienia","status":"publish","type":"post","link":"https:\/\/www.europesays.com\/pl\/176058\/","title":{"rendered":"Polsko-rosyjska grupa podejrzana o przemyt drewna. Grozi im do 30 lat wi\u0119zienia"},"content":{"rendered":"<p data-section=\"detail-body\">Pi\u0119\u0107 os\u00f3b, w tym trzech Polak\u00f3w i dw\u00f3ch obywateli Rosji, us\u0142ysza\u0142o zarzuty zwi\u0105zane z \u0142amaniem unijnych sankcji na import produkt\u00f3w drzewnych z Rosji i Bia\u0142orusi. Prokuratura Okr\u0119gowa w Gda\u0144sku poinformowa\u0142a, \u017ce proceder trwa\u0142 w latach 2022-2024, a podejrzanym grozi od 3 do 30 lat wi\u0119zienia.<\/p>\n<p class=\"article_p\" data-section=\"detail-body\">\u015aledztwo prowadzone przez Morski Oddzia\u0142 Stra\u017cy Granicznej w Gda\u0144sku oraz Pomorski Urz\u0105d Celno-Skarbowy w Gdyni ujawni\u0142o, \u017ce grupa stosowa\u0142a r\u00f3\u017cne mechanizmy maj\u0105ce na celu obej\u015bcie zakaz\u00f3w na\u0142o\u017conych przez Uni\u0119 Europejsk\u0105 w zwi\u0105zku z rosyjsk\u0105 agresj\u0105 na Ukrain\u0119.<\/p>\n<p class=\"article_p\" data-section=\"detail-body\">Dalsza cz\u0119\u015b\u0107 artyku\u0142u pod materia\u0142em wideo:<\/p>\n<p class=\"article_p\" data-section=\"detail-body\">Jak podkre\u015bli\u0142 rzecznik gda\u0144skiej prokuratury, Mariusz Duszy\u0144ski, podejrzani fa\u0142szowali dokumentacj\u0119 handlow\u0105, pozoruj\u0105c, \u017ce drewno pochodzi z Kazachstanu lub Turcji, a tak\u017ce manipulowali kodami taryfikacji celnej, by ukry\u0107 prawdziwe \u017ar\u00f3d\u0142o pochodzenia towar\u00f3w.<\/p>\n<p>            Czytaj tak\u017ce w BUSINESS INSIDER<\/p>\n<p>        Skomplikowany proceder i mi\u0119dzynarodowa wsp\u00f3\u0142praca<\/p>\n<p class=\"article_p\" data-section=\"detail-body\">\u015aledztwo w tej sprawie opiera\u0142o si\u0119 na szerokiej analizie dokumentacji oraz wsp\u00f3\u0142pracy mi\u0119dzynarodowej. Kluczowe dowody dostarczono dzi\u0119ki Europejskiemu Urz\u0119dowi ds. Zwalczania Nadu\u017cy\u0107 Finansowych (OLAF), raportom Komisji Europejskiej oraz materia\u0142om uzyskanym z Kazachstanu. Prokuratura wskazuje r\u00f3wnie\u017c na znaczenie bada\u0144 pr\u00f3bek drewna oraz danych z ponad 100 no\u015bnik\u00f3w informatycznych, kt\u00f3re pozwoli\u0142y na zrekonstruowanie mechanizm\u00f3w dzia\u0142ania grupy.<\/p>\n<p class=\"article_p\" data-section=\"detail-body\">18 grudnia funkcjonariusze s\u0142u\u017cb zatrzymali pi\u0119\u0107 os\u00f3b zaanga\u017cowanych w proceder. W\u015br\u00f3d nich znale\u017ali si\u0119 64-letni Franciszek B., 48-letni Marian K., 56-letni Piotr K., 43-letni Aleksandr P. oraz 57-letni Siergiej M. <\/p>\n<p class=\"article_p\" data-section=\"detail-body\">Czytaj tak\u017ce: <a href=\"https:\/\/businessinsider.com.pl\/wiadomosci\/nowe-sankcje-usa-zaczely-dzialac-chiny-rezygnuja-z-rosyjskiej-ropy\/bhxzhm3\" id=\"8871999b-63e3-4793-ab1e-1e4b5d22dba9\" rel=\"nofollow noopener\" target=\"_blank\">Tak dzia\u0142aj\u0105 nowe sankcje USA. Analitycy obliczyli, ile traci Rosja<\/a><\/p>\n<p class=\"article_p\" data-section=\"detail-body\">Zatrzymani zostali doprowadzeni do gda\u0144skiej prokuratury, gdzie us\u0142yszeli zarzuty zwi\u0105zane ze sprowadzaniem do Polski drewna obj\u0119tego sankcjami oraz naruszaniem przepis\u00f3w ustawy o przeciwdzia\u0142aniu wspieraniu agresji na Ukrain\u0119.<\/p>\n<p>        Decyzja s\u0105du i dalsze kroki \u015bledztwa<\/p>\n<p class=\"article_p\" data-section=\"detail-body\">Prokuratura wnioskowa\u0142a o tymczasowe aresztowanie podejrzanych na trzy miesi\u0105ce, jednak s\u0105d odrzuci\u0142 ten wniosek. W odpowiedzi \u015bledczy z\u0142o\u017cyli za\u017calenie na decyzj\u0119 s\u0105du. Jak zaznacza prokuratura, dochodzenie w sprawie trwa, a niewykluczone jest postawienie zarzut\u00f3w kolejnym osobom.<\/p>\n<p class=\"article_p\" data-section=\"detail-body\">Czytaj tak\u017ce: <a href=\"https:\/\/businessinsider.com.pl\/gospodarka\/sankcje-na-rosje-stany-zjednoczone-groza-nowymi-sposobami\/l9hd25w\" id=\"634d40a6-1f3f-46c6-8f65-40b4b7359cd7\" rel=\"nofollow noopener\" target=\"_blank\">USA gro\u017c\u0105 Rosji kolejnymi sankcjami. Donald Trump naciska na Europ\u0119<\/a><\/p>\n<p class=\"article_p\" data-section=\"detail-body\">Za \u0142amanie unijnych sankcji oraz inne zarzucane czyny podejrzanym gro\u017c\u0105 kary od 3 do 30 lat pozbawienia wolno\u015bci. \u015aledczy podkre\u015blaj\u0105, \u017ce sprawa ma charakter rozwojowy i wymaga dalszej wsp\u00f3\u0142pracy na szczeblu mi\u0119dzynarodowym.<\/p>\n","protected":false},"excerpt":{"rendered":"Pi\u0119\u0107 os\u00f3b, w tym trzech Polak\u00f3w i dw\u00f3ch obywateli Rosji, us\u0142ysza\u0142o zarzuty zwi\u0105zane z \u0142amaniem unijnych sankcji na&hellip;\n","protected":false},"author":2,"featured_media":176059,"comment_status":"","ping_status":"","sticky":false,"template":"","format":"standard","meta":{"footnotes":""},"categories":[12],"tags":[32,33,36,37,27,34,35,28,31,25,42,38,40,39,41,29,30,26],"class_list":{"0":"post-176058","1":"post","2":"type-post","3":"status-publish","4":"format-standard","5":"has-post-thumbnail","7":"category-polska","8":"tag-breaking-news","9":"tag-breakingnews","10":"tag-featured-news","11":"tag-featurednews","12":"tag-headlines","13":"tag-latest-news","14":"tag-latestnews","15":"tag-naglowki","16":"tag-najwazniejsze-artykuly","17":"tag-news","18":"tag-pl","19":"tag-poland","20":"tag-polish","21":"tag-polska","22":"tag-polski","23":"tag-top-stories","24":"tag-topstories","25":"tag-wiadomosci"},"share_on_mastodon":{"url":"https:\/\/pubeurope.com\/@pl\/115803008804548859","error":""},"_links":{"self":[{"href":"https:\/\/www.europesays.com\/pl\/wp-json\/wp\/v2\/posts\/176058","targetHints":{"allow":["GET"]}}],"collection":[{"href":"https:\/\/www.europesays.com\/pl\/wp-json\/wp\/v2\/posts"}],"about":[{"href":"https:\/\/www.europesays.com\/pl\/wp-json\/wp\/v2\/types\/post"}],"author":[{"embeddable":true,"href":"https:\/\/www.europesays.com\/pl\/wp-json\/wp\/v2\/users\/2"}],"replies":[{"embeddable":true,"href":"https:\/\/www.europesays.com\/pl\/wp-json\/wp\/v2\/comments?post=176058"}],"version-history":[{"count":0,"href":"https:\/\/www.europesays.com\/pl\/wp-json\/wp\/v2\/posts\/176058\/revisions"}],"wp:featuredmedia":[{"embeddable":true,"href":"https:\/\/www.europesays.com\/pl\/wp-json\/wp\/v2\/media\/176059"}],"wp:attachment":[{"href":"https:\/\/www.europesays.com\/pl\/wp-json\/wp\/v2\/media?parent=176058"}],"wp:term":[{"taxonomy":"category","embeddable":true,"href":"https:\/\/www.europesays.com\/pl\/wp-json\/wp\/v2\/categories?post=176058"},{"taxonomy":"post_tag","embeddable":true,"href":"https:\/\/www.europesays.com\/pl\/wp-json\/wp\/v2\/tags?post=176058"}],"curies":[{"name":"wp","href":"https:\/\/api.w.org\/{rel}","templated":true}]}}