{"id":176073,"date":"2025-12-29T13:14:10","date_gmt":"2025-12-29T13:14:10","guid":{"rendered":"https:\/\/www.europesays.com\/pl\/176073\/"},"modified":"2025-12-29T13:14:10","modified_gmt":"2025-12-29T13:14:10","slug":"setki-milionow-dla-tarnowa-pomoga-w-obronie-antydronowej","status":"publish","type":"post","link":"https:\/\/www.europesays.com\/pl\/176073\/","title":{"rendered":"Setki milion\u00f3w dla Tarnowa. Pomog\u0105 w obronie antydronowej"},"content":{"rendered":"<p>   <a href=\"https:\/\/defence24.pl\/strona-autora\/michal-gorski\" target=\"_self\" class=\"article-author__wrap\" rel=\"nofollow noopener\"><img loading=\"lazy\" decoding=\"async\" src=\"https:\/\/www.europesays.com\/pl\/wp-content\/uploads\/2025\/12\/ge4jmM8CNtrRQjsu4VAxBgw20CW2ZrOZExXw5EIH.2ban.jpg\" alt=\"\"  width=\"100\" height=\"100\" author=\"Robert Suchy\/Defence24\" caption=\"\" fullscreen=\"https:\/\/cdn.defence24.pl\/2025\/12\/03\/1920xpx\/ge4jmM8CNtrRQjsu4VAxBgw20CW2ZrOZExXw5EIH.gsgw.jpg\" class=\"img article-author__avatar img-avatar\"\/><br \/>\n          Micha\u0142 G\u00f3rski<br \/>\n        <\/a>  <\/p>\n<p>Zak\u0142ady Mechaniczne \u201eTarn\u00f3w\u201d staj\u0105 si\u0119 producentem ca\u0142ych system\u00f3w obrony powietrznej dla Polski i jej sojusznik\u00f3w. Dokapitalizowanie firmy kwot\u0105 310 milion\u00f3w z\u0142otych og\u0142osi\u0142 w\u0142a\u015bnie wicepremier, szef MON W\u0142adys\u0142aw Kosiniak-Kamysz.<\/p>\n<p>  <img decoding=\"async\" src=\"https:\/\/www.europesays.com\/pl\/wp-content\/uploads\/2025\/12\/PZzWkAHLl4XyuQHu3UHrpv9NsHCqqlvWFglGwcB0.cjvx.jpg\" alt=\"\"  width=\"800\" height=\"450\" author=\"MON\/X\" fetchpriority=\"high\" class=\"img image-with-caption__image\"\/><br \/>\n        Autor. MON\/X<\/p>\n<p class=\"paragraph-module\">W poniedzia\u0142ek 29 grudnia w Tarnowie dosz\u0142o do uroczystego podpisania umowy na realizacj\u0119 projektu inwestycyjnego w Zak\u0142adach Mechanicznych \u201eTarn\u00f3w\u201d S.A.<\/p>\n<p class=\"paragraph-module\">\u201eDzi\u015b jest szczeg\u00f3lny dzie\u0144 dla Zak\u0142ad\u00f3w Mechanicznych Tarn\u00f3w. Wchodz\u0105 one na nowy, wy\u017cszy poziom. Staj\u0105 si\u0119 nie tylko zak\u0142adem produkuj\u0105cym karabiny i granatniki, ale producentem ca\u0142ych system\u00f3w przeciwdronowych, przeciwlotniczych \u2013 obrony powietrznej dla Polski i jej sojusznik\u00f3w\u201d &#8211; powiedzia\u0142 minister obrony narodowej, W\u0142adys\u0142aw Kosiniak-Kamysz.<\/p>\n<blockquote class=\"twitter-tweet\">\n<p lang=\"pl\" dir=\"ltr\">Wicepremier <a href=\"https:\/\/twitter.com\/KosiniakKamysz?ref_src=twsrc%5Etfw\" rel=\"nofollow noopener\" target=\"_blank\">@KosiniakKamysz<\/a>: Tarn\u00f3w staje si\u0119 istotn\u0105 mark\u0105 <a href=\"https:\/\/twitter.com\/PGZ_pl?ref_src=twsrc%5Etfw\" rel=\"nofollow noopener\" target=\"_blank\">@PGZ_pl<\/a>. (\u2026) W Tarnowie trwa monta\u017c systemu Pilica i Narew. Dla Tarnowa to wielka szansa na rozw\u00f3j. Zwi\u0119kszamy wydatki na bezpiecze\u0144stwo, na obronno\u015b\u0107. Polska jest bezpieczniejsza. B\u0119dziemy dalej inwestowa\u0107 nie tylko w\u2026<\/p>\n<p>\u2014 Ministerstwo Obrony Narodowej \ud83c\uddf5\ud83c\uddf1 (@MON_GOV_PL) <a href=\"https:\/\/twitter.com\/MON_GOV_PL\/status\/2005560681521692942?ref_src=twsrc%5Etfw\" rel=\"nofollow noopener\" target=\"_blank\">December 29, 2025<\/a><\/p><\/blockquote>\n<p class=\"paragraph-module\">Wicepremier polskiego rz\u0105du og\u0142osi\u0142 podniesienie kapita\u0142u zak\u0142adowego firmy na rzecz rozwoju przemys\u0142u zbrojeniowego w Polsce. Zak\u0142ady w Tarnowie zostan\u0105 dokapitalizowane kwot\u0105 310 milion\u00f3w z\u0142otych (oko\u0142o 200 milion\u00f3w jeszcze w tym roku, reszta kwoty na pocz\u0105tku 2026 r. \u2013 red.). W Tarnowie powstanie te\u017c nowa hala produkcyjna o powierzchni 8 tys. metr\u00f3w kwadratowych (200 nowych maszyn).<\/p>\n<p>  Kolejne inwestycje  <\/p>\n<p class=\"paragraph-module\">Inwestycje poczynione w Tarnowie sprawiaj\u0105, \u017ce \u2013 jak zauwa\u017cy\u0142 W\u0142adys\u0142aw Kosiniak-Kamysz \u2013 zak\u0142ady odpowiadaj\u0105 dzi\u015b nie tylko za produkcj\u0119 poszczeg\u00f3lnych komponent\u00f3w, ale ju\u017c ca\u0142ych system\u00f3w (Systemy Pilica i Narew \u2013 red.). Wi\u0119cej na temat tych pierwszych system\u00f3w (dok\u0142adnie Pilicy+) <a href=\"https:\/\/defence24.pl\/przemysl\/przeciwlotnicza-pilica-za-chwile\" rel=\"nofollow noopener\" target=\"_blank\">m\u00f3wiono w Tarnowie w sierpniu br.<\/a>.<\/p>\n<p class=\"paragraph-module\">Lista tworzonych system\u00f3w ma si\u0119 powi\u0119kszy\u0107. Za kilka dni w Tarnowie ma doj\u015b\u0107 do og\u0142oszenia kolejnych inwestycji. Tym razem chodzi\u0107 ma o umow\u0119 na system obrony przeciwdronowej dla Polski. Prawdopodobnie w ramach <a href=\"https:\/\/defence24.pl\/polityka-obronna\/sztab-generalny-ujawnia-szczegoly-programu-antydronowego-lasery-i-mikrofale-wywiad\" rel=\"nofollow noopener\" target=\"_blank\">programu San<\/a>, o kt\u00f3rym w wywiadzie dla Defence24.pl m\u00f3wi\u0142 zast\u0119pca szefa Sztabu Generalnego gen. broni Stanis\u0142aw Czosnek. W konsorcjum ma uczestniczy\u0107 kilka polskich firm. Podczas konferencji nie wykluczono te\u017c dzia\u0142a\u0144 eksportowych (wskazano kierunek turecki \u2013 red.).<\/p>\n<p class=\"paragraph-module\">Zak\u0142ady w Tarnowie stanowi\u0105 cz\u0119\u015b\u0107 Grupy Kapita\u0142owej PGZ. Zatrudniaj\u0105 ponad 1000 os\u00f3b. Przedmiotem dzia\u0142alno\u015bci sp\u00f3\u0142ki jest przede wszystkim produkcja uzbrojenia i sprz\u0119tu wojskowego, mi\u0119dzy innymi broni strzeleckiej, w tym karabin\u00f3w wyborowych i maszynowych, lekkich mo\u017adzierzy, a tak\u017ce zdalnie sterowanych modu\u0142\u00f3w uzbrojenia, zestaw\u00f3w przeciwlotniczych bardzo kr\u00f3tkiego zasi\u0119gu oraz system\u00f3w kontenerowych.<\/p>\n<p>    <script async src=\"https:\/\/platform.twitter.com\/widgets.js\" charset=\"utf-8\"><\/script><\/p>\n","protected":false},"excerpt":{"rendered":"Micha\u0142 G\u00f3rski Zak\u0142ady Mechaniczne \u201eTarn\u00f3w\u201d staj\u0105 si\u0119 producentem ca\u0142ych system\u00f3w obrony powietrznej dla Polski i jej sojusznik\u00f3w. Dokapitalizowanie&hellip;\n","protected":false},"author":2,"featured_media":176074,"comment_status":"","ping_status":"","sticky":false,"template":"","format":"standard","meta":{"footnotes":""},"categories":[5],"tags":[32,33,36,37,27,34,35,1587,28,31,15605,25,5521,15603,42,38,40,39,41,13353,5044,16903,29,30,26,6525,34576],"class_list":{"0":"post-176073","1":"post","2":"type-post","3":"status-publish","4":"format-standard","5":"has-post-thumbnail","7":"category-naglowki","8":"tag-breaking-news","9":"tag-breakingnews","10":"tag-featured-news","11":"tag-featurednews","12":"tag-headlines","13":"tag-latest-news","14":"tag-latestnews","15":"tag-mon","16":"tag-naglowki","17":"tag-najwazniejsze-artykuly","18":"tag-narew","19":"tag-news","20":"tag-pgz","21":"tag-pilica","22":"tag-pl","23":"tag-poland","24":"tag-polish","25":"tag-polska","26":"tag-polski","27":"tag-przemysl-zbrojeniowy","28":"tag-systemy-antydronowe","29":"tag-tarnow","30":"tag-top-stories","31":"tag-topstories","32":"tag-wiadomosci","33":"tag-wladyslaw-kosiniak-kamysz","34":"tag-zaklady-mechaniczne-tarnow"},"share_on_mastodon":{"url":"https:\/\/pubeurope.com\/@pl\/115803040264261482","error":""},"_links":{"self":[{"href":"https:\/\/www.europesays.com\/pl\/wp-json\/wp\/v2\/posts\/176073","targetHints":{"allow":["GET"]}}],"collection":[{"href":"https:\/\/www.europesays.com\/pl\/wp-json\/wp\/v2\/posts"}],"about":[{"href":"https:\/\/www.europesays.com\/pl\/wp-json\/wp\/v2\/types\/post"}],"author":[{"embeddable":true,"href":"https:\/\/www.europesays.com\/pl\/wp-json\/wp\/v2\/users\/2"}],"replies":[{"embeddable":true,"href":"https:\/\/www.europesays.com\/pl\/wp-json\/wp\/v2\/comments?post=176073"}],"version-history":[{"count":0,"href":"https:\/\/www.europesays.com\/pl\/wp-json\/wp\/v2\/posts\/176073\/revisions"}],"wp:featuredmedia":[{"embeddable":true,"href":"https:\/\/www.europesays.com\/pl\/wp-json\/wp\/v2\/media\/176074"}],"wp:attachment":[{"href":"https:\/\/www.europesays.com\/pl\/wp-json\/wp\/v2\/media?parent=176073"}],"wp:term":[{"taxonomy":"category","embeddable":true,"href":"https:\/\/www.europesays.com\/pl\/wp-json\/wp\/v2\/categories?post=176073"},{"taxonomy":"post_tag","embeddable":true,"href":"https:\/\/www.europesays.com\/pl\/wp-json\/wp\/v2\/tags?post=176073"}],"curies":[{"name":"wp","href":"https:\/\/api.w.org\/{rel}","templated":true}]}}