{"id":176075,"date":"2025-12-29T13:15:09","date_gmt":"2025-12-29T13:15:09","guid":{"rendered":"https:\/\/www.europesays.com\/pl\/176075\/"},"modified":"2025-12-29T13:15:09","modified_gmt":"2025-12-29T13:15:09","slug":"ronaldo-przyznal-to-publicznie-jest-moim-wzorem","status":"publish","type":"post","link":"https:\/\/www.europesays.com\/pl\/176075\/","title":{"rendered":"Ronaldo przyzna\u0142 to publicznie. &#8222;Jest moim wzorem&#8221;"},"content":{"rendered":"\n<p class=\"contentpart contentpart--default contentpart--text\" data-position=\"0\">W niedziel\u0119 w Dubaju odby\u0142a si\u0119 gala\u00a0Globe Soccer Awards. <a href=\"https:\/\/sportowefakty.wp.pl\/pilka-nozna\/cristiano-ronaldo\" rel=\"nofollow noopener\" target=\"_blank\">Cristiano Ronaldo<\/a>\u00a0zosta\u0142\u00a0nagrodzony w kategorii &#8222;Najlepszy Pi\u0142karz Bliskiego Wschodu&#8221;.<\/p>\n<p class=\"contentpart contentpart--default contentpart--text\" data-position=\"1\">P\u00f3\u017aniej pi\u0142karz <a href=\"https:\/\/sportowefakty.wp.pl\/pilka-nozna\/al-nassr\" rel=\"nofollow noopener\" target=\"_blank\">Al-Nassr<\/a>\u00a0pe\u0142ni\u0142 inn\u0105 rol\u0119 w tym wydarzeniu i wr\u0119czy\u0142 nagrod\u0119 za ca\u0142okszta\u0142t kariery <a href=\"https:\/\/sportowefakty.wp.pl\/tenis\/novak-djokovic\" rel=\"nofollow noopener\" target=\"_blank\">Novakowi Djokoviciowi<\/a>\u00a0&#8211; jednemu z najlepszych tenisist\u00f3w w historii. Przy tej okazji z du\u017cym szacunkiem m\u00f3wi\u0142 o dokonaniach Serba.<\/p>\n<p> <img role=\"presentation\" src=\"https:\/\/std.wpcdn.pl\/images\/adv\/placeholder_wp.svg\" loading=\"lazy\" alt=\"\" decoding=\"async\"\/>  <\/p>\n<p class=\"contentpart contentpart--default contentpart--text\" data-position=\"2\">ZOBACZ WIDEO: Boruc szczerze o \u017cyciu po karierze. &#8222;Problematyczny pocz\u0105tek&#8221;<\/p>\n<p class=\"contentpart contentpart--default contentpart--text\" data-position=\"4\">&#8211;\u00a0Jest dla mnie prawdziwym wzorem, nie trzeba nic wi\u0119cej dodawa\u0107. Jest przyk\u0142adem d\u0142ugowieczno\u015bci, a nasze kariery s\u0105 do siebie podobne &#8211; zwr\u00f3ci\u0142 uwag\u0119 40-letni Ronaldo. Djokovi\u0107 jest od niego o dwa lata m\u0142odszy. Zajmuje wysokie, czwarte miejsce w rankingu ATP i jest zdecydowanie najstarszym zawodnikiem w jego czo\u0142\u00f3wce.<\/p>\n<p class=\"contentpart contentpart--default contentpart--text\" data-position=\"5\">Serb w trakcie gali zwr\u00f3ci\u0142 uwag\u0119, \u017ce obaj z Ronaldo chc\u0105 jeszcze zapisa\u0107 si\u0119 w historii. Tenisista jest rekordzist\u0105 pod wzgl\u0119dem wygranych turniej\u00f3w wielkoszlemowych &#8211; ma na koncie 24 takie trofea i liczy na kolejny triumf. Z kolei zawodnik Al-Nassr d\u0105\u017cy do przekroczenia granicy tysi\u0105ca goli w karierze, sumuj\u0105c wyst\u0119py w klubie i reprezentacji. Jak dot\u0105d nie uda\u0142o si\u0119 to \u017cadnemu pi\u0142karzowi.<\/p>\n<p class=\"contentpart contentpart--default contentpart--text\" data-position=\"6\">&#8211; Mam nadziej\u0119, \u017ce obaj osi\u0105gniemy to w tym samym czasie: on strzeli 1000 bramek, a ja wygram 25. Wielkiego Szlema &#8211; stwierdzi\u0142 Djokovi\u0107.<\/p>\n<p> <img role=\"presentation\" src=\"https:\/\/std.wpcdn.pl\/images\/adv\/placeholder_wp.svg\" loading=\"lazy\" alt=\"\" decoding=\"async\"\/>  <\/p>\n<p class=\"contentpart contentpart--default contentpart--text\" data-position=\"7\">Ronaldo ju\u017c od jakiego\u015b czasu podkre\u015bla, \u017ce jest to obecnie jeden z jego g\u0142\u00f3wnych cel\u00f3w. Da\u0142 temu wyraz r\u00f3wnie\u017c podczas gali w Dubaju. &#8211; Jestem pewien, \u017ce mi si\u0119 uda, je\u015bli omin\u0105 mnie kontuzje &#8211; przekonywa\u0142.<\/p>\n<p class=\"contentpart contentpart--default contentpart--text\" data-position=\"8\">Trzeba przyzna\u0107, \u017ce jest tego bliski. W sobot\u0119 ustrzeli\u0142 dublet w wygranym 3:0 meczu Al-Nassr z\u00a0Al-Okhdood Club. By\u0142y to jego gole nr 955 i 956 w karierze. A 40-latek nie powiedzia\u0142 jeszcze ostatniego s\u0142owa. Jego obecna umowa z klubem obowi\u0105zuje do czerwca 2027 roku. Zdobycie brakuj\u0105cych 44 bramek wydaje si\u0119 wi\u0119c by\u0107 w jego zasi\u0119gu.<\/p>\n","protected":false},"excerpt":{"rendered":"W niedziel\u0119 w Dubaju odby\u0142a si\u0119 gala\u00a0Globe Soccer Awards. Cristiano Ronaldo\u00a0zosta\u0142\u00a0nagrodzony w kategorii &#8222;Najlepszy Pi\u0142karz Bliskiego Wschodu&#8221;. P\u00f3\u017aniej&hellip;\n","protected":false},"author":2,"featured_media":176076,"comment_status":"","ping_status":"","sticky":false,"template":"","format":"standard","meta":{"footnotes":""},"categories":[24],"tags":[15865,12695,9122,269,42,38,40,39,41,127,268,126,156],"class_list":{"0":"post-176075","1":"post","2":"type-post","3":"status-publish","4":"format-standard","5":"has-post-thumbnail","7":"category-sport","8":"tag-al-nassr","9":"tag-cristiano-ronaldo","10":"tag-novak-djokovic","11":"tag-pilka-nozna","12":"tag-pl","13":"tag-poland","14":"tag-polish","15":"tag-polska","16":"tag-polski","17":"tag-sport","18":"tag-sportowybar","19":"tag-sports","20":"tag-tenis"},"share_on_mastodon":{"url":"https:\/\/pubeurope.com\/@pl\/115803044123407786","error":""},"_links":{"self":[{"href":"https:\/\/www.europesays.com\/pl\/wp-json\/wp\/v2\/posts\/176075","targetHints":{"allow":["GET"]}}],"collection":[{"href":"https:\/\/www.europesays.com\/pl\/wp-json\/wp\/v2\/posts"}],"about":[{"href":"https:\/\/www.europesays.com\/pl\/wp-json\/wp\/v2\/types\/post"}],"author":[{"embeddable":true,"href":"https:\/\/www.europesays.com\/pl\/wp-json\/wp\/v2\/users\/2"}],"replies":[{"embeddable":true,"href":"https:\/\/www.europesays.com\/pl\/wp-json\/wp\/v2\/comments?post=176075"}],"version-history":[{"count":0,"href":"https:\/\/www.europesays.com\/pl\/wp-json\/wp\/v2\/posts\/176075\/revisions"}],"wp:featuredmedia":[{"embeddable":true,"href":"https:\/\/www.europesays.com\/pl\/wp-json\/wp\/v2\/media\/176076"}],"wp:attachment":[{"href":"https:\/\/www.europesays.com\/pl\/wp-json\/wp\/v2\/media?parent=176075"}],"wp:term":[{"taxonomy":"category","embeddable":true,"href":"https:\/\/www.europesays.com\/pl\/wp-json\/wp\/v2\/categories?post=176075"},{"taxonomy":"post_tag","embeddable":true,"href":"https:\/\/www.europesays.com\/pl\/wp-json\/wp\/v2\/tags?post=176075"}],"curies":[{"name":"wp","href":"https:\/\/api.w.org\/{rel}","templated":true}]}}