{"id":176082,"date":"2025-12-29T13:19:07","date_gmt":"2025-12-29T13:19:07","guid":{"rendered":"https:\/\/www.europesays.com\/pl\/176082\/"},"modified":"2025-12-29T13:19:07","modified_gmt":"2025-12-29T13:19:07","slug":"ambasador-ukrainy-o-oddaniu-donbasu-nie-ma-takiej-sily","status":"publish","type":"post","link":"https:\/\/www.europesays.com\/pl\/176082\/","title":{"rendered":"Ambasador Ukrainy o oddaniu Donbasu. &#8222;Nie ma takiej si\u0142y&#8221;"},"content":{"rendered":"<p class=\"Paragraph_desktopParagraph__U31Gm\">Zapytany w poniedzia\u0142ek w Studiu PAP o <a href=\"https:\/\/wiadomosci.onet.pl\/swiat\/spotkanie-trumpzelenski-na-florydzie-co-trzeba-wiedziec-podsumowanie\/0wee6sp\" id=\"56b07185-2f21-4b30-9dd5-7aaa5f229c3b\" rel=\"nofollow noopener\" target=\"_blank\">spotkanie prezydenta Ukrainy Wo\u0142odymyra Ze\u0142enskiego z prezydentem Stan\u00f3w Zjednoczonych Donaldem Trumpem na Florydzie<\/a>, Bodnar oceni\u0142, \u017ce jeste\u015bmy coraz bli\u017cej zako\u0144czenia wojny.<\/p>\n<p class=\"VideoPlayerText_videoPlayerText__iDwyz\">Dalszy ci\u0105g materia\u0142u pod wideo<\/p>\n<p class=\"Paragraph_desktopParagraph__U31Gm\">\u2014 Teraz jest zadanie g\u0142\u00f3wne, \u017ceby nam\u00f3wi\u0107 do tego stron\u0119 rosyjsk\u0105, czyli agresora, kt\u00f3ry musi z jednej strony wzi\u0105\u0107 odpowiedzialno\u015b\u0107, z drugiej strony tak\u017ce zgodzi\u0107 si\u0119 na warunki pokoju \u2014 zaznaczy\u0142.<\/p>\n<ul class=\"OchatFollowUps_wrapper__1ry7X\">\n<li class=\"OchatFollowUps_item__Dhyly OchatFollowUps_itemDesktop__R6aBv\">Jakie tematy poruszano podczas spotkania Ze\u0142enskiego i Trumpa?<\/li>\n<li class=\"OchatFollowUps_item__Dhyly OchatFollowUps_itemDesktop__R6aBv\">Jakie s\u0105 szanse na zako\u0144czenie wojny wed\u0142ug ambasadora?<\/li>\n<li class=\"OchatFollowUps_item__Dhyly OchatFollowUps_itemDesktop__R6aBv\">Czy Ukraina zgodzi si\u0119 na oddanie Donbasu?<\/li>\n<li class=\"OchatFollowUps_item__Dhyly OchatFollowUps_itemDesktop__R6aBv\">Co ambasador s\u0105dzi o terytoriach zaj\u0119tych przez Rosj\u0119?<\/li>\n<\/ul>\n<p>Ambasador Ukrainy o oddaniu Donbasu. &#8222;Nie ma takiej si\u0142y&#8221; <\/p>\n<p class=\"Paragraph_desktopParagraph__U31Gm\">Pytany, czy spo\u0142ecze\u0144stwo ukrai\u0144skie jest gotowe na utrat\u0119 cz\u0119\u015bci terytorium, w tym Donbasu, w imi\u0119 pokoju, odpowiedzia\u0142, \u017ce nikt w Ukrainie &#8222;nigdy nie zgodzi si\u0119 na to, \u017ceby te terytoria by\u0142y uznane za rosyjskie&#8221;.<\/p>\n<p class=\"Paragraph_desktopParagraph__U31Gm\">\u2014 Nie ma takiej si\u0142y, kt\u00f3ra by zmusi\u0142a czy spo\u0142ecze\u0144stwo, czy rz\u0105d ukrai\u0144ski do oddania terytorium (&#8230;) Walczymy ju\u017c 11 lat, bo wojna trwa\u0142a do\u015b\u0107 d\u0142ugo, najwi\u0119cej na Donbasie i nikt \u017cadnych terytori\u00f3w Rosji nie przeka\u017ce \u2014 podkre\u015bli\u0142 ambasador.<\/p>\n<p class=\"Paragraph_desktopParagraph__U31Gm\">Zdaniem Bodnara, najbli\u017csze tygodnie mog\u0105 doprowadzi\u0107 do osi\u0105gni\u0119cia kompromisu i w jego ocenie, zaj\u0119te przez Rosjan terytoria mog\u0142yby by\u0107 uznane za &#8222;stref\u0119 wolnego handlu&#8221; z rozmieszonymi si\u0142ami pokojowymi np. mi\u0119dzynarodowej misji, kt\u00f3ra utrzymywa\u0142aby porz\u0105dek. Jak podkre\u015bli\u0142, jest to i pozostanie suwerenne terytorium Ukrainy.<\/p>\n<p>Rozmowy Ze\u0142enski-Trump na Florydzie <\/p>\n<p class=\"Paragraph_desktopParagraph__U31Gm\">Po niedzielnym spotkaniu prezydenci Ukrainy i USA og\u0142osili m.in., \u017ce poczynili post\u0119py w kierunku zako\u0144czenia wojny.<\/p>\n<p class=\"Paragraph_desktopParagraph__U31Gm\">Ze\u0142enski zapewni\u0142, \u017ce uzgodniono gwarancje bezpiecze\u0144stwa USA dla Ukrainy. Natomiast Trump przekaza\u0142, \u017ce uzgodniono ok. 95 proc. kwestii, cho\u0107 przyzna\u0142, \u017ce wci\u0105\u017c pozosta\u0142y &#8222;jedna, dwie bardzo dra\u017cliwe kwestie&#8221;, w tym sprawa pozosta\u0142ych nieokupowanych terytori\u00f3w Ukrainy w Donbasie. Sugerowa\u0142 przy tym, \u017ce Ukraina powinna odda\u0107 nieokupowane terytoria, zanim przejmie je Rosja.<\/p>\n","protected":false},"excerpt":{"rendered":"Zapytany w poniedzia\u0142ek w Studiu PAP o spotkanie prezydenta Ukrainy Wo\u0142odymyra Ze\u0142enskiego z prezydentem Stan\u00f3w Zjednoczonych Donaldem Trumpem&hellip;\n","protected":false},"author":2,"featured_media":176083,"comment_status":"","ping_status":"","sticky":false,"template":"","format":"standard","meta":{"footnotes":""},"categories":[14],"tags":[32,33,58,15308,27,67,64,34,35,28,31,53,25,52,68,51,55,40,41,47,80,29,30,50,11262,26,309,82,83,84],"class_list":{"0":"post-176082","1":"post","2":"type-post","3":"status-publish","4":"format-standard","5":"has-post-thumbnail","7":"category-swiat","8":"tag-breaking-news","9":"tag-breakingnews","10":"tag-donald_trump_prezydent_usa","11":"tag-donbas_region_ukrainski","12":"tag-headlines","13":"tag-intextvideo_splayer","14":"tag-inwazja_rosji_na_ukraine_2014_","15":"tag-latest-news","16":"tag-latestnews","17":"tag-naglowki","18":"tag-najwazniejsze-artykuly","19":"tag-new_header","20":"tag-news","21":"tag-onet3","22":"tag-onet3d","23":"tag-onet3d_2i","24":"tag-phx","25":"tag-polish","26":"tag-polski","27":"tag-screening_general","28":"tag-swiat","29":"tag-top-stories","30":"tag-topstories","31":"tag-v2021","32":"tag-wasyl_bodnar","33":"tag-wiadomosci","34":"tag-wolodymyr_zelenski","35":"tag-world","36":"tag-world-news","37":"tag-worldnews"},"share_on_mastodon":{"url":"https:\/\/pubeurope.com\/@pl\/115803060409766173","error":""},"_links":{"self":[{"href":"https:\/\/www.europesays.com\/pl\/wp-json\/wp\/v2\/posts\/176082","targetHints":{"allow":["GET"]}}],"collection":[{"href":"https:\/\/www.europesays.com\/pl\/wp-json\/wp\/v2\/posts"}],"about":[{"href":"https:\/\/www.europesays.com\/pl\/wp-json\/wp\/v2\/types\/post"}],"author":[{"embeddable":true,"href":"https:\/\/www.europesays.com\/pl\/wp-json\/wp\/v2\/users\/2"}],"replies":[{"embeddable":true,"href":"https:\/\/www.europesays.com\/pl\/wp-json\/wp\/v2\/comments?post=176082"}],"version-history":[{"count":0,"href":"https:\/\/www.europesays.com\/pl\/wp-json\/wp\/v2\/posts\/176082\/revisions"}],"wp:featuredmedia":[{"embeddable":true,"href":"https:\/\/www.europesays.com\/pl\/wp-json\/wp\/v2\/media\/176083"}],"wp:attachment":[{"href":"https:\/\/www.europesays.com\/pl\/wp-json\/wp\/v2\/media?parent=176082"}],"wp:term":[{"taxonomy":"category","embeddable":true,"href":"https:\/\/www.europesays.com\/pl\/wp-json\/wp\/v2\/categories?post=176082"},{"taxonomy":"post_tag","embeddable":true,"href":"https:\/\/www.europesays.com\/pl\/wp-json\/wp\/v2\/tags?post=176082"}],"curies":[{"name":"wp","href":"https:\/\/api.w.org\/{rel}","templated":true}]}}