{"id":176177,"date":"2025-12-29T14:13:06","date_gmt":"2025-12-29T14:13:06","guid":{"rendered":"https:\/\/www.europesays.com\/pl\/176177\/"},"modified":"2025-12-29T14:13:06","modified_gmt":"2025-12-29T14:13:06","slug":"ubisoft-z-ogromnymi-problemami-mialo-dojsc-do-wycieku-prawie-1-tb-danych-w-tym-z-ac-black-flag-resynced","status":"publish","type":"post","link":"https:\/\/www.europesays.com\/pl\/176177\/","title":{"rendered":"Ubisoft z ogromnymi problemami?! Mia\u0142o doj\u015b\u0107 do wycieku prawie 1 TB danych, w tym z AC Black Flag Resynced"},"content":{"rendered":"<p>Ubisoft mo\u017ce znajdowa\u0107 si\u0119 w powa\u017cnych opa\u0142ach po rzekomym naruszeniu bezpiecze\u0144stwa, w wyniku kt\u00f3rego hakerzy mieli uzyska\u0107 dost\u0119p do blisko 900 GB wewn\u0119trznych danych firmy.<\/p>\n<p>Wed\u0142ug nieoficjalnych doniesie\u0144, skradzione materia\u0142y obejmuj\u0105 kody \u017ar\u00f3d\u0142owe, narz\u0119dzia deweloperskie oraz dokumentacj\u0119 projektow\u0105 dotycz\u0105c\u0105 zar\u00f3wno starych, jak i nadchodz\u0105cych gier (w tym AC Hexe, AC Black Flag Resynced). Skala ataku jest pora\u017caj\u0105ca, poniewa\u017c wyciek ma rzekomo obejmowa\u0107 histori\u0119 firmy od lat 90. a\u017c po najnowsze, jeszcze nieog\u0142oszone projekty oraz remaki.<\/p>\n<p>    Dalsza cz\u0119\u015b\u0107 tekstu pod wideo<\/p>\n<p>Za atak ma odpowiada\u0107 luka w zabezpieczeniach system\u00f3w MongoDB, znana pod nazw\u0105 MongoBleed, kt\u00f3ra rzekomo umo\u017cliwi\u0142a hakerom swobodne poruszanie si\u0119 po wewn\u0119trznej sieci Ubisoftu przez oko\u0142o 48 godzin. Co ciekawe, raporty sugeruj\u0105, \u017ce ofiar\u0105 tego samego incydentu mog\u0142o pa\u015b\u0107 r\u00f3wnie\u017c studio Crytek. Napastnicy twierdz\u0105, \u017ce uda\u0142o im si\u0119 zabezpieczy\u0107 dane nie tylko samych gier, ale r\u00f3wnie\u017c francuskiej platformy Uplay, co stawia pod znakiem zapytania bezpiecze\u0144stwo ca\u0142ej infrastruktury sieciowej producenta.<\/p>\n<p>        <img loading=\"lazy\" decoding=\"async\" src=\"https:\/\/www.europesays.com\/pl\/wp-content\/uploads\/2025\/12\/1766838010_985_B32963402.414688363;dc_trk_aid=607216972;dc_trk_cid=228291445;ord=[timestamp];dc_lat=;dc_rdid=;tag_f.gif\" attributionsrc=\"\" border=\"0\" height=\"1\" width=\"1\" alt=\"Advertisement\"\/><\/p>\n<p>                                <img loading=\"lazy\" decoding=\"async\" width=\"592\" height=\"803\" alt=\"Ubisoft z ogromnymi problemami?! Mia\u0142o doj\u015b\u0107 do wycieku prawie 1 TB danych, w tym z AC Black Flag Resynced\" data-placeholder=\"data:image\/png;base64,iVBORw0KGgoAAAANSUhEUgAAAAEAAAABCAQAAAC1HAwCAAAAC0lEQVR42mO89B8AAqkB05ycXjIAAAAASUVORK5CYII=\" class=\"lazy\" src=\"data:image\/png;base64,iVBORw0KGgoAAAANSUhEUgAAAAEAAAABCAQAAAC1HAwCAAAAC0lEQVR42mO89B8AAqkB05ycXjIAAAAASUVORK5CYII=\" data-src=\"https:\/\/www.europesays.com\/pl\/wp-content\/uploads\/2025\/12\/53834df3d8d7426e1c0a.png\"\/><\/p>\n<p>    <img decoding=\"async\" src=\"https:\/\/www.ppe.pl\/build\/client\/images\/icons\/resize-icon.e1e9c338.svg\" class=\"resize-icon__icon\" alt=\"resize icon\"\/><\/p>\n<p>Hakerzy postawili Ubisoftowi ultimatum: je\u015bli firma nie zap\u0142aci okupu, wszystkie materia\u0142y dotycz\u0105ce powstaj\u0105cych produkcji zostan\u0105 upublicznione. Na ten moment nale\u017cy jednak zachowa\u0107 du\u017cy dystans do tych informacji, poniewa\u017c Ubisoft nie potwierdzi\u0142 oficjalnie ani skali w\u0142amania, ani faktu kradzie\u017cy jakichkolwiek danych.<\/p>\n<p>Ca\u0142a sprawa opiera si\u0119 obecnie na spekulacjach kr\u0105\u017c\u0105cych w mediach spo\u0142eczno\u015bciowych i wymaga weryfikacji przez niezale\u017cnych ekspert\u00f3w ds. cyberbezpiecze\u0144stwa.<\/p>\n","protected":false},"excerpt":{"rendered":"Ubisoft mo\u017ce znajdowa\u0107 si\u0119 w powa\u017cnych opa\u0142ach po rzekomym naruszeniu bezpiecze\u0144stwa, w wyniku kt\u00f3rego hakerzy mieli uzyska\u0107 dost\u0119p&hellip;\n","protected":false},"author":2,"featured_media":126897,"comment_status":"","ping_status":"","sticky":false,"template":"","format":"standard","meta":{"footnotes":""},"categories":[20],"tags":[120,118,119,42,38,40,39,41,116,114,115,121,117],"class_list":{"0":"post-176177","1":"post","2":"type-post","3":"status-publish","4":"format-standard","5":"has-post-thumbnail","7":"category-nauka-i-technika","8":"tag-nauka","9":"tag-nauka-i-technika","10":"tag-naukatechnika","11":"tag-pl","12":"tag-poland","13":"tag-polish","14":"tag-polska","15":"tag-polski","16":"tag-science","17":"tag-science-and-technology","18":"tag-sciencetechnology","19":"tag-technika","20":"tag-technology"},"share_on_mastodon":{"url":"https:\/\/pubeurope.com\/@pl\/115803272391462605","error":""},"_links":{"self":[{"href":"https:\/\/www.europesays.com\/pl\/wp-json\/wp\/v2\/posts\/176177","targetHints":{"allow":["GET"]}}],"collection":[{"href":"https:\/\/www.europesays.com\/pl\/wp-json\/wp\/v2\/posts"}],"about":[{"href":"https:\/\/www.europesays.com\/pl\/wp-json\/wp\/v2\/types\/post"}],"author":[{"embeddable":true,"href":"https:\/\/www.europesays.com\/pl\/wp-json\/wp\/v2\/users\/2"}],"replies":[{"embeddable":true,"href":"https:\/\/www.europesays.com\/pl\/wp-json\/wp\/v2\/comments?post=176177"}],"version-history":[{"count":0,"href":"https:\/\/www.europesays.com\/pl\/wp-json\/wp\/v2\/posts\/176177\/revisions"}],"wp:featuredmedia":[{"embeddable":true,"href":"https:\/\/www.europesays.com\/pl\/wp-json\/wp\/v2\/media\/126897"}],"wp:attachment":[{"href":"https:\/\/www.europesays.com\/pl\/wp-json\/wp\/v2\/media?parent=176177"}],"wp:term":[{"taxonomy":"category","embeddable":true,"href":"https:\/\/www.europesays.com\/pl\/wp-json\/wp\/v2\/categories?post=176177"},{"taxonomy":"post_tag","embeddable":true,"href":"https:\/\/www.europesays.com\/pl\/wp-json\/wp\/v2\/tags?post=176177"}],"curies":[{"name":"wp","href":"https:\/\/api.w.org\/{rel}","templated":true}]}}