{"id":176215,"date":"2025-12-29T14:36:07","date_gmt":"2025-12-29T14:36:07","guid":{"rendered":"https:\/\/www.europesays.com\/pl\/176215\/"},"modified":"2025-12-29T14:36:07","modified_gmt":"2025-12-29T14:36:07","slug":"problem-wielkiej-brytanii-musi-zdobyc-800-mld-funtow-na-obronnosc","status":"publish","type":"post","link":"https:\/\/www.europesays.com\/pl\/176215\/","title":{"rendered":"Problem Wielkiej Brytanii. Musi zdoby\u0107 800 mld funt\u00f3w na obronno\u015b\u0107"},"content":{"rendered":"<p>Jak wynika z\u00a0raportu przygotowanego przez firm\u0119 konsultingow\u0105 EY Parthenon, Wielka Brytania stoi przed wyzwaniem zgromadzenia 800 mld funt\u00f3w na wydatki obronne. Celem Londynu jest zwi\u0119kszenie finansowania obronno\u015bci do 3,5 proc. PKB do 2035 roku, z\u00a0dodatkowym 1,5 proc. przeznaczonym na bezpiecze\u0144stwo.<\/p>\n<p>M\u00f3wi o\u00a0lekach na\u00a0oty\u0142o\u015b\u0107. Oto, co\u00a0zadzia\u0142a wed\u0142ug niej lepiej <\/p>\n<p>W raporcie wskazano na potrzeb\u0119 szerokich inwestycji w\u00a0infrastruktur\u0119 wojskow\u0105, w\u00a0tym budow\u0119 nowych koszar i\u00a0fabryk amunicji. Prezydent USA Donald Trump wywiera presj\u0119 na sojusznik\u00f3w z\u00a0NATO, \u017c\u0105daj\u0105c od nich do wnoszenia wi\u0119kszego wk\u0142adu w\u00a0obronno\u015b\u0107.<\/p>\n<p>&#8222;Konieczne b\u0119d\u0105 dalsze inwestycje w\u00a0infrastruktur\u0119 drogow\u0105 i\u00a0kolejow\u0105, aby zwi\u0119kszy\u0107 mobilno\u015b\u0107 wojskow\u0105, a\u00a0tak\u017ce w\u00a0odporno\u015b\u0107 \u0142a\u0144cucha dostaw i\u00a0technologie o\u00a0znaczeniu strategicznym&#8221; &#8211;\u00a0podkre\u015bli\u0142 &#8222;Financial Times&#8221;.<\/p>\n<p>Rzecznik brytyjskiego departamentu skarbu o\u015bwiadczy\u0142, \u017ce na lata 2025-26 przewidziano dodatkowe 5\u00a0mld funt\u00f3w na inwestycje obronne. &#8222;Naszym celem jest przeznaczenie 3\u00a0proc. PKB na obronno\u015b\u0107 w\u00a0nast\u0119pnej kadencji parlamentu, je\u015bli tylko pozwol\u0105 na to warunki gospodarcze i\u00a0fiskalne&#8221; &#8211;\u00a0doda\u0142. Kolejne wybory w\u00a0kraju maj\u0105 odby\u0107 si\u0119 nie p\u00f3\u017aniej ni\u017c 15 sierpnia 2029 roku.<\/p>\n<p>Nowe priorytety obronne znacz\u0105co wp\u0142ywaj\u0105 na planowanie bud\u017cetowe i\u00a0strategi\u0119 obronn\u0105 Wielkiej Brytanii. &#8222;Nowe priorytety obronne zmieniaj\u0105 agend\u0119 kapita\u0142ow\u0105 kraju&#8221; &#8211;\u00a0zaznaczy\u0142 Mats Persson, ekspert z\u00a0EY Parthenon.<\/p>\n","protected":false},"excerpt":{"rendered":"Jak wynika z\u00a0raportu przygotowanego przez firm\u0119 konsultingow\u0105 EY Parthenon, Wielka Brytania stoi przed wyzwaniem zgromadzenia 800 mld funt\u00f3w&hellip;\n","protected":false},"author":2,"featured_media":176216,"comment_status":"","ping_status":"","sticky":false,"template":"","format":"standard","meta":{"footnotes":""},"categories":[14],"tags":[32,33,27,34,35,28,31,25,40,41,80,29,30,26,82,83,84],"class_list":{"0":"post-176215","1":"post","2":"type-post","3":"status-publish","4":"format-standard","5":"has-post-thumbnail","7":"category-swiat","8":"tag-breaking-news","9":"tag-breakingnews","10":"tag-headlines","11":"tag-latest-news","12":"tag-latestnews","13":"tag-naglowki","14":"tag-najwazniejsze-artykuly","15":"tag-news","16":"tag-polish","17":"tag-polski","18":"tag-swiat","19":"tag-top-stories","20":"tag-topstories","21":"tag-wiadomosci","22":"tag-world","23":"tag-world-news","24":"tag-worldnews"},"share_on_mastodon":{"url":"https:\/\/pubeurope.com\/@pl\/115803362748724069","error":""},"_links":{"self":[{"href":"https:\/\/www.europesays.com\/pl\/wp-json\/wp\/v2\/posts\/176215","targetHints":{"allow":["GET"]}}],"collection":[{"href":"https:\/\/www.europesays.com\/pl\/wp-json\/wp\/v2\/posts"}],"about":[{"href":"https:\/\/www.europesays.com\/pl\/wp-json\/wp\/v2\/types\/post"}],"author":[{"embeddable":true,"href":"https:\/\/www.europesays.com\/pl\/wp-json\/wp\/v2\/users\/2"}],"replies":[{"embeddable":true,"href":"https:\/\/www.europesays.com\/pl\/wp-json\/wp\/v2\/comments?post=176215"}],"version-history":[{"count":0,"href":"https:\/\/www.europesays.com\/pl\/wp-json\/wp\/v2\/posts\/176215\/revisions"}],"wp:featuredmedia":[{"embeddable":true,"href":"https:\/\/www.europesays.com\/pl\/wp-json\/wp\/v2\/media\/176216"}],"wp:attachment":[{"href":"https:\/\/www.europesays.com\/pl\/wp-json\/wp\/v2\/media?parent=176215"}],"wp:term":[{"taxonomy":"category","embeddable":true,"href":"https:\/\/www.europesays.com\/pl\/wp-json\/wp\/v2\/categories?post=176215"},{"taxonomy":"post_tag","embeddable":true,"href":"https:\/\/www.europesays.com\/pl\/wp-json\/wp\/v2\/tags?post=176215"}],"curies":[{"name":"wp","href":"https:\/\/api.w.org\/{rel}","templated":true}]}}