{"id":176420,"date":"2025-12-29T16:51:13","date_gmt":"2025-12-29T16:51:13","guid":{"rendered":"https:\/\/www.europesays.com\/pl\/176420\/"},"modified":"2025-12-29T16:51:13","modified_gmt":"2025-12-29T16:51:13","slug":"przemysl-zakonczenie-roku-jubileuszowego-2025-w-bazylice-archikatedralnej","status":"publish","type":"post","link":"https:\/\/www.europesays.com\/pl\/176420\/","title":{"rendered":"PRZEMY\u015aL: Zako\u0144czenie Roku Jubileuszowego 2025 w Bazylice Archikatedralnej"},"content":{"rendered":"<p>W \u015bwi\u0119to \u015awi\u0119tej Rodziny, 28 grudnia 2025 r., w Bazylice Archikatedralnej w Przemy\u015blu odby\u0142a si\u0119 Eucharystia podczas kt\u00f3rej abp Adam Szal oficjalnie zako\u0144czy\u0142 obchody Roku Jubileuszowego 2025 w archidiecezji przemyskiej.<\/p>\n<p>W okoliczno\u015bciowej homilii metropolita przemyski podkre\u015bli\u0142 znaczenie rodziny w \u017cyciu spo\u0142ecznym i religijnym. Nawi\u0105za\u0142 do s\u0142\u00f3w papie\u017ca Leona XIV, kt\u00f3ry 1 czerwca 2025 roku w Rzymie m\u00f3wi\u0142 o beatyfikowanych i kanonizowanych ma\u0142\u017conkach, takich jak Ludwik i Zelia Martin \u2013 rodzice \u015bwi\u0119tej Teresy od Dzieci\u0105tka Jezus oraz b\u0142ogos\u0142awieni Alojzy i Maria Quattrocchi. Papie\u017c wspomnia\u0142 r\u00f3wnie\u017c o polskiej rodzinie Ulm\u00f3w, \u201erodzicach i dzieciach zjednoczonych w mi\u0142o\u015bci i m\u0119cze\u0144stwie\u201d.<\/p>\n<p>Hierarcha podkre\u015bli\u0142, \u017ce \u201eKo\u015bci\u00f3\u0142 wskazuj\u0105c ich jako przyk\u0142adnych \u015bwiadk\u00f3w, ma\u0142\u017conk\u00f3w, m\u00f3wi nam, \u017ce dzisiejszy \u015bwiat potrzebuje przymierza ma\u0142\u017ce\u0144skiego, aby pozna\u0107 i przyj\u0105\u0107 mi\u0142o\u015b\u0107 Boga oraz pokona\u0107 dzi\u0119ki jego sile jednocz\u0105cej i pojednawczej si\u0142y, kt\u00f3re kt\u00f3re rozbijaj\u0105 relacje w spo\u0142ecze\u0144stwie\u201d.<\/p>\n<p>Arcybiskup zwr\u00f3ci\u0142 uwag\u0119, \u017ce \u201erodziny s\u0105 nadziej\u0105 dla Ko\u015bcio\u0142a, dla Ojczyzny, dla \u015bwiata ca\u0142ego\u201d oraz przywo\u0142a\u0142 s\u0142owa \u015bw. Jana Paw\u0142a II, \u017ce \u201ewiele problem\u00f3w, kt\u00f3re n\u0119kaj\u0105 wsp\u00f3\u0142czesny \u015bwiat uda\u0142oby si\u0119 rozwi\u0105za\u0107, czy ich unikn\u0105\u0107, gdyby nasze rodziny by\u0142y (\u2026) Bogiem silne\u201d.<\/p>\n<p>Kaznodzieja wspomnia\u0142 o \u015awi\u0119tej Rodzinie z Nazaretu, kt\u00f3ra \u201enie op\u0142ywa\u0142a w luksusy, a \u017ar\u00f3d\u0142em ich szcz\u0119\u015bcia nie by\u0142y dobra materialne, ale Pan B\u00f3g, udzia\u0142 w Bo\u017cym planie zbawienia\u201d. W tym kontek\u015bcie hierarcha przytoczy\u0142 s\u0142owa papie\u017ca Paw\u0142a VI z 1 stycznia 1964 roku, kt\u00f3ry pielgrzymuj\u0105c do Nazaretu powiedzia\u0142, \u017ce \u201eNazaret jest szko\u0142\u0105, w kt\u00f3rej zaczyna si\u0119 pojmowa\u0107 \u017cycie Jezusa. Jest to szko\u0142a Ewangelii. Tam uczymy si\u0119 patrze\u0107, s\u0142ucha\u0107 i przenika\u0107 g\u0142\u0119bokie tajemnice\u201d.<\/p>\n<p>Abp Szal podkre\u015bli\u0142, \u017ce \u201ejedynie Rodzina Bogiem silna mo\u017ce skutecznie oprze\u0107 si\u0119 zagro\u017ceniom stoj\u0105cym przed rodzinami XXI wieku\u201d i przywo\u0142a\u0142 list pasterski \u015bwi\u0119tego J\u00f3zefa Sebastiana Pelczara z 1904 roku zatytu\u0142owany \u201eo u\u015bwi\u0119cenie \u017cycia rodzinnego\u201d, w kt\u00f3rym \u00f3wczesny biskup przemyski\u00a0 napisa\u0142, \u017ce \u201eod jako\u015bci rodziny nale\u017cy przysz\u0142o\u015b\u0107 spo\u0142ecze\u0144stwa, przysz\u0142o\u015b\u0107 Ko\u015bcio\u0142a\u201d.<\/p>\n<p>Metropolita przemyski apelowa\u0142 o realizacj\u0119 powo\u0142ania do \u015bwi\u0119to\u015bci poprzez \u201e\u017cycie wed\u0142ug wiary, przez wzajemn\u0105 s\u0142u\u017cb\u0119, przez tak\u017ce \u017cycie modlitwy\u201d. Podkre\u015bli\u0142, \u017ce \u201e\u017cy\u0107 z wiary to by\u0107 otwartym na \u017cycie, to przyjmowa\u0107 to \u017cycie tak, jak przyjmowali je otwartym sercem w bardzo trudnych czasach J\u00f3zef i Wiktoria Ulmowie\u201d.<\/p>\n<p>Arcybiskup zaznaczy\u0142, \u017ce \u201enaszym zadaniem jest stworzenie tego obrazu, o kt\u00f3rym m\u00f3wi \u015bwi\u0119ty Augustyn \u2013 domowego Ko\u015bcio\u0142a\u201d i przypomnia\u0142, \u017ce \u201ewszyscy chrze\u015bcijanie, jakiegokolwiek stanu i zawodu, powo\u0142ani s\u0105 do pe\u0142ni \u017cycia chrze\u015bcija\u0144skiego, do doskona\u0142ej mi\u0142o\u015bci. Wszyscy powo\u0142ani s\u0105 do \u015bwi\u0119to\u015bci\u201d.<\/p>\n<p>Na zako\u0144czenie metropolita przemyski przywo\u0142a\u0142 s\u0142owa papie\u017ca Leona XIV z 1 czerwca 2025 roku, kt\u00f3ry m\u00f3wi\u0142, \u017ce \u201ema\u0142\u017ce\u0144stwo nie jest idea\u0142em, ale kanonem prawdziwej mi\u0142o\u015bci mi\u0119dzy m\u0119\u017cczyzn\u0105, a kobiet\u0105. Mi\u0142o\u015bci ca\u0142kowitej, wiernej, p\u0142odnej\u201d. \u2013 W rodzinie wiara przekazywana jest wraz z \u017cyciem, z pokolenia na pokolenie. Dzielimy si\u0119 ni\u0105 jak pokarmem przy stole i uczuciami serca. To sprawia, \u017ce jest ona miejscem szczeg\u00f3lnym, gdzie spotykamy Jezusa, kt\u00f3ry nas zawsze mi\u0142uje i pragnie naszego dobra \u2013 powiedzia\u0142 abp Szal\u00a0 i \u017cyczy\u0142 wszystkim diecezjanom, by \u015awi\u0119ta Rodzina nieustannie umacnia\u0142a wszystkie nasze rodziny.<\/p>\n<p>W celebracji uczestniczyli tak\u017ce biskupi pomocniczy archidiecezji przemyskiej: bp Stanis\u0142aw Jamrozek oraz bp Krzysztof Chudzio, a wraz z nimi liczni kap\u0142ani, osoby \u017cycia konsekrowanego oraz wierni \u015bwieccy z ca\u0142ej archidiecezji.<\/p>\n<p style=\"text-align: right;\">Tekst: \u0141ukasz Sztolf<br \/>Zdj\u0119cia: kl. Krzysztof Zawada<\/p>\n<p>\ufeff<\/p>\n","protected":false},"excerpt":{"rendered":"W \u015bwi\u0119to \u015awi\u0119tej Rodziny, 28 grudnia 2025 r., w Bazylice Archikatedralnej w Przemy\u015blu odby\u0142a si\u0119 Eucharystia podczas kt\u00f3rej&hellip;\n","protected":false},"author":2,"featured_media":176421,"comment_status":"","ping_status":"","sticky":false,"template":"","format":"standard","meta":{"footnotes":""},"categories":[5],"tags":[1379,32004,32006,34621,34622,32,33,36,37,27,34623,34,35,32011,28,31,25,42,38,40,39,41,352,34624,34625,29,30,26,1092,22753],"class_list":{"0":"post-176420","1":"post","2":"type-post","3":"status-publish","4":"format-standard","5":"has-post-thumbnail","7":"category-naglowki","8":"tag-1379","9":"tag-abp-adam-szal","10":"tag-bazylika-archikatedralna-w-przemyslu","11":"tag-bp-krzysztof-chudzio","12":"tag-bp-stanislaw-jamrozek","13":"tag-breaking-news","14":"tag-breakingnews","15":"tag-featured-news","16":"tag-featurednews","17":"tag-headlines","18":"tag-kosciol-jubileuszowy","19":"tag-latest-news","20":"tag-latestnews","21":"tag-minione","22":"tag-naglowki","23":"tag-najwazniejsze-artykuly","24":"tag-news","25":"tag-pl","26":"tag-poland","27":"tag-polish","28":"tag-polska","29":"tag-polski","30":"tag-przemysl","31":"tag-rok-jubileuszowy","32":"tag-rok-swiety","33":"tag-top-stories","34":"tag-topstories","35":"tag-wiadomosci","36":"tag-wydarzenia","37":"tag-zakonczenie"},"share_on_mastodon":{"url":"https:\/\/pubeurope.com\/@pl\/115803893741123562","error":""},"_links":{"self":[{"href":"https:\/\/www.europesays.com\/pl\/wp-json\/wp\/v2\/posts\/176420","targetHints":{"allow":["GET"]}}],"collection":[{"href":"https:\/\/www.europesays.com\/pl\/wp-json\/wp\/v2\/posts"}],"about":[{"href":"https:\/\/www.europesays.com\/pl\/wp-json\/wp\/v2\/types\/post"}],"author":[{"embeddable":true,"href":"https:\/\/www.europesays.com\/pl\/wp-json\/wp\/v2\/users\/2"}],"replies":[{"embeddable":true,"href":"https:\/\/www.europesays.com\/pl\/wp-json\/wp\/v2\/comments?post=176420"}],"version-history":[{"count":0,"href":"https:\/\/www.europesays.com\/pl\/wp-json\/wp\/v2\/posts\/176420\/revisions"}],"wp:featuredmedia":[{"embeddable":true,"href":"https:\/\/www.europesays.com\/pl\/wp-json\/wp\/v2\/media\/176421"}],"wp:attachment":[{"href":"https:\/\/www.europesays.com\/pl\/wp-json\/wp\/v2\/media?parent=176420"}],"wp:term":[{"taxonomy":"category","embeddable":true,"href":"https:\/\/www.europesays.com\/pl\/wp-json\/wp\/v2\/categories?post=176420"},{"taxonomy":"post_tag","embeddable":true,"href":"https:\/\/www.europesays.com\/pl\/wp-json\/wp\/v2\/tags?post=176420"}],"curies":[{"name":"wp","href":"https:\/\/api.w.org\/{rel}","templated":true}]}}