{"id":176460,"date":"2025-12-29T17:17:08","date_gmt":"2025-12-29T17:17:08","guid":{"rendered":"https:\/\/www.europesays.com\/pl\/176460\/"},"modified":"2025-12-29T17:17:08","modified_gmt":"2025-12-29T17:17:08","slug":"zaskakujacy-wniosek-po-spotkaniu-na-florydzie-czas-nie-sprzyja-trumpowi","status":"publish","type":"post","link":"https:\/\/www.europesays.com\/pl\/176460\/","title":{"rendered":"Zaskakuj\u0105cy wniosek po spotkaniu na Florydzie. &#8222;Czas nie sprzyja Trumpowi&#8221;"},"content":{"rendered":"<p>Podczas kampanii wyborczej Donald Trump chwali\u0142 si\u0119 53 razy, \u017ce zako\u0144czy wojn\u0119 w Ukrainie jeszcze przed obj\u0119ciem urz\u0119du, a najp\u00f3\u017aniej w ci\u0105gu 24 godz. Prawie rok po powrocie na stanowisko rozpocz\u0119ta przez Rosj\u0119 wojna nadal trwa. I trzeba powiedzie\u0107, cho\u0107 brzmi to nieludzko: na szcz\u0119\u015bcie. Bo to, co Trump mia\u0142 i ma na my\u015bli, to kapitulacja Ukrainy. A to by\u0142oby tylko preludium do wi\u0119kszej wojny.<\/p>\n<p class=\"ods-c-paragraph \">Od czasu swojej <a href=\"https:\/\/wiadomosci.onet.pl\/swiat\/czarny-piatek-w-gabinecie-owalnym-konsekwencje-dla-swiata-korki-od-szampana-strzelaja\/hkenk36\" id=\"02e013b1-0c72-4785-9ab5-e09c6df99c5a\" rel=\"nofollow noopener\" target=\"_blank\">pierwszej katastrofalnej wizyty w Bia\u0142ym Domu<\/a> Ze\u0142enski nauczy\u0142 si\u0119 umiej\u0119tnie radzi\u0107 sobie z kaprysami i pr\u00f3bami szanta\u017cu Trumpa, robi\u0105c ust\u0119pstwa, kt\u00f3re ponownie zrzucaj\u0105 win\u0119 na ameryka\u0144sk\u0105 administracj\u0119. Pokaza\u0142 to na przyk\u0142ad, gdy na krytyk\u0119 Waszyngtonu, \u017ce od 2019 r. w Ukrainie nie odby\u0142y si\u0119 \u017cadne wybory, odpowiedzia\u0142 <a href=\"https:\/\/www.onet.pl\/informacje\/onetwiadomosci\/wolodymyr-zelenski-traci-zaufanie-ukraincow-sondaz-nie-pozostawia-zludzen\/dbdvxv5,79cfc278\" id=\"68a1b2ec-9217-4853-b88a-619e9f8dffa3\" rel=\"nofollow noopener\" target=\"_blank\">obietnic\u0105 przeprowadzenia wybor\u00f3w<\/a>, gdy tylko wejdzie w \u017cycie zawieszenie broni.<\/p>\n<p class=\"ods-c-paragraph \">Merz wraz ze swoimi europejskimi partnerami z koalicji ch\u0119tnych, na czele z Keirem Starmerem, Emmanuelem Macronem i <a href=\"https:\/\/wiadomosci.onet.pl\/swiat\/donald-tusk-o-pokoju-w-ukrainie-wszyscy-zgodzili-sie\/vk9sth8\" id=\"2598e336-cbb3-4fd5-81fe-e1f05386c0f4\" rel=\"nofollow noopener\" target=\"_blank\">Donaldem Tuskiem<\/a>, wspar\u0142 Ukrai\u0144c\u00f3w, m.in. poprzez wyra\u017cenie zgody na udzielenie Ukrainie kredytu w wysoko\u015bci 90 mld euro (380 mld z\u0142) przez UE. Przed rozmowami mi\u0119dzy Ze\u0142enskim a Trumpem Europejczycy przeprowadzili rozmowy telefoniczne z Ukrai\u0144cem, dzi\u0119ki czemu Trump wiedzia\u0142, \u017ce ukrai\u0144ski prezydent przemawia r\u00f3wnie\u017c w imieniu najwa\u017cniejszych sojusznik\u00f3w USA.<\/p>\n<p class=\"ods-c-paragraph \">Powinno to da\u0107 do my\u015blenia tym, kt\u00f3rzy twierdz\u0105, \u017ce Europa nie ma znaczenia.<\/p>\n<p>Wolna r\u0119ka dla Rosji<\/p>\n<p class=\"ods-c-paragraph \">Europejczyk\u00f3w \u2014 a tak\u017ce Brytyjczyk\u00f3w i Kanadyjczyk\u00f3w \u2014 \u0142\u0105czy \u015bwiadomo\u015b\u0107, \u017ce Trump realizuje geopolityk\u0119 stref wp\u0142yw\u00f3w. Prezydent USA chce mie\u0107 nieograniczon\u0105 kontrol\u0119 nad zachodni\u0105 p\u00f3\u0142kul\u0105, od <a href=\"https:\/\/www.onet.pl\/informacje\/onetwiadomosci\/donald-trump-bezskutecznie-kusi-grenlandczykow-europa-staje-po-ich-stronie\/ze37xqt,79cfc278\" id=\"b3c7befc-d7c4-48f5-b4c0-37ff032c6b18\" rel=\"nofollow noopener\" target=\"_blank\">Grenlandii <\/a>przez Kanad\u0119 i Wenezuel\u0119 po Antarktyd\u0119. W zamian jest got\u00f3w da\u0107 chi\u0144sko-rosyjskiemu blokowi w du\u017cej mierze woln\u0105 r\u0119k\u0119 w dawnej strefie wp\u0142yw\u00f3w ZSRR.<\/p>\n<p class=\"ods-c-paragraph \">Prezydent USA da\u0142 to jasno do zrozumienia, gdy podczas konferencji prasowej na Florydzie podkre\u015bli\u0142 pragnienie W\u0142adimira Putina, aby &#8222;zobaczy\u0107 Ukrain\u0119 odnosz\u0105c\u0105 sukcesy, gdy tylko&#8230;&#8221;. Trump przerwa\u0142, ale jasne jest, co mia\u0142 na my\u015bli: gdy tylko Ukraina przestanie by\u0107 pa\u0144stwem samostanowi\u0105cym.<\/p>\n<p class=\"ods-c-paragraph \">Czas nie sprzyja Trumpowi i Putinowi. <a href=\"https:\/\/wiadomosci.onet.pl\/politico\/spektakularne-starcie-ludzi-trumpa-tchorze-i-napuszeni-faceci-rozsadzaja-ruch-maga\/zgppwym\" id=\"6418f490-b2d2-4b6a-88c0-74b5d7ff5ece\" rel=\"nofollow noopener\" target=\"_blank\">Ruch MAGA Trumpa [Make America Great Again, Uczy\u0144my Ameryk\u0119 zn\u00f3w wielk\u0105] si\u0119 rozpada<\/a>, jego poparcie spad\u0142o do najni\u017cszego poziomu. Prezydent USA nie potrafi opanowa\u0107 inflacji, a listopadowe wybory do Kongresu mog\u0105 okaza\u0107 si\u0119 katastrofalne dla jego partii.<\/p>\n<p><img decoding=\"async\" src=\"https:\/\/www.europesays.com\/pl\/wp-content\/uploads\/2025\/12\/HNFk9lBaHR0cHM6Ly9vY2RuLmV1L3B1bHNjbXMvTURBXy9kNTIxMGE2ZDE5NGQ5ODVlYjhkYTY0NjkxZjU2ZjYxNS5qcGeRlQLNB.jpeg\" height=\"627\" width=\"940\" alt=\"Wo\u0142odymyr Ze\u0142enski i Donald Trump na Florydzie, 28 grudnia 2025 r.\" loading=\"lazy\" class=\"ods-c-image__img ods-c-image__img--viewport-width\"\/><\/p>\n<p>Wo\u0142odymyr Ze\u0142enski i Donald Trump na Florydzie, 28 grudnia 2025 r.JIM WATSON \/ AFP<\/p>\n<p> USA trac\u0105, Europa zyskuje<\/p>\n<p class=\"ods-c-paragraph \">Z kolei wojna Putina poch\u0142on\u0119\u0142a ponad milion zabitych i rannych \u017co\u0142nierzy. Era taniego pieni\u0105dza i ogromnych inwestycji w gospodark\u0119 wojenn\u0105 dobieg\u0142a ko\u0144ca. Ceny ropy spadaj\u0105. Fakt, \u017ce Putin pr\u00f3buje z\u0142ama\u0107 morale Ukrai\u0144c\u00f3w za pomoc\u0105 terroru powietrznego, jest wyrazem militarnej desperacji.<\/p>\n<p class=\"ods-c-paragraph \">Europejczycy natomiast coraz lepiej radz\u0105 sobie z uniezale\u017cnieniem si\u0119 od rosyjskiej energii, zacie\u015bniaj\u0105 wsp\u00f3\u0142prac\u0119 wojskow\u0105 i wydaj\u0105 wi\u0119cej pieni\u0119dzy na gotowo\u015b\u0107 bojow\u0105. Fakt, \u017ce socjaldemokratyczny minister obrony Boris Pistorius jest najpopularniejszym politykiem w Niemczech, m\u00f3wi sam za siebie. To przede wszystkim Donald Trump naciska\u0142 na Europejczyk\u00f3w, aby to zrobili. Teraz musi \u017cy\u0107 z konsekwencjami, pierwszymi oznakami \u015bwiadomo\u015bci politycznej si\u0142y.<\/p>\n<p class=\"ods-c-paragraph \">W niedziel\u0119 28 grudnia dosz\u0142o do spotkania Wo\u0142odymyra Ze\u0142enskiego z Donaldem Trumpem na Florydzie. \u2014 Rozmawiali\u015bmy o wszystkich aspektach ram pokojowych. W 90 proc. uzgodnili\u015bmy 20-punktowy plan pokojowy \u2014 <a href=\"https:\/\/wiadomosci.onet.pl\/swiat\/projekt-planu-pokojowego-niemal-uzgodniony-to-pelna-tresc\/s6431pq\" id=\"08bce638-89c4-476d-8a92-fb193e776056\" rel=\"nofollow noopener\" target=\"_blank\">powiedzia\u0142 p\u00f3\u017aniej Ze\u0142enski<\/a>. \u2014 Zbli\u017camy si\u0119 do ko\u0144ca i my\u015bl\u0119, \u017ce jeste\u015bmy ju\u017c bardzo blisko porozumienia \u2014 stwierdzi\u0142 z kolei Trump.<\/p>\n<p class=\"ods-c-paragraph \">W czasie swojego wyst\u0105pienia <a href=\"https:\/\/wiadomosci.onet.pl\/swiat\/emmanuel-macron-wzywa-przywodcow-do-paryza-podsumowanie-nocy\/3pmbthg\" id=\"35b07c10-a41c-423b-b83e-c7ffce159281\" rel=\"nofollow noopener\" target=\"_blank\">Trump wielokrotnie powtarza\u0142, \u017ce Putin chce pokoju<\/a>. Prezydent USA powiedzia\u0142 te\u017c, \u017ce Rosjanin &#8222;\u015bwietnie&#8221; wsp\u00f3\u0142pracuje z Ukrain\u0105, by uruchomi\u0107 Zaporosk\u0105 Elektrowni\u0119 Atomow\u0105, chwali\u0142 te\u017c rosyjskiego prezydenta, \u017ce ten &#8222;nie bombardowa\u0142&#8221; elektrowni.<\/p>\n<p class=\"ods-c-paragraph \">Przed spotkaniem z Ze\u0142enskim Trump porozmawia\u0142 telefonicznie z Putinem.<\/p>\n","protected":false},"excerpt":{"rendered":"Podczas kampanii wyborczej Donald Trump chwali\u0142 si\u0119 53 razy, \u017ce zako\u0144czy wojn\u0119 w Ukrainie jeszcze przed obj\u0119ciem urz\u0119du,&hellip;\n","protected":false},"author":2,"featured_media":176461,"comment_status":"","ping_status":"","sticky":false,"template":"","format":"standard","meta":{"footnotes":""},"categories":[14],"tags":[56,32,33,44,27,76,34,35,28,31,48,25,46,40,41,87,47,80,29,30,415,71,26,408,309,82,83,84],"class_list":{"0":"post-176460","1":"post","2":"type-post","3":"status-publish","4":"format-standard","5":"has-post-thumbnail","7":"category-swiat","8":"tag-article_premium","9":"tag-breaking-news","10":"tag-breakingnews","11":"tag-donald_trump","12":"tag-headlines","13":"tag-inwazja_rosji_na_ukraine","14":"tag-latest-news","15":"tag-latestnews","16":"tag-naglowki","17":"tag-najwazniejsze-artykuly","18":"tag-nat_styl","19":"tag-news","20":"tag-omp","21":"tag-polish","22":"tag-polski","23":"tag-rosja","24":"tag-screening_general","25":"tag-swiat","26":"tag-top-stories","27":"tag-topstories","28":"tag-ukraina","29":"tag-usa","30":"tag-wiadomosci","31":"tag-wladimir_putin","32":"tag-wolodymyr_zelenski","33":"tag-world","34":"tag-world-news","35":"tag-worldnews"},"share_on_mastodon":{"url":"https:\/\/pubeurope.com\/@pl\/115803995867512808","error":""},"_links":{"self":[{"href":"https:\/\/www.europesays.com\/pl\/wp-json\/wp\/v2\/posts\/176460","targetHints":{"allow":["GET"]}}],"collection":[{"href":"https:\/\/www.europesays.com\/pl\/wp-json\/wp\/v2\/posts"}],"about":[{"href":"https:\/\/www.europesays.com\/pl\/wp-json\/wp\/v2\/types\/post"}],"author":[{"embeddable":true,"href":"https:\/\/www.europesays.com\/pl\/wp-json\/wp\/v2\/users\/2"}],"replies":[{"embeddable":true,"href":"https:\/\/www.europesays.com\/pl\/wp-json\/wp\/v2\/comments?post=176460"}],"version-history":[{"count":0,"href":"https:\/\/www.europesays.com\/pl\/wp-json\/wp\/v2\/posts\/176460\/revisions"}],"wp:featuredmedia":[{"embeddable":true,"href":"https:\/\/www.europesays.com\/pl\/wp-json\/wp\/v2\/media\/176461"}],"wp:attachment":[{"href":"https:\/\/www.europesays.com\/pl\/wp-json\/wp\/v2\/media?parent=176460"}],"wp:term":[{"taxonomy":"category","embeddable":true,"href":"https:\/\/www.europesays.com\/pl\/wp-json\/wp\/v2\/categories?post=176460"},{"taxonomy":"post_tag","embeddable":true,"href":"https:\/\/www.europesays.com\/pl\/wp-json\/wp\/v2\/tags?post=176460"}],"curies":[{"name":"wp","href":"https:\/\/api.w.org\/{rel}","templated":true}]}}