{"id":176551,"date":"2025-12-29T18:03:05","date_gmt":"2025-12-29T18:03:05","guid":{"rendered":"https:\/\/www.europesays.com\/pl\/176551\/"},"modified":"2025-12-29T18:03:05","modified_gmt":"2025-12-29T18:03:05","slug":"zmiany-w-telewizji-naziemnej-nowy-standard-i-koniec-koncesji-na-dwa-programy","status":"publish","type":"post","link":"https:\/\/www.europesays.com\/pl\/176551\/","title":{"rendered":"Zmiany w telewizji naziemnej. Nowy standard i koniec koncesji na dwa programy"},"content":{"rendered":"<p>Od 29 grudnia znikaj\u0105 dwa kana\u0142y z telewizji naziemnej<\/p>\n<p class=\"typography ids-typeset-body ids-typeset-body--preset-large link paragraph ids-paragraph ids-paragraph--default\">28 grudnia dobieg\u0142a ko\u0144ca koncesja Green Content oraz Grupa Studio Polska na nadawanie program\u00f3w za po\u015brednictwem telewizji naziemnej. Krajowa Rada Radiofonii i Telewizji potwierdzi, \u017ce koncesja nie zosta\u0142a przed\u0142u\u017cona, w zwi\u0105zku z czym od dzisiaj nie mo\u017cna ju\u017c ogl\u0105da\u0107 Metro i Zoom TV bezp\u0142atnie.<\/p>\n<p>Gdzie obejrze\u0107 Metro i Zoom TV?<\/p>\n<p class=\"typography ids-typeset-body ids-typeset-body--preset-large link paragraph ids-paragraph ids-paragraph--default\">Metro oferuj\u0105ce widzom filmy obyczajowe i seriale o lekkiej, rozrywkowej tematyce cieszy\u0142o si\u0119 du\u017c\u0105 popularno\u015bci\u0105 w\u015br\u00f3d wielu Polak\u00f3w. Podobnie Zoom TV, gdzie mo\u017cna by\u0142o \u015bledzi\u0107 programy rozrywkowe, w tym kabarety oraz tre\u015bci z szeroko poj\u0119tej tematyki lifestylowej.<\/p>\n<p class=\"typography ids-typeset-body ids-typeset-body--preset-large link paragraph ids-paragraph ids-paragraph--default\">Cho\u0107 kana\u0142y nie s\u0105 ju\u017c dost\u0119pne w ofercie telewizji naziemnej, to ich wierni widzowie mog\u0105 nadal cieszy\u0107 si\u0119 ich tre\u015bciami, tyle \u017ce w opcjach p\u0142atnych. Metro i Zoom TV b\u0119d\u0105 dost\u0119pne w telewizji kablowej, satelitarnej oraz w streamingu.<\/p>\n<p class=\"typography ids-typeset-body ids-typeset-body--preset-large link paragraph ids-paragraph ids-paragraph--default\">Znikni\u0119cie dw\u00f3ch kana\u0142\u00f3w z oferty to niejedyne zmiany, jakie szykuj\u0105 si\u0119 w telewizji naziemnej.<\/p>\n<p>Zmiany w telewizji naziemnej w 2026 roku<\/p>\n<p class=\"typography ids-typeset-body ids-typeset-body--preset-large link paragraph ids-paragraph ids-paragraph--default\">U\u017cytkownik\u00f3w telewizji naziemnej czeka du\u017ca zmiana na pocz\u0105tku 2026 roku. Emitel, czyli operator techniczny podj\u0105\u0142 decyzj\u0119 o przej\u015bciu na standard DVB-T2\/HEVC, co prze\u0142o\u017cy si\u0119 na lepsz\u0105 jako\u015b\u0107 obrazu. Jednak swoje ulubione programy w jako\u015bci HD b\u0119d\u0105 mog\u0142y ogl\u0105da\u0107 jedynie osoby dysponuj\u0105ce odbiornikami oraz antenami oferuj\u0105cymi ten standard obrazu. U\u017cytkownicy, kt\u00f3rych sprz\u0119t nie ma funkcji HD, mog\u0105 do\u015bwiadcza\u0107 pewnych problem\u00f3w z sygna\u0142em telewizyjnym. Konkretna data wprowadzenia nowego standardu nie zosta\u0142a jeszcze podana. Podobna zmiana zosta\u0142a ju\u017c wprowadzona w 2022 roku w przypadku platformy MUX 3, zatem widzowie, kt\u00f3rzy bez problemu odbieraj\u0105 dzi\u015b Telewizj\u0119 Polsk\u0105, nie musz\u0105 si\u0119 martwi\u0107.<\/p>\n<p>Jak przechowywa\u0107 \u015bwi\u0105teczne potrawy? Dietetyczka ostrzega przed b\u0142\u0119damiPolsat<\/p>\n<p><a class=\"ids-undecorated-link source ids-page-info--source__link\" href=\"https:\/\/www.interia.pl\" rel=\"nofollow noopener\" target=\"_blank\"><img decoding=\"async\" class=\"ids-image-holder__img\" loading=\"lazy\" alt=\"\" title=\"\" height=\"24px\" src=\"https:\/\/www.europesays.com\/pl\/wp-content\/uploads\/2025\/12\/1767018369_582_0009A60QQ5I2TYF7-C202-F4.webp.webp\"\/><\/a><\/p>\n<p>Masz sugestie, uwagi albo widzisz b\u0142\u0105d? Napisz do nas<\/p>\n","protected":false},"excerpt":{"rendered":"Od 29 grudnia znikaj\u0105 dwa kana\u0142y z telewizji naziemnej 28 grudnia dobieg\u0142a ko\u0144ca koncesja Green Content oraz Grupa&hellip;\n","protected":false},"author":2,"featured_media":176552,"comment_status":"","ping_status":"","sticky":false,"template":"","format":"standard","meta":{"footnotes":""},"categories":[22],"tags":[122,42,38,40,39,41,123],"class_list":{"0":"post-176551","1":"post","2":"type-post","3":"status-publish","4":"format-standard","5":"has-post-thumbnail","7":"category-rozrywka","8":"tag-entertainment","9":"tag-pl","10":"tag-poland","11":"tag-polish","12":"tag-polska","13":"tag-polski","14":"tag-rozrywka"},"share_on_mastodon":{"url":"","error":""},"_links":{"self":[{"href":"https:\/\/www.europesays.com\/pl\/wp-json\/wp\/v2\/posts\/176551","targetHints":{"allow":["GET"]}}],"collection":[{"href":"https:\/\/www.europesays.com\/pl\/wp-json\/wp\/v2\/posts"}],"about":[{"href":"https:\/\/www.europesays.com\/pl\/wp-json\/wp\/v2\/types\/post"}],"author":[{"embeddable":true,"href":"https:\/\/www.europesays.com\/pl\/wp-json\/wp\/v2\/users\/2"}],"replies":[{"embeddable":true,"href":"https:\/\/www.europesays.com\/pl\/wp-json\/wp\/v2\/comments?post=176551"}],"version-history":[{"count":0,"href":"https:\/\/www.europesays.com\/pl\/wp-json\/wp\/v2\/posts\/176551\/revisions"}],"wp:featuredmedia":[{"embeddable":true,"href":"https:\/\/www.europesays.com\/pl\/wp-json\/wp\/v2\/media\/176552"}],"wp:attachment":[{"href":"https:\/\/www.europesays.com\/pl\/wp-json\/wp\/v2\/media?parent=176551"}],"wp:term":[{"taxonomy":"category","embeddable":true,"href":"https:\/\/www.europesays.com\/pl\/wp-json\/wp\/v2\/categories?post=176551"},{"taxonomy":"post_tag","embeddable":true,"href":"https:\/\/www.europesays.com\/pl\/wp-json\/wp\/v2\/tags?post=176551"}],"curies":[{"name":"wp","href":"https:\/\/api.w.org\/{rel}","templated":true}]}}