{"id":176561,"date":"2025-12-29T18:08:20","date_gmt":"2025-12-29T18:08:20","guid":{"rendered":"https:\/\/www.europesays.com\/pl\/176561\/"},"modified":"2025-12-29T18:08:20","modified_gmt":"2025-12-29T18:08:20","slug":"kto-zagra-w-finalach-tauron-pucharu-polski-chetnych-jest-osmiu","status":"publish","type":"post","link":"https:\/\/www.europesays.com\/pl\/176561\/","title":{"rendered":"Kto zagra w fina\u0142ach TAURON Pucharu Polski? Ch\u0119tnych jest o\u015bmiu"},"content":{"rendered":"<p>PlusLiga z PLS 1. Liga maj\u0105 wolne, ale osiem dru\u017cyn jeszcze w 2025 roku rozegra \u0107wier\u0107fina\u0142owe mecze o TAURON Puchar Polski. Na wielki turniej w krakowskiej TAURON Arenie pojad\u0105 tylko cztery, a finalist\u00f3w poznamy w poniedzia\u0142ek i wtorek!<\/p>\n<p>Rozgrywki zacz\u0119\u0142y si\u0119 we wrze\u015bniu, a sko\u0144cz\u0105 w 11 stycznia w Krakowie. BBTS Bielsko-Bia\u0142a i Stal Nysa w drodze do \u0107wier\u0107fina\u0142u musia\u0142y rozegra\u0107 cztery mecze, a BOGDANKA LUK Lublin, PGE Projekt Warszawa, Aluron CMC Warta Zawiercie, Indykpol AZS Olsztyn, PGE GiEK Skra Be\u0142chat\u00f3w oraz Asseco Resovia Rzesz\u00f3w \u2013 a\u017c 13, by zapewni\u0107 sobie miejsce w czo\u0142owej sz\u00f3stce PlusLigi.<\/p>\n<p>Wiadomo ju\u017c, \u017ce pucharu nie obroni JSW Jastrz\u0119bski W\u0119giel, kt\u00f3ry zaj\u0105\u0142 si\u00f3dme miejsce, w tej sytuacji ostatnim triumfatorem spo\u015br\u00f3d \u0107wier\u0107finalist\u00f3w jest Aluron CMC Warta, najlepsza w 2024 roku.<\/p>\n<p>W pierwszym meczu \u2013 w poniedzia\u0142ek \u2013 BBTS, sz\u00f3sty w PLS 1. Lidze, zmierzy si\u0119 z Indykpolem AZS Olsztyn. Najbardziej utytu\u0142owanym zawodnikiem bielskiego klubu jest Mateusz Zawalski, kt\u00f3ry by\u0142 w kadrze ZAKSY K\u0119dzierzyn-Ko\u017ale, gdy w 2021 roku wygrywa\u0142a Lig\u0119 Mistrz\u00f3w i zdobywa\u0142a TAURON Puchar Polski. S\u0105 jeszcze Bartosz Bu\u0107ko i Szymon Roma\u0107, kapitan dru\u017cyny.<\/p>\n<blockquote><p>&#13;<\/p>\n<p>O sile i jako\u015bci naszego najbli\u017cszego przeciwnika nie musimy nikogo przekonywa\u0107. Olsztynianie w pierwszej rundzie siatkarskiej ekstraklasy ponie\u015bli cztery pora\u017cki, z czego trzy razy dopiero po tie-breaku. To zesp\u00f3\u0142 walcz\u0105cy w ka\u017cdym spotkaniu i na pewno nie zmieni si\u0119 to w meczu z BBTS-em. Nasi zawodnicy &#8211; i jestem o tym przekonany &#8211; b\u0119d\u0105 chcieli pokaza\u0107 200 proc. swoich umiej\u0119tno\u015bci, bo w\u0142a\u015bnie po to pracowali\u015bmy przez ostatnie miesi\u0105ce by zagra\u0107 w takim spotkaniu &#8211;\u00a0m\u00f3wi\u00a0Adrian Hunek, trener BBTS Bielsko-Bia\u0142a.\u00a0<\/p>\n<p>&#13;\n<\/p><\/blockquote>\n<p>Faworytem jest Indykpol AZS, ale nie od dzi\u015b wiadomo, \u017ce Puchar Polski rz\u0105dzi si\u0119 swoimi prawami. &#8211; \u2013\u00a0Skupiamy si\u0119 tylko i wy\u0142\u0105cznie na naszym najbli\u017cszym przeciwniku. Nie ma w\u015br\u00f3d nas dodatkowej presji czy emocji zwi\u0105zanych z rang\u0105 meczu, tym, \u017ce gramy w TAURON Pucharze Polski. Chcemy wygra\u0107, innego scenariusza nie bierzemy pod uwag\u0119\u00a0\u2013 zapowiada Kuba Hawryluk, libero olszty\u0144skiego zespo\u0142u. Jak smakuje zdobycie pucharu wie trener Daniel Pli\u0144ski, kt\u00f3ry dokona\u0142 tego pi\u0119ciokrotnie (z Polsk\u0105 Energi\u0105 Sosnowiec i PGE Skr\u0105 Be\u0142chat\u00f3w).<\/p>\n<p><img decoding=\"async\" class=\"  wgimage\" src=\"https:\/\/www.europesays.com\/pl\/wp-content\/uploads\/2025\/12\/20251219PF_AS079.jpg\" alt=\"\"\/><\/p>\n<p>W drugim poniedzia\u0142kowym spotkaniu PGE Projekt Warszawa zagra z PGE GiEK Skr\u0105 Be\u0142chat\u00f3w. Oba zespo\u0142y 10 dni temu zmierzy\u0142y si\u0119 w 13. kolejce PlusLigi \u2013 3:1 wygrali warszawianie, ale \u0142atwo nie mieli, bo drugim secie zwyci\u0119\u017cyli 31:29. P\u00f3\u017aniej wicelider mia\u0142 k\u0142opoty zdrowotne i na mecz do Lublina pojecha\u0142 w siedmioosobowym sk\u0142adzie. Bilans spotka\u0144 ligowych mi\u0119dzy tymi klubami jest korzystny dla be\u0142chatowskiej dru\u017cyny, ale pi\u0119\u0107 ostatnich w stolicy wygrali gospodarze. Na pewno jednak wytypowanie zwyci\u0119zcy w tej parze jest trudniejsze ni\u017c w poprzedniej.<\/p>\n<p>W przedostatnim dniu 2025 roku pierwszy \u0107wier\u0107fina\u0142 zostanie rozegrany w Nysie, gdzie Stal, wicelider PLS 1. Ligi, zagra z BOGDANK\u0104 LUK-iem, najlepszym na p\u00f3\u0142metku PlusLigi. W poprzednim sezonie, na najwy\u017cszym poziomie, dwa razy lepsi byli p\u00f3\u017aniejsi mistrzowie Polski. W przed\u015bwi\u0105tecznym spotkaniu z PGE Projektem trener Stephane Antiga oszcz\u0119dza\u0142 Wilfredo Leona, za to prowadzona przez Marka Lebedewa Stal pokona\u0142a w Katowicach GKS \u2013 lidera tabeli.<\/p>\n<p><img decoding=\"async\" class=\"  wgimage\" src=\"https:\/\/www.europesays.com\/pl\/wp-content\/uploads\/2025\/12\/1767031700_779_SUM_4970.jpg\" alt=\"\"\/><\/p>\n<p>W ostatnim meczu siatkarskim w 2025 roku w Polsce Aluron CMC Warta zmierzy si\u0119 z Asseco Resovi\u0105. B\u0119dzie to dla tych dru\u017cyn ju\u017c trzecia konfrontacja w tym sezonie. 22 listopada w Rzeszowie 3:0 zwyci\u0119\u017cyli podopieczni Micha\u0142a Winiarskiego i by\u0142a to ich sz\u00f3sta kolejna ligowa wygrana z rzeszowianami. 10 grudnia te dru\u017cyny zn\u00f3w si\u0119 zmierzy\u0142y, ale w Lidze Mistrz\u00f3w. Zawiercianie te\u017c wygrali, tyle \u017ce 3:1.<\/p>\n<p>Turniej fina\u0142owy o TAURON Puchar Polski odb\u0119dzie si\u0119 10 i 11 stycznia w Krakowie. <a href=\"https:\/\/www.eventim.pl\/artist\/pls\/\" rel=\"nofollow noopener\" target=\"_blank\">Bilety na to wydarzenie mo\u017cna kupowa\u0107 za po\u015brednictwem portalu eventim.pl<\/a>.<\/p>\n<p>Program \u0107wier\u0107fina\u0142\u00f3w TAURON Pucharu Polski<\/p>\n<p>BBTS Bielsko-Bia\u0142a &#8211; Indykpol AZS Olsztyn, poniedzia\u0142ek, godz. 17.30<\/p>\n<p>PGE Projekt Warszawa &#8211; PGE GiEK Skra Be\u0142chat\u00f3w, poniedzia\u0142ek, godz. 20<\/p>\n<p>Stal Nysa &#8211; BOGDANKA LUK Lublin, wtorek, godz. 17.30<\/p>\n<p>Aluron CMC Warta Zawiercie &#8211; Asseco Resovia Rzesz\u00f3w, poniedzia\u0142ek, godz. 20<\/p>\n<p>Transmisje w Polsacie Sport<\/p>\n<p>\t\t\t<a class=\"btn btn-default btn-back\" href=\"https:\/\/www.plusliga.pl\/message\/section\/news.html\" rel=\"nofollow noopener\" target=\"_blank\">Powr\u00f3t do listy<\/a><\/p>\n<p>\n        Powi\u0105zane informacje\n    <\/p>\n<p>\n        POWI\u0104ZANE WIADOMO\u015aCI\n    <\/p>\n","protected":false},"excerpt":{"rendered":"PlusLiga z PLS 1. Liga maj\u0105 wolne, ale osiem dru\u017cyn jeszcze w 2025 roku rozegra \u0107wier\u0107fina\u0142owe mecze o&hellip;\n","protected":false},"author":2,"featured_media":176562,"comment_status":"","ping_status":"","sticky":false,"template":"","format":"standard","meta":{"footnotes":""},"categories":[5],"tags":[32,33,36,37,27,34,35,28,31,25,4448,6243,42,6242,38,40,39,41,6244,131,29,30,26],"class_list":{"0":"post-176561","1":"post","2":"type-post","3":"status-publish","4":"format-standard","5":"has-post-thumbnail","7":"category-naglowki","8":"tag-breaking-news","9":"tag-breakingnews","10":"tag-featured-news","11":"tag-featurednews","12":"tag-headlines","13":"tag-latest-news","14":"tag-latestnews","15":"tag-naglowki","16":"tag-najwazniejsze-artykuly","17":"tag-news","18":"tag-pilka","19":"tag-pilka-siatkowa","20":"tag-pl","21":"tag-plusliga","22":"tag-poland","23":"tag-polish","24":"tag-polska","25":"tag-polski","26":"tag-siatka","27":"tag-siatkowka","28":"tag-top-stories","29":"tag-topstories","30":"tag-wiadomosci"},"share_on_mastodon":{"url":"https:\/\/pubeurope.com\/@pl\/115804196325554743","error":""},"_links":{"self":[{"href":"https:\/\/www.europesays.com\/pl\/wp-json\/wp\/v2\/posts\/176561","targetHints":{"allow":["GET"]}}],"collection":[{"href":"https:\/\/www.europesays.com\/pl\/wp-json\/wp\/v2\/posts"}],"about":[{"href":"https:\/\/www.europesays.com\/pl\/wp-json\/wp\/v2\/types\/post"}],"author":[{"embeddable":true,"href":"https:\/\/www.europesays.com\/pl\/wp-json\/wp\/v2\/users\/2"}],"replies":[{"embeddable":true,"href":"https:\/\/www.europesays.com\/pl\/wp-json\/wp\/v2\/comments?post=176561"}],"version-history":[{"count":0,"href":"https:\/\/www.europesays.com\/pl\/wp-json\/wp\/v2\/posts\/176561\/revisions"}],"wp:featuredmedia":[{"embeddable":true,"href":"https:\/\/www.europesays.com\/pl\/wp-json\/wp\/v2\/media\/176562"}],"wp:attachment":[{"href":"https:\/\/www.europesays.com\/pl\/wp-json\/wp\/v2\/media?parent=176561"}],"wp:term":[{"taxonomy":"category","embeddable":true,"href":"https:\/\/www.europesays.com\/pl\/wp-json\/wp\/v2\/categories?post=176561"},{"taxonomy":"post_tag","embeddable":true,"href":"https:\/\/www.europesays.com\/pl\/wp-json\/wp\/v2\/tags?post=176561"}],"curies":[{"name":"wp","href":"https:\/\/api.w.org\/{rel}","templated":true}]}}