{"id":176585,"date":"2025-12-29T18:21:14","date_gmt":"2025-12-29T18:21:14","guid":{"rendered":"https:\/\/www.europesays.com\/pl\/176585\/"},"modified":"2025-12-29T18:21:14","modified_gmt":"2025-12-29T18:21:14","slug":"droga-miedzy-jakuszycami-a-czeskim-harrachovem-zamknieta","status":"publish","type":"post","link":"https:\/\/www.europesays.com\/pl\/176585\/","title":{"rendered":"Droga mi\u0119dzy Jakuszycami a czeskim Harrachovem zamkni\u0119ta"},"content":{"rendered":"<p>                                  <img decoding=\"async\" itemprop=\"image\" style=\"display:none;\" src=\"https:\/\/www.europesays.com\/pl\/wp-content\/uploads\/2025\/12\/000M4U2PAAOIJ8IX-C316.webp.webp\" alt=\"Droga mi\u0119dzy Jakuszycami a czeskim Harrachovem od godz. 18 do co najmniej wtorkowego poranka b\u0119dzie zamkni\u0119ta - poda\u0142y s\u0142u\u017cby wojewody dolno\u015bl\u0105skiej. Decyzj\u0119 podj\u0119li Czesi. Trasa jest \u015bliska, temperatura niska, a synoptycy zapowiadaj\u0105 intensywne opady \u015bniegu. To du\u017ce zagro\u017cenie na kr\u0119tych, g\u00f3rskich drogach - uznali nasi po\u0142udniowi s\u0105siedzi. Apeluj\u0105, by zaplanowa\u0107 tras\u0119 alternatywn\u0105.\" title=\"Droga z Czech do Polski zamkni\u0119ta - Wroc\u0142aw\"\/><\/p>\n<p class=\"article-lead\">Droga mi\u0119dzy Jakuszycami a czeskim Harrachovem od godz. 18 do co najmniej wtorkowego poranka b\u0119dzie zamkni\u0119ta &#8211; poda\u0142y s\u0142u\u017cby wojewody dolno\u015bl\u0105skiej. Decyzj\u0119 podj\u0119li Czesi. Trasa jest \u015bliska, temperatura niska, a synoptycy zapowiadaj\u0105 intensywne opady \u015bniegu. To du\u017ce zagro\u017cenie na kr\u0119tych, g\u00f3rskich drogach &#8211; uznali nasi po\u0142udniowi s\u0105siedzi. Apeluj\u0105, by zaplanowa\u0107 tras\u0119 alternatywn\u0105.<\/p>\n<p>                         &#13;<br \/>\n        &#13;<\/p>\n<p>                                        &#13;<br \/>\n                        &#13;<br \/>\n                            <img decoding=\"async\" src=\"https:\/\/www.europesays.com\/pl\/wp-content\/uploads\/2025\/12\/000M4U2PAAOIJ8IX-C123-F4.jpg\" title=\"Droga z Czech do Polski zamkni\u0119ta\" alt=\"Droga prowadz\u0105ca z Jakuszyc do czeskiego Harrachova (zdj\u0119cie archiwalne). \/Grzegorz Hawa\u0142ej  \/PAP\" class=\"img-responsive\"\/>&#13;<\/p>\n<p>                            &#13;<\/p>\n<p>      &#13;<br \/>\n                            Droga prowadz\u0105ca z Jakuszyc do czeskiego Harrachova (zdj\u0119cie archiwalne).&#13;<br \/>\n                                    \/Grzegorz Hawa\u0142ej  \/PAP  &#13;\n                                    <\/p>\n<p>&#13;<\/p>\n<p>                    <a href=\"https:\/\/www.rmf24.pl\/pogoda\/news-burze-sniezne-i-gololedz-alert-dla-13-wojewodztw,nId,8053903\" rel=\"nofollow noopener\" target=\"_blank\">Burze \u015bnie\u017cne i go\u0142oled\u017a. Alert dla 13 wojew\u00f3dztw<\/a><\/p>\n<p>Jak przekaza\u0142 w\u00a0komunikacie rzecznik wojewody dolno\u015bl\u0105skiej Tomasz Jankowski, czeskie s\u0142u\u017cby poinformowa\u0142y, \u017ce zamkni\u0119cie drogi (po polskiej stronie DK nr 5) nast\u0105pi o\u00a0godz. 18 i\u00a0potrwa co najmniej do godz. 6 we wtorek.<\/p>\n<p>&#8222;Zamkni\u0119cie dotyczy wszystkich pojazd\u00f3w mechanicznych&#8221; &#8211; zapowiedzia\u0142 Jankowski.<\/p>\n<p>Czesi zdecydowali si\u0119 na czasowe zamkni\u0119cie drogi ze wzgl\u0119du na bardzo niskie temperatury i\u00a0prognozowane, intensywne opady \u015bniegu, kt\u00f3re mog\u0105 znacz\u0105co pogorszy\u0107 warunki drogowe i\u00a0stanowi\u0107 powa\u017cne zagro\u017cenie.<\/p>\n<p>Przej\u015bcie graniczne Jakuszyce-Harrachov znajduje si\u0119 powiecie karkonoskim na drodze prowadz\u0105cej do Czech od strony Szklarskiej Por\u0119by.<\/p>\n","protected":false},"excerpt":{"rendered":"Droga mi\u0119dzy Jakuszycami a czeskim Harrachovem od godz. 18 do co najmniej wtorkowego poranka b\u0119dzie zamkni\u0119ta &#8211; poda\u0142y&hellip;\n","protected":false},"author":2,"featured_media":176586,"comment_status":"","ping_status":"","sticky":false,"template":"","format":"standard","meta":{"footnotes":""},"categories":[12],"tags":[32,33,36,37,27,34,35,28,31,25,42,38,40,39,41,29,30,26],"class_list":{"0":"post-176585","1":"post","2":"type-post","3":"status-publish","4":"format-standard","5":"has-post-thumbnail","7":"category-polska","8":"tag-breaking-news","9":"tag-breakingnews","10":"tag-featured-news","11":"tag-featurednews","12":"tag-headlines","13":"tag-latest-news","14":"tag-latestnews","15":"tag-naglowki","16":"tag-najwazniejsze-artykuly","17":"tag-news","18":"tag-pl","19":"tag-poland","20":"tag-polish","21":"tag-polska","22":"tag-polski","23":"tag-top-stories","24":"tag-topstories","25":"tag-wiadomosci"},"share_on_mastodon":{"url":"https:\/\/pubeurope.com\/@pl\/115804247534396444","error":""},"_links":{"self":[{"href":"https:\/\/www.europesays.com\/pl\/wp-json\/wp\/v2\/posts\/176585","targetHints":{"allow":["GET"]}}],"collection":[{"href":"https:\/\/www.europesays.com\/pl\/wp-json\/wp\/v2\/posts"}],"about":[{"href":"https:\/\/www.europesays.com\/pl\/wp-json\/wp\/v2\/types\/post"}],"author":[{"embeddable":true,"href":"https:\/\/www.europesays.com\/pl\/wp-json\/wp\/v2\/users\/2"}],"replies":[{"embeddable":true,"href":"https:\/\/www.europesays.com\/pl\/wp-json\/wp\/v2\/comments?post=176585"}],"version-history":[{"count":0,"href":"https:\/\/www.europesays.com\/pl\/wp-json\/wp\/v2\/posts\/176585\/revisions"}],"wp:featuredmedia":[{"embeddable":true,"href":"https:\/\/www.europesays.com\/pl\/wp-json\/wp\/v2\/media\/176586"}],"wp:attachment":[{"href":"https:\/\/www.europesays.com\/pl\/wp-json\/wp\/v2\/media?parent=176585"}],"wp:term":[{"taxonomy":"category","embeddable":true,"href":"https:\/\/www.europesays.com\/pl\/wp-json\/wp\/v2\/categories?post=176585"},{"taxonomy":"post_tag","embeddable":true,"href":"https:\/\/www.europesays.com\/pl\/wp-json\/wp\/v2\/tags?post=176585"}],"curies":[{"name":"wp","href":"https:\/\/api.w.org\/{rel}","templated":true}]}}