{"id":176651,"date":"2025-12-29T18:55:09","date_gmt":"2025-12-29T18:55:09","guid":{"rendered":"https:\/\/www.europesays.com\/pl\/176651\/"},"modified":"2025-12-29T18:55:09","modified_gmt":"2025-12-29T18:55:09","slug":"pokrowsk-rosyjscy-zolnierze-rozstrzelali-ukrywajacych-sie-cywilow","status":"publish","type":"post","link":"https:\/\/www.europesays.com\/pl\/176651\/","title":{"rendered":"Pokrowsk. Rosyjscy \u017co\u0142nierze rozstrzelali ukrywaj\u0105cych si\u0119 cywil\u00f3w"},"content":{"rendered":"<p>Do zbrodni dosz\u0142o w nocy z 20 na 21 grudnia w jednym z dom\u00f3w w Pokrowsku w obwodzie donieckim na wschodzie Ukrainy. To wtedy przed budynkiem pojawili si\u0119 rosyjscy \u017co\u0142nierze. Na spotkanie wyszli im ukrywaj\u0105cy si\u0119 w \u015brodku ojciec i syn.\u00a0<\/p>\n<p>Za\u017c\u0105dali alkoholu, p\u00f3\u017aniej otworzyli ogie\u0144. Kolejna zbrodnia Rosjan\u00a0<\/p>\n<p>\u017bo\u0142nierze za\u017c\u0105dali od nich alkoholu. Gdy us\u0142yszeli, \u017ce go nie ma, z zimn\u0105 krwi\u0105 zastrzelili obu m\u0119\u017cczyzn. Nast\u0119pnie weszli do piwnicy, gdzie zabili kolejne osoby ukrywaj\u0105ce si\u0119 przed ostrza\u0142em.<\/p>\n<p>\u00a0<\/p>\n<p>\u0141\u0105cznie Rosjanie zastrzelili siedmioro cywil\u00f3w. Masakr\u0119 prze\u017cy\u0142 tylko jeden m\u0119\u017cczyzna znajduj\u0105cy si\u0119 w piwnicy, kt\u00f3ry udawa\u0142 martwego. Uda\u0142o mu si\u0119 wydosta\u0107 z budynku i uciec.<\/p>\n<p>\u00a0<\/p>\n<p>ZOBACZ: <a href=\"https:\/\/www.polsatnews.pl\/wiadomosc\/2025-12-28\/systemowe-stosowanie-tortur-ukrainski-jeniec-o-niewoli-u-rosjan\/\" target=\"_blank\" rel=\"noopener noreferrer nofollow\">&#8222;Systemowe stosowanie tortur&#8221;. Ukrai\u0144ski jeniec o niewoli u Rosjan<\/a><\/p>\n<p>\u00a0<\/p>\n<p>Po dokonaniu zbrodni \u017co\u0142nierze poinformowali swoich prze\u0142o\u017conych, \u017ce w budynku &#8222;zlikwidowano grup\u0119 dywersyjno-rozpoznawcz\u0105 ukrai\u0144skiej armii&#8221;.<\/p>\n<p>\u00a0<\/p>\n<p>Z doniesie\u0144 ukrai\u0144skiego wywiadu wojskowego wynika, \u017ce dzi\u0119ki zeznaniom \u015bwiadka, dwaj sprawcy masakry zostali zatrzymani przez rosyjskie s\u0142u\u017cby. &#8222;Sprawa nie zosta\u0142a jednak oficjalnie nag\u0142o\u015bniona, co mo\u017ce wskazywa\u0107 na pr\u00f3b\u0119 jej wyciszenia&#8221; &#8211; oceniono.<\/p>\n<p>\u00a0<\/p>\n<p>To jednak nie koniec. Z ustale\u0144 ukrai\u0144skiego wywiadu wojskowego wynika, \u017ce 22 grudnia, \u017co\u0142nierze tej samej rosyjskiej jednostki mieli dopu\u015bci\u0107 si\u0119 gwa\u0142tu na mieszkance rejonu pokrowskiego, a nast\u0119pnie torturowa\u0107 i zabi\u0107 jej m\u0119\u017ca. Kobieta mia\u0142a z\u0142o\u017cy\u0107 w tej sprawie zeznania rosyjskiej policji wojskowej.\u00a0<\/p>\n<p>Walki o Pokrowsk. Rosyjscy \u017co\u0142nierze rozstrzelali je\u0144c\u00f3w<\/p>\n<p>Pokrowsk znajduje si\u0119 w strefie intensywnych dzia\u0142a\u0144 wojennych w obwodzie donieckim. Organizacje mi\u0119dzynarodowe wielokrotnie informowa\u0142y o zab\u00f3jstwach, torturach i przemocy wobec ludno\u015bci cywilnej na terenach zajmowanych przez wojska rosyjskie.<\/p>\n<p>\u00a0<\/p>\n<p>ZOBACZ: <a href=\"https:\/\/www.polsatnews.pl\/wiadomosc\/2025-12-08\/chcial-walczyc-z-ukraincami-zostal-zabity-przez-rosjan-jest-wyrok-w-glosnej-sprawie\/\" target=\"_blank\" rel=\"noopener noreferrer nofollow\">Chcia\u0142 walczy\u0107 z Ukrai\u0144cami, zosta\u0142 zabity przez Rosjan. Jest wyrok w g\u0142o\u015bnej sprawie<\/a><\/p>\n<p>\u00a0<\/p>\n<p>Doniecka prokuratura obwodowa, kt\u00f3ra dzia\u0142a na obszarach kontrolowanych przez Ukrain\u0119, donios\u0142a w osobnym komunikacie, \u017ce wszcz\u0119\u0142a \u015bledztwo w sprawie rozstrzelania przez przedstawicieli armii Rosji dw\u00f3ch ukrai\u0144skich \u017co\u0142nierzy, wzi\u0119tych do niewoli w rejonie pokrowskim.<\/p>\n<p>\u00a0<\/p>\n<p>Dosz\u0142o do tego 27 grudnia, podczas szturmu na pozycje we wsi Szachowe. &#8222;Przedstawiciele pa\u0144stwa agresora wzi\u0119li do niewoli dw\u00f3ch \u017co\u0142nierzy Si\u0142 Zbrojnych Ukrainy, kt\u00f3rzy wykonywali zadanie bojowe na jednej z pozycji. Okupanci, gro\u017c\u0105c broni\u0105 paln\u0105, zmusili jednego z nich do cz\u0119\u015bciowego rozebrania si\u0119, po czym rozstrzelali obu rozbrojonych obro\u0144c\u00f3w. Widz\u0105c, \u017ce je\u0144cy wojenni zgin\u0119li, zdj\u0119li ubranie tak\u017ce z drugiego, ju\u017c zabitego obro\u0144cy&#8221; &#8211; poda\u0142a prokuratura na Facebooku.<\/p>\n<p>\u00a0<\/p>\n<p>Widzia\u0142e\u015b co\u015b wa\u017cnego? Przy\u015blij zdj\u0119cie, film lub napisz, co si\u0119 sta\u0142o. Skorzystaj z naszej <a href=\"https:\/\/www.polsatnews.pl\/platforma-widzow\/\" target=\"_blank\" rel=\"noopener noreferrer nofollow\">Wrzutni<\/a><\/p>\n<p>                <img decoding=\"async\" src=\"https:\/\/www.europesays.com\/pl\/wp-content\/uploads\/2025\/12\/rkmy4hyuwc4wpn38vcok1bt9jrroymdg.jpg\" alt=\"\" itemprop=\"contentUrl\" style=\"position:absolute; width: 100%; max-height: 100%;\"\/><video controls=\"\" controlslist=\"nodownload\" poster=\"https:\/\/www.europesays.com\/pl\/wp-content\/uploads\/2025\/12\/rkmy4hyuwc4wpn38vcok1bt9jrroymdg.jpg\" class=\"videoPlayer player6856112 news__video\" data-id=\"6856112\">Twoja przegl\u0105darka nie wspiera odtwarzacza wideo&#8230;<\/video><\/p>\n<p>                <a class=\"news__read-more-button\" href=\"https:\/\/www.polsatnews.pl\/\" rel=\"nofollow noopener\" target=\"_blank\">Czytaj wi\u0119cej<\/a><\/p>\n","protected":false},"excerpt":{"rendered":"Do zbrodni dosz\u0142o w nocy z 20 na 21 grudnia w jednym z dom\u00f3w w Pokrowsku w obwodzie&hellip;\n","protected":false},"author":2,"featured_media":176652,"comment_status":"","ping_status":"","sticky":false,"template":"","format":"standard","meta":{"footnotes":""},"categories":[14],"tags":[32,33,27,34,35,28,31,25,40,41,80,29,30,26,82,83,84],"class_list":{"0":"post-176651","1":"post","2":"type-post","3":"status-publish","4":"format-standard","5":"has-post-thumbnail","7":"category-swiat","8":"tag-breaking-news","9":"tag-breakingnews","10":"tag-headlines","11":"tag-latest-news","12":"tag-latestnews","13":"tag-naglowki","14":"tag-najwazniejsze-artykuly","15":"tag-news","16":"tag-polish","17":"tag-polski","18":"tag-swiat","19":"tag-top-stories","20":"tag-topstories","21":"tag-wiadomosci","22":"tag-world","23":"tag-world-news","24":"tag-worldnews"},"share_on_mastodon":{"url":"","error":""},"_links":{"self":[{"href":"https:\/\/www.europesays.com\/pl\/wp-json\/wp\/v2\/posts\/176651","targetHints":{"allow":["GET"]}}],"collection":[{"href":"https:\/\/www.europesays.com\/pl\/wp-json\/wp\/v2\/posts"}],"about":[{"href":"https:\/\/www.europesays.com\/pl\/wp-json\/wp\/v2\/types\/post"}],"author":[{"embeddable":true,"href":"https:\/\/www.europesays.com\/pl\/wp-json\/wp\/v2\/users\/2"}],"replies":[{"embeddable":true,"href":"https:\/\/www.europesays.com\/pl\/wp-json\/wp\/v2\/comments?post=176651"}],"version-history":[{"count":0,"href":"https:\/\/www.europesays.com\/pl\/wp-json\/wp\/v2\/posts\/176651\/revisions"}],"wp:featuredmedia":[{"embeddable":true,"href":"https:\/\/www.europesays.com\/pl\/wp-json\/wp\/v2\/media\/176652"}],"wp:attachment":[{"href":"https:\/\/www.europesays.com\/pl\/wp-json\/wp\/v2\/media?parent=176651"}],"wp:term":[{"taxonomy":"category","embeddable":true,"href":"https:\/\/www.europesays.com\/pl\/wp-json\/wp\/v2\/categories?post=176651"},{"taxonomy":"post_tag","embeddable":true,"href":"https:\/\/www.europesays.com\/pl\/wp-json\/wp\/v2\/tags?post=176651"}],"curies":[{"name":"wp","href":"https:\/\/api.w.org\/{rel}","templated":true}]}}