{"id":176655,"date":"2025-12-29T18:57:03","date_gmt":"2025-12-29T18:57:03","guid":{"rendered":"https:\/\/www.europesays.com\/pl\/176655\/"},"modified":"2025-12-29T18:57:03","modified_gmt":"2025-12-29T18:57:03","slug":"firma-dzialala-niemal-100-lat-polska-mleczarnia-wyprzedaje-majatek","status":"publish","type":"post","link":"https:\/\/www.europesays.com\/pl\/176655\/","title":{"rendered":"Firma dzia\u0142a\u0142a niemal 100 lat. Polska mleczarnia wyprzedaje maj\u0105tek"},"content":{"rendered":"<p data-section=\"detail-body\">ROTR Sp\u00f3\u0142dzielnia Mleczarska w Rypinie nieprzerwanie istnia\u0142a blisko 100 lat. Od kilku lat sytuacja mleczarni by\u0142a coraz gorsza, a\u017c obecnie jej maj\u0105tek zosta\u0142 wystawiony przez syndyka na sprzeda\u017c. <\/p>\n<p class=\"article_p\" data-section=\"detail-body\">Zobacz tak\u017ce: <a href=\"https:\/\/businessinsider.com.pl\/wiadomosci\/eskimos-sa-oglasza-upadlosc-to-efekt-problemow-finansowych-producenta-mrozonek\/v5tmmp1\" id=\"c7b330d7-eb17-4806-a800-54c02d25b7ef\" rel=\"nofollow noopener\" target=\"_blank\">Polski gigant spo\u017cywczy og\u0142asza upad\u0142o\u015b\u0107<\/a><\/p>\n<p class=\"article_p\" data-section=\"detail-body\">Jak relacjonuje serwis DlaHandlu.pl, ROTR Sp\u00f3\u0142dzielnia Mleczarska w Rypinie przez dekady by\u0142 filarem lokalnej gospodarki i jednym z lider\u00f3w bran\u017cy mleczarskiej w Polsce. Upad\u0142o\u015b\u0107 sp\u00f3\u0142dzielni oznacza nie tylko utrat\u0119 miejsc pracy, ale te\u017c powa\u017cne straty dla ponad 1000 os\u00f3b, w tym rolnik\u00f3w. Sprzeda\u017c maj\u0105tku to ostatnia szansa na zaspokojenie cho\u0107 cz\u0119\u015bci roszcze\u0144 wierzycieli.<\/p>\n<p class=\"article_p\" data-section=\"detail-body\">Dalszy ci\u0105g tekstu pod materia\u0142em wideo<\/p>\n<p>            Czytaj tak\u017ce w BUSINESS INSIDER<\/p>\n<p class=\"article_p\" data-section=\"detail-body\">Sp\u00f3\u0142dzielnia powsta\u0142a w 1926 r., a za\u0142o\u017cona zosta\u0142a przez przez Rypi\u0144skie Okr\u0119gowe Towarzystwo Rolnicze. Po II wojnie \u015bwiatowej rozwin\u0119\u0142a produkcj\u0119 mleka w proszku, co odby\u0142o si\u0119 dzi\u0119ki wsparciu UNICEF. W latach 90. i 2000. firma inwestowa\u0142a w nowoczesne linie produkcyjne i eksportowa\u0142a wyroby do kraj\u00f3w UE. W 2009 r. by\u0142a dziewi\u0105t\u0105 najwi\u0119ksz\u0105 mleczarni\u0105 w Polsce.<\/p>\n<p>        Dzia\u0142a\u0142 niemal 100 lat. Wielka polska mleczarnia wyprzedaje maj\u0105tek<\/p>\n<p class=\"article_p\" data-section=\"detail-body\">Mimo dynamicznego rozwoju na przestrzeni lat 5 pa\u017adziernika 2018 r. S\u0105d Rejonowy w Toruniu og\u0142osi\u0142 upad\u0142o\u015b\u0107 sp\u00f3\u0142dzielni mleczarskiej. <\/p>\n<p class=\"article_p\" data-section=\"detail-body\">Jak wyja\u015bnia serwis DlaHandlu.pl, pod koniec listopada 2025 r. opublikowano og\u0142oszenie o sprzeda\u017cy nieruchomo\u015bci w ramach post\u0119powania upad\u0142o\u015bciowego. &#8222;Syndyk masy upad\u0142o\u015bci ROTR Sp\u00f3\u0142dzielni Mleczarskiej w Rypinie zaprasza do sk\u0142adania ofert na zakup prawa w\u0142asno\u015bci nieruchomo\u015bci gruntowych zabudowanych i niezabudowanych po\u0142o\u017conych przy ulicy Mleczarskiej w Rypinie, powiat rypi\u0144ski, wojew\u00f3dztwo kujawsko\u2013pomorskie. Nieruchomo\u015bci znajduj\u0105 si\u0119 w atrakcyjnej lokalizacji&#8221; \u2014 napisano w og\u0142oszeniu.<\/p>\n<p class=\"article_p\" data-section=\"detail-body\">Dalszy ci\u0105g tekstu pod materia\u0142em wideo<\/p>\n<p class=\"article_p\" data-section=\"detail-body\">Przedmiotem sprzeda\u017cy s\u0105 nieruchomo\u015bci zabudowane i niezabudowane o \u0142\u0105cznej powierzchni ponad 88 tys. mkw. Tereny oferowane za cen\u0119 nie ni\u017csz\u0105 ni\u017c 17 mln z\u0142. Nie wyklucza si\u0119 sprzeda\u017cy poszczeg\u00f3lnych obiekt\u00f3w oddzielnie, jednak w og\u0142oszeniu zaznaczono, \u017ce pierwsze\u0144stwo b\u0119dzie mia\u0142a oferta z\u0142o\u017cona na wszystkie nieruchomo\u015bci \u0142\u0105cznie. Oferty mo\u017cna by\u0142o sk\u0142ada\u0107 do po\u0142owy grudnia 2025 r. <\/p>\n<p>        Jedna z najwi\u0119kszych mleczarni w Polsce upada. Rosyjskie embargo i nieprawid\u0142owo\u015bci w tle<\/p>\n<p class=\"article_p\" data-section=\"detail-body\">Jak relacjonuje serwis DlaHandlu.pl, w upadku jednego z najwi\u0119kszych zak\u0142ad\u00f3w mleczarskich w Polsce kluczowe znaczenie mia\u0142o rosyjskie embargo. Jego wprowadzenie odci\u0119\u0142o sp\u00f3\u0142dzielni\u0119 od rynku zbytu na 30 proc. produkcji. <\/p>\n<p class=\"article_p\" data-section=\"detail-body\">Zobacz tak\u017ce: <a href=\"https:\/\/businessinsider.com.pl\/gospodarka\/znana-siec-piekarni-oglasza-upadlosc-po-40-latach-dzialalnosci\/ks186kg\" id=\"9361e1f7-cb19-4206-b7bf-20d064435b94\" rel=\"nofollow noopener\" target=\"_blank\">Znana sie\u0107 piekarni upada po 40 latach dzia\u0142alno\u015bci. Co z setkami pracownik\u00f3w?<\/a><\/p>\n<p class=\"article_p\" data-section=\"detail-body\">Dodatkowo prokuratura zarzuci\u0142a by\u0142emu prezesowi niegospodarno\u015b\u0107 i zaci\u0105ganie zobowi\u0105za\u0144 mimo ryzyka niewyp\u0142acalno\u015bci. W efekcie ROTR nie by\u0142 w stanie sp\u0142aci\u0107 d\u0142ug\u00f3w,. Sp\u00f3\u0142dzielnia w ostatnich latach dzia\u0142a\u0142a na rzecz r\u00f3\u017cnych podmiot\u00f3w zewn\u0119trznych. W ten spos\u00f3b starano si\u0119 utrzyma\u0107 dzia\u0142alno\u015b\u0107 w ruchu, a tym samym p\u0142aci\u0107 wynagrodzenie pracownikom, kt\u00f3rzy zostali. Przychody pokrywa\u0142y te\u017c cz\u0119\u015b\u0107 koszt\u00f3w sta\u0142ych. Teraz maj\u0105tek firmy jest teraz wyprzedawany, by pokry\u0107 zobowi\u0105zania wobec wierzycieli.<\/p>\n","protected":false},"excerpt":{"rendered":"ROTR Sp\u00f3\u0142dzielnia Mleczarska w Rypinie nieprzerwanie istnia\u0142a blisko 100 lat. Od kilku lat sytuacja mleczarni by\u0142a coraz gorsza,&hellip;\n","protected":false},"author":2,"featured_media":176656,"comment_status":"","ping_status":"","sticky":false,"template":"","format":"standard","meta":{"footnotes":""},"categories":[5],"tags":[32,33,36,37,27,34,35,28,31,25,42,38,40,39,41,29,30,26],"class_list":{"0":"post-176655","1":"post","2":"type-post","3":"status-publish","4":"format-standard","5":"has-post-thumbnail","7":"category-naglowki","8":"tag-breaking-news","9":"tag-breakingnews","10":"tag-featured-news","11":"tag-featurednews","12":"tag-headlines","13":"tag-latest-news","14":"tag-latestnews","15":"tag-naglowki","16":"tag-najwazniejsze-artykuly","17":"tag-news","18":"tag-pl","19":"tag-poland","20":"tag-polish","21":"tag-polska","22":"tag-polski","23":"tag-top-stories","24":"tag-topstories","25":"tag-wiadomosci"},"share_on_mastodon":{"url":"https:\/\/pubeurope.com\/@pl\/115804388990988185","error":""},"_links":{"self":[{"href":"https:\/\/www.europesays.com\/pl\/wp-json\/wp\/v2\/posts\/176655","targetHints":{"allow":["GET"]}}],"collection":[{"href":"https:\/\/www.europesays.com\/pl\/wp-json\/wp\/v2\/posts"}],"about":[{"href":"https:\/\/www.europesays.com\/pl\/wp-json\/wp\/v2\/types\/post"}],"author":[{"embeddable":true,"href":"https:\/\/www.europesays.com\/pl\/wp-json\/wp\/v2\/users\/2"}],"replies":[{"embeddable":true,"href":"https:\/\/www.europesays.com\/pl\/wp-json\/wp\/v2\/comments?post=176655"}],"version-history":[{"count":0,"href":"https:\/\/www.europesays.com\/pl\/wp-json\/wp\/v2\/posts\/176655\/revisions"}],"wp:featuredmedia":[{"embeddable":true,"href":"https:\/\/www.europesays.com\/pl\/wp-json\/wp\/v2\/media\/176656"}],"wp:attachment":[{"href":"https:\/\/www.europesays.com\/pl\/wp-json\/wp\/v2\/media?parent=176655"}],"wp:term":[{"taxonomy":"category","embeddable":true,"href":"https:\/\/www.europesays.com\/pl\/wp-json\/wp\/v2\/categories?post=176655"},{"taxonomy":"post_tag","embeddable":true,"href":"https:\/\/www.europesays.com\/pl\/wp-json\/wp\/v2\/tags?post=176655"}],"curies":[{"name":"wp","href":"https:\/\/api.w.org\/{rel}","templated":true}]}}