{"id":176666,"date":"2025-12-29T19:03:06","date_gmt":"2025-12-29T19:03:06","guid":{"rendered":"https:\/\/www.europesays.com\/pl\/176666\/"},"modified":"2025-12-29T19:03:06","modified_gmt":"2025-12-29T19:03:06","slug":"w-katowicach-podpisano-porozumienie-ws-zabezpieczenia-pracownikow-pg-silesia","status":"publish","type":"post","link":"https:\/\/www.europesays.com\/pl\/176666\/","title":{"rendered":"W Katowicach podpisano porozumienie ws. zabezpieczenia pracownik\u00f3w PG Silesia"},"content":{"rendered":"<p>Porozumienie zawiera m.in. z\u00a0jednej strony gwarancje alokacji dla pracownik\u00f3w sp\u00f3\u0142ki PG Silesia &#8211;\u00a0w\u00a0razie jej upad\u0142o\u015bci lub likwidacji &#8211;\u00a0do kopal\u0144 Polskiej Grupy G\u00f3rniczej i\u00a0Po\u0142udniowego Holdingu W\u0119glowego, a\u00a0z\u00a0drugiej strony deklaracj\u0119 w\u0142a\u015bciciela dot. dalszej pracy kopalni w\u00a0ramach dzier\u017cawy jej maj\u0105tku.<\/p>\n<p>W rozpocz\u0119tym w\u00a0poniedzia\u0142ek przed po\u0142udniem spotkaniu zespo\u0142u tr\u00f3jstronnego bra\u0142 udzia\u0142 m.in. minister energii Mi\u0142osz Motyka<\/p>\n<p>Milioner szczerze do\u00a0b\u00f3lu. &#8222;Czu\u0142em si\u0119 debilem&#8221; <\/p>\n<p>Zgodnie z\u00a0tekstem porozumienia, jego stronami s\u0105 strona spo\u0142eczna, reprezentowana przez zwi\u0105zki dzia\u0142aj\u0105ce przez uczestnik\u00f3w poniedzia\u0142kowego zespo\u0142u tr\u00f3jstronnego, strona rz\u0105dowa z\u00a0udzia\u0142em m.in. ministra Motyki, w\u0142a\u015bciciel PG Silesia sp\u00f3\u0142ka Bumech i\u00a0zarz\u0105dca s\u0105dowy PG Silesia.<\/p>\n<p>Bumech o\u015bwiadczy\u0142 w\u00a0porozumieniu, \u017ce podtrzymuje z\u0142o\u017con\u0105 ofert\u0119 umowy dzier\u017cawy zorganizowanej cz\u0119\u015bci przedsi\u0119biorstwa PG Silesia i\u00a0przej\u0119cia wszystkich zatrudnionych w\u00a0nim pracownik\u00f3w na zasadzie art. 23 Kodeksu pracy.<\/p>\n<p>Zarz\u0105dca s\u0105dowy\/pracodawca o\u015bwiadcza, \u017ce wobec ww. zobowi\u0105zania Bumechu nie b\u0119dzie sk\u0142ada\u0142 wypowiedze\u0144 um\u00f3w o\u00a0prac\u0119, z\u00a0zastrze\u017ceniem przypadku, gdy dzier\u017cawa nie dojdzie do skutku.<\/p>\n<p>Strona zwi\u0105zkowa o\u015bwiadczy\u0142a, \u017ce wobec powy\u017cszych gwarancji zatrudnienia doprowadzi jeszcze w\u00a0poniedzia\u0142ek prowadzonej pod ziemi\u0105 akcji protestacyjnej i\u00a0\u017ce nie b\u0119d\u0105 podejmowane podobne dzia\u0142ania do czasu finalizacji umowy dzier\u017cawy.<\/p>\n<p>Mediuj\u0105ca w\u00a0sprawie strona rz\u0105dowa o\u015bwiadczy\u0142a, \u017ce podejmie do 28 lutego 2026 r. dzia\u0142ania zmierzaj\u0105ce do wypracowania rozwi\u0105za\u0144 legislacyjnych umo\u017cliwiaj\u0105cych, w\u00a0przypadku upad\u0142o\u015bci przedsi\u0119biorstwa prowadz\u0105cego wydobycie w\u00a0kopalni Silesia, obj\u0119cie alokacj\u0105 i\u00a0\u015bwiadczeniami os\u0142onowymi pracownik\u00f3w pracuj\u0105cych (na poniedzia\u0142ek) pod ziemi\u0105 i\u00a0w\u00a0zak\u0142adzie przer\u00f3bczym w\u00a0przypadku spe\u0142nienia warunk\u00f3w ustawy g\u00f3rniczej w\u00a0brzmieniu obowi\u0105zuj\u0105cym od 1\u00a0stycznia 2026 r.<\/p>\n<p>Porozumienie wchodzi w\u00a0\u017cycie z\u00a0dniem zako\u0144czenia akcji protestacyjnej prowadzonej w\u00a0kopalni Silesia.<\/p>\n","protected":false},"excerpt":{"rendered":"Porozumienie zawiera m.in. z\u00a0jednej strony gwarancje alokacji dla pracownik\u00f3w sp\u00f3\u0142ki PG Silesia &#8211;\u00a0w\u00a0razie jej upad\u0142o\u015bci lub likwidacji &#8211;\u00a0do&hellip;\n","protected":false},"author":2,"featured_media":176667,"comment_status":"","ping_status":"","sticky":false,"template":"","format":"standard","meta":{"footnotes":""},"categories":[12],"tags":[32,33,36,37,27,34,35,28,31,25,42,38,40,39,41,29,30,26],"class_list":{"0":"post-176666","1":"post","2":"type-post","3":"status-publish","4":"format-standard","5":"has-post-thumbnail","7":"category-polska","8":"tag-breaking-news","9":"tag-breakingnews","10":"tag-featured-news","11":"tag-featurednews","12":"tag-headlines","13":"tag-latest-news","14":"tag-latestnews","15":"tag-naglowki","16":"tag-najwazniejsze-artykuly","17":"tag-news","18":"tag-pl","19":"tag-poland","20":"tag-polish","21":"tag-polska","22":"tag-polski","23":"tag-top-stories","24":"tag-topstories","25":"tag-wiadomosci"},"share_on_mastodon":{"url":"https:\/\/pubeurope.com\/@pl\/115804412697107464","error":""},"_links":{"self":[{"href":"https:\/\/www.europesays.com\/pl\/wp-json\/wp\/v2\/posts\/176666","targetHints":{"allow":["GET"]}}],"collection":[{"href":"https:\/\/www.europesays.com\/pl\/wp-json\/wp\/v2\/posts"}],"about":[{"href":"https:\/\/www.europesays.com\/pl\/wp-json\/wp\/v2\/types\/post"}],"author":[{"embeddable":true,"href":"https:\/\/www.europesays.com\/pl\/wp-json\/wp\/v2\/users\/2"}],"replies":[{"embeddable":true,"href":"https:\/\/www.europesays.com\/pl\/wp-json\/wp\/v2\/comments?post=176666"}],"version-history":[{"count":0,"href":"https:\/\/www.europesays.com\/pl\/wp-json\/wp\/v2\/posts\/176666\/revisions"}],"wp:featuredmedia":[{"embeddable":true,"href":"https:\/\/www.europesays.com\/pl\/wp-json\/wp\/v2\/media\/176667"}],"wp:attachment":[{"href":"https:\/\/www.europesays.com\/pl\/wp-json\/wp\/v2\/media?parent=176666"}],"wp:term":[{"taxonomy":"category","embeddable":true,"href":"https:\/\/www.europesays.com\/pl\/wp-json\/wp\/v2\/categories?post=176666"},{"taxonomy":"post_tag","embeddable":true,"href":"https:\/\/www.europesays.com\/pl\/wp-json\/wp\/v2\/tags?post=176666"}],"curies":[{"name":"wp","href":"https:\/\/api.w.org\/{rel}","templated":true}]}}