{"id":176668,"date":"2025-12-29T19:04:04","date_gmt":"2025-12-29T19:04:04","guid":{"rendered":"https:\/\/www.europesays.com\/pl\/176668\/"},"modified":"2025-12-29T19:04:04","modified_gmt":"2025-12-29T19:04:04","slug":"pogrzeb-brigitte-bardot-fundacja-aktorki-podala-szczegoly-uroczystosci","status":"publish","type":"post","link":"https:\/\/www.europesays.com\/pl\/176668\/","title":{"rendered":"Pogrzeb Brigitte Bardot. Fundacja aktorki poda\u0142a szczeg\u00f3\u0142y uroczysto\u015bci"},"content":{"rendered":"<p>SPIS TRE\u015aCI<\/p>\n<ol class=\"ods-a-table-of-content__items\">\n<li class=\"ods-a-table-of-content__item\"><a href=\"#toc-zmiana-miejsca-pochowku-brigitte-bardot\" class=\"ods-a-table-of-content__link\">Zmiana miejsca poch\u00f3wku Brigitte Bardot<\/a><\/li>\n<li class=\"ods-a-table-of-content__item\"><a href=\"#toc-nie-zyje-brigitte-bardot-legenda-francuskiego-kina-i-dzialaczka-na-rzecz-zwierzat\" class=\"ods-a-table-of-content__link\">Nie \u017cyje Brigitte Bardot \u2013 legenda francuskiego kina i dzia\u0142aczka na rzecz zwierz\u0105t<\/a><\/li>\n<\/ol>\n<p>Zmiana miejsca poch\u00f3wku Brigitte Bardot<\/p>\n<p class=\"ods-c-paragraph \">Po zako\u0144czeniu pogrzebu przewidziano specjalny ho\u0142d dla Bardot, dost\u0119pny dla wszystkich mieszka\u0144c\u00f3w Saint-Tropez oraz wielbicieli artystki. Jak pisze PAP, informacj\u0119 t\u0119 potwierdzi\u0142a fundacja za\u0142o\u017cona przez aktork\u0119, kt\u00f3ra od lat dzia\u0142a na rzecz ochrony zwierz\u0105t. Media informuj\u0105, \u017ce Bardot spocznie na tym samym cmentarzu, gdzie pochowani s\u0105 jej rodzice.<\/p>\n<p class=\"ods-c-paragraph \">W przesz\u0142o\u015bci Brigitte Bardot m\u00f3wi\u0142a w wywiadach, \u017ce chcia\u0142aby zosta\u0107 pochowana na terenie swojej posiad\u0142o\u015bci w Saint-Tropez. Jednak, jak podaje portal Ici Provence, aktorka zmieni\u0142a t\u0119 decyzj\u0119 z nieznanych powod\u00f3w. Obecnie miejscem jej ostatniego spoczynku ma by\u0107 cmentarz w Saint-Tropez, po\u0142o\u017cony nad brzegiem morza.<\/p>\n<p class=\"ods-c-paragraph \">Na tym cmentarzu znajduje si\u0119 rodzinny gr\u00f3b Bardot, w kt\u00f3rym pochowani s\u0105 jej rodzice \u2013 Louis i Anne-Marie Bardot. Spoczywa tam r\u00f3wnie\u017c pierwszy m\u0105\u017c artystki, re\u017cyser Roger Vadim.<\/p>\n<p>Dalszy ci\u0105g artyku\u0142u pod materia\u0142em wideo<\/p>\n<p> Gdzie odb\u0119dzie si\u0119 pogrzeb Brigitte Bardot? <\/p>\n<p> O kt\u00f3rej godzinie zaczyna si\u0119 ceremonia pogrzebowa? <\/p>\n<p> Kto b\u0119dzie m\u00f3g\u0142 \u015bledzi\u0107 uroczysto\u015b\u0107? <\/p>\n<p> Gdzie Brigitte Bardot zostanie pochowana? <\/p>\n<p>  Nie \u017cyje Brigitte Bardot \u2013 legenda francuskiego kina i dzia\u0142aczka na rzecz zwierz\u0105t<\/p>\n<p class=\"ods-c-paragraph \">Jesieni\u0105 2025 r. Brigitte Bardot dwukrotnie przebywa\u0142a w szpitalu w Tulonie, gdzie poddano j\u0105 operacji zwi\u0105zanej z powa\u017cn\u0105, lecz nieujawnion\u0105 chorob\u0105. W tym okresie w internecie zacz\u0119\u0142y kr\u0105\u017cy\u0107 pog\u0142oski, jakoby aktorka zmar\u0142a po zabiegu, czemu sprzyja\u0142y wpisy francuskiej influencerki Aqababe. Szybko jednak dziewi\u0119\u0107dziesi\u0119ciojednoletnia Bardot stanowczo zaprzeczy\u0142a tym informacjom, publikuj\u0105c w mediach spo\u0142eczno\u015bciowych w\u0142asne o\u015bwiadczenie, w kt\u00f3rym ostro skrytykowa\u0142a autor\u00f3w nieprawdziwych doniesie\u0144.<\/p>\n<p class=\"ods-c-paragraph \">&#8222;Nie wiem, kto wpad\u0142 na idiotyczny pomys\u0142, by rozpu\u015bci\u0107 dzi\u015b wieczorem plotk\u0119 o mojej \u015bmierci, ale zapewniam, \u017ce wszystko ze mn\u0105 w porz\u0105dku i jeszcze nie mam zamiaru odchodzi\u0107&#8221; \u2014 napisa\u0142a.<\/p>\n<p class=\"ods-c-paragraph \">W listopadzie tego samego roku aktorka ponownie zosta\u0142a przyj\u0119ta do szpitala z powodu tej samej choroby, kt\u00f3ra wymaga\u0142a dalszego leczenia i obserwacji. Przed powrotem do domu lekarze okre\u015blali jej stan jako stabilny. Do tej pory nie ujawniono oficjalnej przyczyny \u015bmierci Bardot.<\/p>\n<p class=\"ods-c-paragraph \">28 grudnia przed po\u0142udniem The Brigitte Bardot Foundation for the Welfare and Protection of Animals opublikowa\u0142a w internecie oficjalne o\u015bwiadczenie, w kt\u00f3rym przekazano wiadomo\u015b\u0107 o \u015bmierci za\u0142o\u017cycielki.<\/p>\n<p><a href=\"https:\/\/csr.onet.pl\/1746213\/trk\/adclick\/das,1824309,0?CS=tracking\" title=\"MedonetPRO OnetPremium\" data-astro-prefetch=\"tap\" rel=\"nofollow noopener\" target=\"_blank\"> <img decoding=\"async\" src=\"https:\/\/www.europesays.com\/pl\/wp-content\/uploads\/2025\/10\/1760947870_673_9xOk9lBaHR0cHM6Ly9vY2RuLmV1L3B1bHNjbXMvTURBXy9hMGY5NWNmMDcwYzA5MjFiZDc2NTFlYzU4MDEzNGIzNy5wbmeSlQMAA.jpeg\" height=\"200\" width=\"840\" alt=\"MedonetPRO OnetPremium\" loading=\"lazy\" class=\"ods-c-image__img ods-c-image__img--viewport-width\"\/> <\/a><\/p>\n<p>MedonetPRO OnetPremiumMedonet<\/p>\n<p class=\"ods-c-paragraph \">&#8222;Fundacja Brigitte Bardot z ogromnym smutkiem og\u0142asza \u015bmier\u0107 swojej za\u0142o\u017cycielki i prezeski, Brigitte Bardot, \u015bwiatowej s\u0142awy aktorki i piosenkarki, kt\u00f3ra postanowi\u0142a przerwa\u0107 swoj\u0105 karier\u0119, po\u015bwi\u0119caj\u0105c ca\u0142e \u017cycie walce o popraw\u0119 dobrostanu zwierz\u0105t oraz swojej Fundacji&#8221; \u2014 mogli\u015bmy przeczyta\u0107 w o\u015bwiadczeniu. W komunikacie nie podano jednak ani miejsca, ani dok\u0142adnej daty \u015bmierci Bardot.<\/p>\n<p class=\"ods-c-paragraph \">Problemy zdrowotne aktorki by\u0142y znane od d\u0142u\u017cszego czasu. W lecie 2023 r., podczas wyj\u0105tkowo wysokich temperatur, Bardot do\u015bwiadczy\u0142a powa\u017cnych <a href=\"https:\/\/www.medonet.pl\/choroby-od-a-do-z\/najczestsze-objawy-chorobowe,ten-objaw-pojawia-sie-w-nocy--od-razu-idz-do-lekarza,artykul,91840937.html\" id=\"8485a882-9134-4338-8ef6-8dff619839ec\" rel=\"nofollow noopener\" target=\"_blank\">trudno\u015bci z oddychaniem<\/a>. Jej m\u0105\u017c opisa\u0142 to wydarzenie jako &#8222;moment dezorientacji oddechowej&#8221;. W\u00f3wczas konieczna by\u0142a pomoc medyczna oraz tlenoterapia w domu.<\/p>\n<p class=\"ods-c-paragraph \">W latach 60.i 70. XX w. Bardot otwarcie m\u00f3wi\u0142a o prze\u017cywanych epizodach <a href=\"https:\/\/www.medonet.pl\/choroby-od-a-do-z\/choroby-i-zaburzenia-psychiczne,depresja---objawy--leczenie--przyczyny-i-rodzaje-depresji,artykul,1597611.html\" id=\"40189ffd-14ee-4ba7-8f22-6b76ea89d626\" rel=\"nofollow noopener\" target=\"_blank\">depresji<\/a> oraz o podejmowanych pr\u00f3bach samob\u00f3jczych, t\u0142umacz\u0105c, \u017ce nie by\u0142a w stanie poradzi\u0107 sobie z ci\u0119\u017carem s\u0142awy. W tym okresie nadu\u017cywa\u0142a alkoholu, przyznaj\u0105c si\u0119 do wypijania nawet dw\u00f3ch butelek szampana i trzech win dziennie.<\/p>\n<p class=\"ods-c-paragraph \">Po tym, jak w 1974 r., maj\u0105c 40 lat, zako\u0144czy\u0142a karier\u0119 aktorsk\u0105, zdecydowa\u0142a si\u0119 na radykaln\u0105 zmian\u0119 trybu \u017cycia i przesz\u0142a na diet\u0119 wegetaria\u0144sk\u0105.<\/p>\n<p> Tre\u015bci z serwisu Medonet maj\u0105 na celu polepszenie, a nie zast\u0105pienie, kontaktu pomi\u0119dzy U\u017cytkownikiem a jego lekarzem. Serwis ma charakter wy\u0142\u0105cznie informacyjno-edukacyjny. Przed zastosowaniem si\u0119 do porad z zakresu wiedzy specjalistycznej, w szczeg\u00f3lno\u015bci medycznych, zawartych w Serwisie nale\u017cy bezwzgl\u0119dnie skonsultowa\u0107 si\u0119 z lekarzem. <\/p>\n","protected":false},"excerpt":{"rendered":"SPIS TRE\u015aCI Zmiana miejsca poch\u00f3wku Brigitte Bardot Nie \u017cyje Brigitte Bardot \u2013 legenda francuskiego kina i dzia\u0142aczka na&hellip;\n","protected":false},"author":2,"featured_media":176669,"comment_status":"","ping_status":"","sticky":false,"template":"","format":"standard","meta":{"footnotes":""},"categories":[5],"tags":[32,33,14561,36,37,27,34,35,28,31,48,25,46,42,38,40,39,41,47,511,29,30,26],"class_list":{"0":"post-176668","1":"post","2":"type-post","3":"status-publish","4":"format-standard","5":"has-post-thumbnail","7":"category-naglowki","8":"tag-breaking-news","9":"tag-breakingnews","10":"tag-brigitte_bardot","11":"tag-featured-news","12":"tag-featurednews","13":"tag-headlines","14":"tag-latest-news","15":"tag-latestnews","16":"tag-naglowki","17":"tag-najwazniejsze-artykuly","18":"tag-nat_styl","19":"tag-news","20":"tag-omp","21":"tag-pl","22":"tag-poland","23":"tag-polish","24":"tag-polska","25":"tag-polski","26":"tag-screening_general","27":"tag-smierc","28":"tag-top-stories","29":"tag-topstories","30":"tag-wiadomosci"},"share_on_mastodon":{"url":"https:\/\/pubeurope.com\/@pl\/115804416504702644","error":""},"_links":{"self":[{"href":"https:\/\/www.europesays.com\/pl\/wp-json\/wp\/v2\/posts\/176668","targetHints":{"allow":["GET"]}}],"collection":[{"href":"https:\/\/www.europesays.com\/pl\/wp-json\/wp\/v2\/posts"}],"about":[{"href":"https:\/\/www.europesays.com\/pl\/wp-json\/wp\/v2\/types\/post"}],"author":[{"embeddable":true,"href":"https:\/\/www.europesays.com\/pl\/wp-json\/wp\/v2\/users\/2"}],"replies":[{"embeddable":true,"href":"https:\/\/www.europesays.com\/pl\/wp-json\/wp\/v2\/comments?post=176668"}],"version-history":[{"count":0,"href":"https:\/\/www.europesays.com\/pl\/wp-json\/wp\/v2\/posts\/176668\/revisions"}],"wp:featuredmedia":[{"embeddable":true,"href":"https:\/\/www.europesays.com\/pl\/wp-json\/wp\/v2\/media\/176669"}],"wp:attachment":[{"href":"https:\/\/www.europesays.com\/pl\/wp-json\/wp\/v2\/media?parent=176668"}],"wp:term":[{"taxonomy":"category","embeddable":true,"href":"https:\/\/www.europesays.com\/pl\/wp-json\/wp\/v2\/categories?post=176668"},{"taxonomy":"post_tag","embeddable":true,"href":"https:\/\/www.europesays.com\/pl\/wp-json\/wp\/v2\/tags?post=176668"}],"curies":[{"name":"wp","href":"https:\/\/api.w.org\/{rel}","templated":true}]}}