{"id":176698,"date":"2025-12-29T19:20:19","date_gmt":"2025-12-29T19:20:19","guid":{"rendered":"https:\/\/www.europesays.com\/pl\/176698\/"},"modified":"2025-12-29T19:20:19","modified_gmt":"2025-12-29T19:20:19","slug":"w-sprawie-familiady-juz-przesadzone-tvp-potwierdza-rmf-fm","status":"publish","type":"post","link":"https:\/\/www.europesays.com\/pl\/176698\/","title":{"rendered":"W sprawie \u201eFamiliady\u201d ju\u017c przes\u0105dzone. TVP potwierdza :: RMF FM"},"content":{"rendered":"<p>Zapad\u0142a decyzja w sprawie dalszej emisji \u201eFamiliady\u201d. Po ubieg\u0142orocznym przej\u0119ciu teleturnieju przez nowego producenta teraz nadesz\u0142y takie wie\u015bci w sprawie premierowych odcink\u00f3w. Mo\u017cna by\u0142o si\u0119 spodziewa\u0107, \u017ce tak si\u0119 stanie.<\/p>\n<p><img decoding=\"async\" alt=\"\" src=\"https:\/\/www.europesays.com\/pl\/wp-content\/uploads\/2025\/12\/252128e2bbb581b0b71cdc51f8e0902c.jpg\" class=\"w-100\"\/><\/p>\n<p>Co dalej z \u201eFamiliad\u0105\u201d? fot. Kurnikowski\/AKPA<\/p>\n<p>&#13;<br \/>\n\t\u201e<a href=\"https:\/\/www.rmf.fm\/magazyn\/tag,Familiada.html\" rel=\"nofollow noopener\" target=\"_blank\">Familiada<\/a>\u201d z du\u017cymi zmianami<\/p>\n<p>&#13;<br \/>\n\tPrzed rokiem \u201eFamiliada\u201d zmieni\u0142a producenta \u2013 z realizuj\u0105cego j\u0105 od samego pocz\u0105tku Astro na FremantleMedia Polska. W zwi\u0105zku z tym emitowany od 1994 roku, prowadzony przez ca\u0142y ten czas przez Karola Strasburgera teleturniej, w okresie zimowym znikn\u0105\u0142 z anteny na dwa miesi\u0105ce, co wcze\u015bniej si\u0119 nie zdarza\u0142o. Od 4 stycznia do 1 marca bie\u017c\u0105cego roku widzowie musieli pogodzi\u0107 si\u0119 z brakiem premier.<\/p>\n<p>&#13;<br \/>\n\tJak okaza\u0142o si\u0119 po powrocie \u201eFamiliady\u201d, przej\u0119cie formatu przez nowego producenta by\u0142o jedynie pocz\u0105tkiem zmian, bo teleturniej zyska\u0142 te\u017c m.in. ca\u0142kiem now\u0105 czo\u0142\u00f3wk\u0119 i od\u015bwie\u017cone studio. Teraz, tu\u017c przed ko\u0144cem 2025 roku, nadesz\u0142y nowe wie\u015bci w sprawie programu Karola Strasburgera.<\/p>\n<p>&#13;<br \/>\n\tCo dalej z emisj\u0105 \u201eFamiliady\u201d?<\/p>\n<p>&#13;<br \/>\n\tWiadomo ju\u017c, jak tej zimy telewizyjna Dw\u00f3jka b\u0119dzie emitowa\u0107 \u201eFamiliad\u0119\u201d. Premierowych odcink\u00f3w \u2013 w przeciwie\u0144stwie do mijaj\u0105cego roku \u2013 na pocz\u0105tku 2026 roku nie zabraknie, co \u201ePresserwis\u201d potwierdzi\u0142 w stacji. Brak przerwy w okresie zimowym to doskona\u0142a wiadomo\u015b\u0107, kt\u00f3rej mo\u017cna by\u0142o si\u0119 zreszt\u0105 spodziewa\u0107, bo ostatnia przerwa w emisji by\u0142a sytuacj\u0105 nadzwyczajn\u0105.<\/p>\n<p>&#13;<br \/>\n\tPrzypomnijmy, \u017ce \u201eFamiliad\u0119\u201d mo\u017cna ogl\u0105da\u0107 w soboty i niedziele o godzinie 14.00. Premierowe wydania bie\u017c\u0105cego sezonu s\u0105 pokazywane od 6 wrze\u015bnia. Przez pierwszy miesi\u0105c, do 5 pa\u017adziernika, wed\u0142ug danych Nielsen Media z uwzgl\u0119dnieniem widowni poza domem, mia\u0142y \u015brednio 873 tys. widz\u00f3w.<\/p>\n","protected":false},"excerpt":{"rendered":"Zapad\u0142a decyzja w sprawie dalszej emisji \u201eFamiliady\u201d. Po ubieg\u0142orocznym przej\u0119ciu teleturnieju przez nowego producenta teraz nadesz\u0142y takie wie\u015bci&hellip;\n","protected":false},"author":2,"featured_media":176699,"comment_status":"","ping_status":"","sticky":false,"template":"","format":"standard","meta":{"footnotes":""},"categories":[22],"tags":[122,23611,34688,23612,42,38,40,39,41,123,2578],"class_list":{"0":"post-176698","1":"post","2":"type-post","3":"status-publish","4":"format-standard","5":"has-post-thumbnail","7":"category-rozrywka","8":"tag-entertainment","9":"tag-familiada","10":"tag-familiada-nowe-odcinki","11":"tag-karol-strasburger","12":"tag-pl","13":"tag-poland","14":"tag-polish","15":"tag-polska","16":"tag-polski","17":"tag-rozrywka","18":"tag-tvp2"},"share_on_mastodon":{"url":"https:\/\/pubeurope.com\/@pl\/115804479795856225","error":""},"_links":{"self":[{"href":"https:\/\/www.europesays.com\/pl\/wp-json\/wp\/v2\/posts\/176698","targetHints":{"allow":["GET"]}}],"collection":[{"href":"https:\/\/www.europesays.com\/pl\/wp-json\/wp\/v2\/posts"}],"about":[{"href":"https:\/\/www.europesays.com\/pl\/wp-json\/wp\/v2\/types\/post"}],"author":[{"embeddable":true,"href":"https:\/\/www.europesays.com\/pl\/wp-json\/wp\/v2\/users\/2"}],"replies":[{"embeddable":true,"href":"https:\/\/www.europesays.com\/pl\/wp-json\/wp\/v2\/comments?post=176698"}],"version-history":[{"count":0,"href":"https:\/\/www.europesays.com\/pl\/wp-json\/wp\/v2\/posts\/176698\/revisions"}],"wp:featuredmedia":[{"embeddable":true,"href":"https:\/\/www.europesays.com\/pl\/wp-json\/wp\/v2\/media\/176699"}],"wp:attachment":[{"href":"https:\/\/www.europesays.com\/pl\/wp-json\/wp\/v2\/media?parent=176698"}],"wp:term":[{"taxonomy":"category","embeddable":true,"href":"https:\/\/www.europesays.com\/pl\/wp-json\/wp\/v2\/categories?post=176698"},{"taxonomy":"post_tag","embeddable":true,"href":"https:\/\/www.europesays.com\/pl\/wp-json\/wp\/v2\/tags?post=176698"}],"curies":[{"name":"wp","href":"https:\/\/api.w.org\/{rel}","templated":true}]}}