{"id":176714,"date":"2025-12-29T19:28:09","date_gmt":"2025-12-29T19:28:09","guid":{"rendered":"https:\/\/www.europesays.com\/pl\/176714\/"},"modified":"2025-12-29T19:28:09","modified_gmt":"2025-12-29T19:28:09","slug":"powrot-5-latkow-te-procesory-amd-znowu-maja-wziecie","status":"publish","type":"post","link":"https:\/\/www.europesays.com\/pl\/176714\/","title":{"rendered":"Powr\u00f3t 5-latk\u00f3w. Te procesory AMD znowu maj\u0105 wzi\u0119cie"},"content":{"rendered":"<p><img decoding=\"async\" src=\"https:\/\/std.wpcdn.pl\/images\/adv\/placeholder_wp.svg\" alt=\"\"\/><\/p>\n<p>\n                Rosn\u0105ce ceny pami\u0119ci operacyjnych zmieni\u0142y rynek i\u00a0wykreowa\u0142y nowy popyt. Do \u0142ask wracaj\u0105 procesory, kt\u00f3re swoj\u0105 \u015bwietno\u015b\u0107 mia\u0142y mie\u0107 dawno za sob\u0105. Na kryzysie wydaje si\u0119 korzysta\u0107 AMD.\n            <\/p>\n<p>Trudne czasy wymagaj\u0105 niecodziennych rozwi\u0105za\u0144. Z\u00a0regu\u0142y starsze standardy sprz\u0119tu odchodz\u0105 w\u00a0zapomnienie, gdy przychodz\u0105 nowe. Gdy jednak wp\u0142yw na rynek wywieraj\u0105 niestandardowe czynniki z\u00a0zewn\u0105trz, wtedy sytuacja przestaje by\u0107 jasna. By\u0107 mo\u017ce zastanawiali\u015bcie si\u0119 ju\u017c, <a href=\"https:\/\/www.benchmark.pl\/aktualnosci\/ceny-ddr5-czas-na-ddr4.html\" target=\"_blank\" rel=\"nofollow noopener\">czy to nie czas na przesiadk\u0119 na pami\u0119ci DDR4<\/a>? Wysokie koszty RAM-u najnowszej generacji sprawiaj\u0105, \u017ce ten staje si\u0119 towarem luksusowym.\u00a0<\/p>\n<p>Cz\u0119\u015b\u0107 u\u017cytkownik\u00f3w\u00a0nie dokona\u0142o jeszcze zmiany p\u0142yty g\u0142\u00f3wnej na tak\u0105 na platformie AM5. To w\u0142a\u015bnie ta generacja mo\u017ce w\u00a0pe\u0142ni wykorzysta\u0107 potencja\u0142 najmocniejszych procesor\u00f3w\u00a0czy najszybszych pami\u0119ci operacyjnych. Je\u017celi jednak nasza p\u0142yta g\u0142\u00f3wna zosta\u0142a oparta na platformie AM4, to w\u00a0zasadzie nie ma sensu rzuca\u0107 si\u0119 na najnowsze podzespo\u0142y.<\/p>\n<p><img loading=\"lazy\" decoding=\"async\" class=\"wpplayer-ph\" id=\"s0rv43zep\" src=\"data:image\/svg+xml;base64,PHN2ZyB4bWxucz0iaHR0cDovL3d3dy53My5vcmcvMjAwMC9zdmciIHZpZXdCb3g9IjAgMCAxMDUwIDU5MCI+PHJlY3QgZmlsbD0iI2VlZSIgeD0iMCIgeT0iMCIgd2lkdGg9IjEwNTAiIGhlaWdodD0iNTkwIiAvPjwvc3ZnPg==\" width=\"1050\" height=\"590\" alt=\"\"\/><\/p>\n<p>Tym tokiem my\u015blenia musia\u0142o p\u00f3j\u015b\u0107 sporo u\u017cytkownik\u00f3w, co przek\u0142ada si\u0119 na wzrost popularno\u015bci niekoniecznie nowych procesor\u00f3w. Dla tych, kt\u00f3rzy chcieli ulepszy\u0107 swoje stacje robocze czy gamingowe, mo\u017cliwo\u015bci jest niewiele. Jedn\u0105 z\u00a0nich jest postawienie na wydajne jednostki, kt\u00f3re jednak maj\u0105 sw\u00f3j rodow\u00f3d we wcze\u015bniejszych latach i\u00a0starszej architekturze.\u00a0<\/p>\n<p>AMD zyska na kryzysie pami\u0119ci? Stare procesory trafiaj\u0105 do nowych klient\u00f3w\u00a0<\/p>\n<p>W czasie, gdy <a href=\"https:\/\/www.benchmark.pl\/aktualnosci\/amd-ryzen-zen-6-probki.html\" target=\"_blank\" rel=\"nofollow noopener\">oczekujemy na architektur\u0119 Zen 6<\/a> i\u00a0nowe procesory od AMD, to jednostki oparte o\u00a0Zen 3 pokazany jeszcze w\u00a02020 roku zyskuj\u0105 na popularno\u015bci. Na brytyjskiej stronie sklepu Amazon na pierwszym miejscu pojawi\u0142 si\u0119 Ryzen 7 5800X. Jego od\u015bwie\u017cona wersja, Ryzen 5800XT, wyl\u0105dowa\u0142a na czwartym miejscu zestawienia na ameryka\u0144skim Amazonie.<\/p>\n<p style=\"text-align: center;\" class=\" wideImage\"><a href=\"https:\/\/cdn.benchmark.pl\/uploads\/backend_img\/c\/newsy\/2025-12\/MM\/procesory-amd-zen-3-popularne-w-wielkiej-brytanii.jpg\" target=\"_blank\" rel=\"nofollow noopener\"><img loading=\"lazy\" decoding=\"async\" src=\"https:\/\/www.europesays.com\/pl\/wp-content\/uploads\/2025\/12\/1767036489_289_330x0x1.jpg\" alt=\"Procesory AMD najpopularniejsze w\u00a0Wielkiej Brytanii\" class=\"lazy\" width=\"1366\" height=\"778\" data-\/><\/a>Procesory AMD otrzymay oznaczenia popularno\u015bci w\u00a0Wielkiej Brytanii<\/p>\n<p>To tylko cz\u0119\u015b\u0107 wi\u0119kszej dominacji AMD, kt\u00f3re przed \u015bwi\u0119tami zdominowa\u0142o ranking najlepiej sprzedaj\u0105cych si\u0119 na ameryka\u0144skim Amazonie procesor\u00f3w. W\u00a0czo\u0142owej dwudziestce znajdziemy a\u017c 14 jednostek AMD, kt\u00f3re cz\u0119\u015bciowo dubluj\u0105 swoje pozycje i\u00a0w efekcie zajmuj\u0105 19 z\u00a020 miejsc. Jednocze\u015bnie wzrosty AMD da si\u0119 te\u017c zauwa\u017cy\u0107 w\u00a0ankiecie Steama, gdzie producent zyskuje.\u00a0<\/p>\n<p>Wzrost dzi\u0119ki starszym jednostkom mo\u017ce si\u0119 jeszcze utrzyma\u0107. Utrata dost\u0119pu do szybkiej pami\u0119ci operacyjnej w\u00a0rozs\u0105dnych cenach sprawia, \u017ce u\u017cytkownicy mog\u0105 ch\u0119tniej spogl\u0105da\u0107 na starsze, ale w\u00a0dalszym ci\u0105gu wydajniejsze od poprzednik\u00f3w\u00a0jednostki. Zwi\u0119kszone zainteresowanie pami\u0119ciami o\u00a0du\u017cej przepustowo\u015bci (HBM) ze strony centr\u00f3w\u00a0danych i\u00a0klient\u00f3w\u00a0AI wi\u0105\u017ce si\u0119 z\u00a0brakiem lub utrudnionym dost\u0119pem do tych pami\u0119ci dla konsument\u00f3w.\u00a0<\/p>\n<p><img loading=\"lazy\" decoding=\"async\" class=\"wpplayer-ph\" id=\"v4p8ciyip\" src=\"data:image\/svg+xml;base64,PHN2ZyB4bWxucz0iaHR0cDovL3d3dy53My5vcmcvMjAwMC9zdmciIHZpZXdCb3g9IjAgMCAxMDUwIDU5MCI+PHJlY3QgZmlsbD0iI2VlZSIgeD0iMCIgeT0iMCIgd2lkdGg9IjEwNTAiIGhlaWdodD0iNTkwIiAvPjwvc3ZnPg==\" width=\"1050\" height=\"590\" alt=\"\"\/><\/p>\n<p>AMD wypu\u015bci\u0142o ostatnie uk\u0142ady oparte o\u00a0architektur\u0119 Zen 3 jeszcze w\u00a02025 roku, w\u00a0ten spos\u00f3b u\u0142atwiaj\u0105c dost\u0119p do starszych jednostek. Takim rozwi\u0105zaniem by\u0142 chocia\u017cby <a href=\"https:\/\/www.benchmark.pl\/aktualnosci\/amd-ryzen-9000f-5600f.html\" target=\"_blank\" rel=\"nofollow noopener\">Ryzen 5 5600F<\/a>, kt\u00f3ry cho\u0107 nie szokuje wydajno\u015bci\u0105, wystarczy do ulepszenia starszych komputer\u00f3w. Producent ograniczy\u0142 jego dost\u0119pno\u015b\u0107 do Azji i\u00a0Pacyfiku, ale kto wie, czy zmiany na rynku komputer\u00f3w\u00a0oraz AI nie zmotywuj\u0105 go do rozszerzenia dystrybucji.<\/p>\n<p>\u0179r\u00f3d\u0142o: <a href=\"https:\/\/www.techspot.com\/news\/110721-amd-5-year-old-ryzen-cpus-popular-again.html\" rel=\"nofollow noopener\" target=\"_blank\">Techspot<\/a><\/p>\n<p><img decoding=\"async\" src=\"https:\/\/std.wpcdn.pl\/images\/adv\/placeholder_wp.svg\" alt=\"\"\/><\/p>\n","protected":false},"excerpt":{"rendered":"Rosn\u0105ce ceny pami\u0119ci operacyjnych zmieni\u0142y rynek i\u00a0wykreowa\u0142y nowy popyt. Do \u0142ask wracaj\u0105 procesory, kt\u00f3re swoj\u0105 \u015bwietno\u015b\u0107 mia\u0142y mie\u0107&hellip;\n","protected":false},"author":2,"featured_media":176715,"comment_status":"","ping_status":"","sticky":false,"template":"","format":"standard","meta":{"footnotes":""},"categories":[20],"tags":[120,118,119,42,38,40,39,41,116,114,115,121,117],"class_list":{"0":"post-176714","1":"post","2":"type-post","3":"status-publish","4":"format-standard","5":"has-post-thumbnail","7":"category-nauka-i-technika","8":"tag-nauka","9":"tag-nauka-i-technika","10":"tag-naukatechnika","11":"tag-pl","12":"tag-poland","13":"tag-polish","14":"tag-polska","15":"tag-polski","16":"tag-science","17":"tag-science-and-technology","18":"tag-sciencetechnology","19":"tag-technika","20":"tag-technology"},"share_on_mastodon":{"url":"https:\/\/pubeurope.com\/@pl\/115804510908824158","error":""},"_links":{"self":[{"href":"https:\/\/www.europesays.com\/pl\/wp-json\/wp\/v2\/posts\/176714","targetHints":{"allow":["GET"]}}],"collection":[{"href":"https:\/\/www.europesays.com\/pl\/wp-json\/wp\/v2\/posts"}],"about":[{"href":"https:\/\/www.europesays.com\/pl\/wp-json\/wp\/v2\/types\/post"}],"author":[{"embeddable":true,"href":"https:\/\/www.europesays.com\/pl\/wp-json\/wp\/v2\/users\/2"}],"replies":[{"embeddable":true,"href":"https:\/\/www.europesays.com\/pl\/wp-json\/wp\/v2\/comments?post=176714"}],"version-history":[{"count":0,"href":"https:\/\/www.europesays.com\/pl\/wp-json\/wp\/v2\/posts\/176714\/revisions"}],"wp:featuredmedia":[{"embeddable":true,"href":"https:\/\/www.europesays.com\/pl\/wp-json\/wp\/v2\/media\/176715"}],"wp:attachment":[{"href":"https:\/\/www.europesays.com\/pl\/wp-json\/wp\/v2\/media?parent=176714"}],"wp:term":[{"taxonomy":"category","embeddable":true,"href":"https:\/\/www.europesays.com\/pl\/wp-json\/wp\/v2\/categories?post=176714"},{"taxonomy":"post_tag","embeddable":true,"href":"https:\/\/www.europesays.com\/pl\/wp-json\/wp\/v2\/tags?post=176714"}],"curies":[{"name":"wp","href":"https:\/\/api.w.org\/{rel}","templated":true}]}}