{"id":176762,"date":"2025-12-29T19:54:07","date_gmt":"2025-12-29T19:54:07","guid":{"rendered":"https:\/\/www.europesays.com\/pl\/176762\/"},"modified":"2025-12-29T19:54:07","modified_gmt":"2025-12-29T19:54:07","slug":"nie-do-wiary-stanal-na-podium-nagle-zapadla-decyzja-dyskwalifikacja-na-start-tcs-przeglad-sportowy-onet","status":"publish","type":"post","link":"https:\/\/www.europesays.com\/pl\/176762\/","title":{"rendered":"Nie do wiary! Stan\u0105\u0142 na podium, nagle zapad\u0142a decyzja. Dyskwalifikacja na start TCS! &#8211; Przegl\u0105d Sportowy Onet"},"content":{"rendered":"<ol>\n<li><a href=\"https:\/\/news.google.com\/rss\/articles\/CBMi2gFBVV95cUxPRGZqOWNudjBYa1ZTanpOQzhtSXdYb0t4R3ZuN0xrVjN5NWxZcDRCUFhhODFmRnlaS2lLRTAwcG9zcmpUZUVXdDlaR2UtYkJLQm1SSGFOdzNWVldPbjRoYnA0OC14NjBpRXFXU2FCdFhQZm9KVDlHQ3U1bW5YNW95b256SzFWc3RiT3J2VGJNNTFBdDJJUmxzamxHOUg1Mk45NHhxbVNsc0syRGd5YlVnNm1PekVHQ1hDeHdwc1BjS2dKTUg4bDJtd2piWFR0d2ZoTEltanFvMjlxUQ?oc=5\" target=\"_blank\" rel=\"nofollow noopener\">Nie do wiary! Stan\u0105\u0142 na podium, nagle zapad\u0142a decyzja. Dyskwalifikacja na start TCS!<\/a>&nbsp;&nbsp;Przegl\u0105d Sportowy Onet<\/li>\n<li><a href=\"https:\/\/news.google.com\/rss\/articles\/CBMirAFBVV95cUxNS19iSnptNkxTVi02SFlfVG5VbU1MYUVPT0JmSHFfUm1YblE5LUxST0xBSmVfZWc4bzZfUlRfMzljVkJqd09hVUlNN1FMU045c2RZMUxBRFBUSzFVUVoyNDZrS0l1VFNaOENlcUhRLXFDZzE2ak9jUTdoMFNnWG9Uek5Wbm5ZUlJ0cUdCd01pWmlaRDh4NW1nejEtOUk2YTRFcHJVOURucy01QW5i?oc=5\" target=\"_blank\" rel=\"nofollow noopener\">Szok w Oberstdorfie. By\u0142 drugi, zosta\u0142 zdyskwalifikowany!<\/a>&nbsp;&nbsp;SportoweFakty<\/li>\n<li><a href=\"https:\/\/news.google.com\/rss\/articles\/CBMi4AFBVV95cUxPWmhaRHhKanl1TWJDRWtjNkt4c0tmTjhBazFQSnRVNFBmR1hLOUVuUWs0NDU4aFlzTWl0aTI1eU1EVzFGLXJPUDdseHBZNm1POHVPYkdJc2F2OEt0bmgwOEp6QkFuRzFXeWJTdlpYT1lFdXp3ZHVlMWZEaVMzZmxFV0YzelBvNkJqcW5pV3JmWW5nOU5aSVptcE1Zc25FaUdCcDRGNGYtVzk4MVlvUVVGX2Z3ZVduYXZqTFEzZEdGZVdtZml3U2dGc3o0SDU2Yi1lVHAtbjdmVF9XbldCMTVlcQ?oc=5\" target=\"_blank\" rel=\"nofollow noopener\">Sensacyjny wygrany konkursu Turnieju Czterech Skoczni! Czekali na to 16 lat<\/a>&nbsp;&nbsp;Przegl\u0105d Sportowy Onet<\/li>\n<li><a href=\"https:\/\/news.google.com\/rss\/articles\/CBMiwwFBVV95cUxOakFmaEVFcEs5ajVHWWhSZFBIRDJaSGllZW1VV2VMSVJSTVlQODh6X3ZyX29HT1ZjbFZfemQxV3I3a0xVamNYeW9RU1Y4ZXgxNmtPaGIzWlBNRXdPaGc5c01Tc1FXaUFpUGZIZGJLS1d6RmtqWGpqX0FPZHZLX3lqUmFPdldCckx4Zi00RFdqUkllYjJ2S2dKb184TlphZWd1amZwRUw1VWJlbkpGeHFuTlMyZlFmaWRXeU1kUEVIajVxNDQ?oc=5\" target=\"_blank\" rel=\"nofollow noopener\">Trz\u0119sienie ziemi w Oberstdorfie. Szokuj\u0105ca dyskwalifikacja. Ods\u0142aniamy kulisy<\/a>&nbsp;&nbsp;Sport w INTERIA.PL<\/li>\n<li><a href=\"https:\/\/news.google.com\/rss\/articles\/CBMimwFBVV95cUxOMVB6XzhkNWl3Z0QwR0VpRXp4SHVOWW1pMnVQSGhkT2dMVGg5OUM3MXpHV19GZTJQRlhqSWN0MkxqdU1wUDB1ZDhkYTh4Z2x3TWUwNGlzdUh3SmgtQjB4aEk5SzZhLU1QT2haY1NBMzQyOHBHT0praG9YZmotZzhoRm9wVnpNV1RoME1wWTdtQ21MaTkxYldSYjB6QQ?oc=5\" target=\"_blank\" rel=\"nofollow noopener\">Dyskwalifikacja w Oberstdorfie! Zmiana na podium, niewiarygodna przewaga zwyci\u0119zcy [AKTUALIZACJA]<\/a>&nbsp;&nbsp;meczyki.pl<\/li>\n<\/ol>\n","protected":false},"excerpt":{"rendered":"Nie do wiary! Stan\u0105\u0142 na podium, nagle zapad\u0142a decyzja. Dyskwalifikacja na start TCS!&nbsp;&nbsp;Przegl\u0105d Sportowy Onet Szok w Oberstdorfie.&hellip;\n","protected":false},"author":2,"featured_media":176763,"comment_status":"","ping_status":"","sticky":false,"template":"","format":"standard","meta":{"footnotes":""},"categories":[24],"tags":[67,34332,42,38,40,39,41,136,128,47,1874,127,135,126,34701,28548,130],"class_list":{"0":"post-176762","1":"post","2":"type-post","3":"status-publish","4":"format-standard","5":"has-post-thumbnail","7":"category-sport","8":"tag-intextvideo_splayer","9":"tag-oberstdorf","10":"tag-pl","11":"tag-poland","12":"tag-polish","13":"tag-polska","14":"tag-polski","15":"tag-ps_detal_new","16":"tag-psv2","17":"tag-screening_general","18":"tag-skoki_narciarskie","19":"tag-sport","20":"tag-sport_sport","21":"tag-sports","22":"tag-timi_zajc","23":"tag-turniej_czterech_skoczni","24":"tag-wiadomosci_sportowe"},"share_on_mastodon":{"url":"https:\/\/pubeurope.com\/@pl\/115804613059912034","error":""},"_links":{"self":[{"href":"https:\/\/www.europesays.com\/pl\/wp-json\/wp\/v2\/posts\/176762","targetHints":{"allow":["GET"]}}],"collection":[{"href":"https:\/\/www.europesays.com\/pl\/wp-json\/wp\/v2\/posts"}],"about":[{"href":"https:\/\/www.europesays.com\/pl\/wp-json\/wp\/v2\/types\/post"}],"author":[{"embeddable":true,"href":"https:\/\/www.europesays.com\/pl\/wp-json\/wp\/v2\/users\/2"}],"replies":[{"embeddable":true,"href":"https:\/\/www.europesays.com\/pl\/wp-json\/wp\/v2\/comments?post=176762"}],"version-history":[{"count":0,"href":"https:\/\/www.europesays.com\/pl\/wp-json\/wp\/v2\/posts\/176762\/revisions"}],"wp:featuredmedia":[{"embeddable":true,"href":"https:\/\/www.europesays.com\/pl\/wp-json\/wp\/v2\/media\/176763"}],"wp:attachment":[{"href":"https:\/\/www.europesays.com\/pl\/wp-json\/wp\/v2\/media?parent=176762"}],"wp:term":[{"taxonomy":"category","embeddable":true,"href":"https:\/\/www.europesays.com\/pl\/wp-json\/wp\/v2\/categories?post=176762"},{"taxonomy":"post_tag","embeddable":true,"href":"https:\/\/www.europesays.com\/pl\/wp-json\/wp\/v2\/tags?post=176762"}],"curies":[{"name":"wp","href":"https:\/\/api.w.org\/{rel}","templated":true}]}}