{"id":176813,"date":"2025-12-29T20:32:10","date_gmt":"2025-12-29T20:32:10","guid":{"rendered":"https:\/\/www.europesays.com\/pl\/176813\/"},"modified":"2025-12-29T20:32:10","modified_gmt":"2025-12-29T20:32:10","slug":"otwarcie-mcdonalds-w-bilgoraju-bilgorajska-pl","status":"publish","type":"post","link":"https:\/\/www.europesays.com\/pl\/176813\/","title":{"rendered":"Otwarcie McDonald\u2019s w Bi\u0142goraju &#8211; bilgorajska.pl"},"content":{"rendered":"<ol>\n<li><a href=\"https:\/\/news.google.com\/rss\/articles\/CBMiiAFBVV95cUxQVGV3a3dJcGZ6eE9POFlyMDhwWmFTcENqU01ldnRZdFVGVEVjUElnTUNrOEtyU0Fxb01KTEY3eVdOMThxQVJDT0hJX3NvLXp5WWJtcHFBZkVMVkdUYm80bnNGdkpZR1VDUHU0bDlyNEtXTXFnS2ctMktrQWdDY1NyTVd1VWVWbHlx0gGOAUFVX3lxTE9UV3QtLW1TaThPU3RLT2Q3Zy1OUk9uU3FxLU41cjFmNnVVRFFobVAwdlBWQVM1RkhyMW9Jajd6NE5zUmdTaGVLSjhsQ1BwZWZvWkUtVldOR21HaGpwLXRUM2tfZnhaeS11QTlFODAtVXlCMlI4VkFLeXRWQS16aVpaM1JDTXVRcm5hWk1OZGc?oc=5\" target=\"_blank\" rel=\"nofollow noopener\">Otwarcie McDonald\u2019s w Bi\u0142goraju<\/a>&nbsp;&nbsp;bilgorajska.pl<\/li>\n<li><a href=\"https:\/\/news.google.com\/rss\/articles\/CBMixAFBVV95cUxOMGd5LUJFck1hSTNNc2hqc051eW1JdDFqQVBIdzdraU91eXNMODRVN2o3c3B1cGpkUzZnQVZvUkhlVzZJQUFIVXdkWHRXcWJuQVZsNjVLeWF4QXNqdzFRcnFHNWczVWctam5aYm9iXy1XU3pyR0Fralh3VE05cTRMcTdONGNEOU1TZE5wS1JGbzUySURSZzItbi1Kc3JWT1hTb0hVMG9jNmlSNEdPRzAzcXUxZkRUdUp1OU9GbTI3TTVlVC1W?oc=5\" target=\"_blank\" rel=\"nofollow noopener\">McDrive i McCaf\u00e9 przy obwodnicy. Dzi\u015b otwarcie restauracji McDonald\u2019s w Bi\u0142goraju (VIDEO)<\/a>&nbsp;&nbsp;bilgoraj.com.pl<\/li>\n<li><a href=\"https:\/\/news.google.com\/rss\/articles\/CBMitgFBVV95cUxQbmRXOVNOWE1IVEV4ajZRbzUwNkZScDB5YzBRR2NYSVRFeFl1MF9BUEF6SzcyeHVFV0NlMW0xUUllMUpzc0U4eFc3OVFVQlBZVlJrM003bmsteDhBV1RVZnBQOTBMWm9tUE1Tanl2Ti1obmppZDFxUzlYVUU1MlJiS1E4S2ptejRxcFNNNVlQb3VZazVHbGJtUS1ZUHZOS0o0bmlyTjR0WUhUdnNIVDVXZi10RENRdw?oc=5\" target=\"_blank\" rel=\"nofollow noopener\">Nowa restauracja McDonald&#8217;s w wojew\u00f3dztwie lubelskim ju\u017c otwarta!<\/a>&nbsp;&nbsp;Lublin24.pl<\/li>\n<li><a href=\"https:\/\/news.google.com\/rss\/articles\/CBMiqAFBVV95cUxQbF9SVFBVQng2eFlZZzNEdWxHN1V0cGxVbjFsNnNhXzZVUERCZTNzQlNSMzBqNlF4NTliVWpETFRWS0tLNWk3QWx2MVpNbGZ1TldzbXlncndmaEEtS3F5aDhrYjdRdktKeWdwTE01ZTREay04dDI0bDZlRUJWQ3FfNmhkYW1tMUZRa2ZuYmpKSG1pbHF1cVlkaHljNUF1REZ4d0JzcTlnQ1U?oc=5\" target=\"_blank\" rel=\"nofollow noopener\">Kolejny McDonald\u2019s na Lubelszczy\u017anie. Lokal w Bi\u0142goraju zosta\u0142 oficjalnie otwarty<\/a>&nbsp;&nbsp;Lublin112<\/li>\n<li><a href=\"https:\/\/news.google.com\/rss\/articles\/CBMizwFBVV95cUxNZC1wcXZWZkJNX0dWZU13dkdEci1BdU1IM2FQM2lGMUI0ejM5UGJZM1hTakFvRk01QndKQU5yYTNYeDlmNEdlZnppZFB2a19LNW1Db0M3czREakR3RWVfdFhlN1RHMmNENjVBc0tMR0k4UnozZXl5OEo1OG5HTjcxOVU2ZktTaDVPMXQ1em9TSjZib3U3YUhOY3VuY3ZXTldpdDBfNjR0WDJaWWstS2t1eFluX2VUV3lIcHc4Z2Y3ellmQ1g4bjRUT01xU3hhOVk?oc=5\" target=\"_blank\" rel=\"nofollow noopener\">Jeste\u015bmy na miejscu! Wielkie otwarcie McDonald\u2019s w Bi\u0142goraju! (foto)<\/a>&nbsp;&nbsp;gazetabilgoraj.pl<\/li>\n<\/ol>\n","protected":false},"excerpt":{"rendered":"Otwarcie McDonald\u2019s w Bi\u0142goraju&nbsp;&nbsp;bilgorajska.pl McDrive i McCaf\u00e9 przy obwodnicy. Dzi\u015b otwarcie restauracji McDonald\u2019s w Bi\u0142goraju (VIDEO)&nbsp;&nbsp;bilgoraj.com.pl Nowa restauracja&hellip;\n","protected":false},"author":2,"featured_media":176814,"comment_status":"","ping_status":"","sticky":false,"template":"","format":"standard","meta":{"footnotes":""},"categories":[16],"tags":[113,112,16063,42,38,40,39,41],"class_list":{"0":"post-176813","1":"post","2":"type-post","3":"status-publish","4":"format-standard","5":"has-post-thumbnail","7":"category-biznes","8":"tag-biznes","9":"tag-business","10":"tag-mcdonalds","11":"tag-pl","12":"tag-poland","13":"tag-polish","14":"tag-polska","15":"tag-polski"},"share_on_mastodon":{"url":"https:\/\/pubeurope.com\/@pl\/115804762572362142","error":""},"_links":{"self":[{"href":"https:\/\/www.europesays.com\/pl\/wp-json\/wp\/v2\/posts\/176813","targetHints":{"allow":["GET"]}}],"collection":[{"href":"https:\/\/www.europesays.com\/pl\/wp-json\/wp\/v2\/posts"}],"about":[{"href":"https:\/\/www.europesays.com\/pl\/wp-json\/wp\/v2\/types\/post"}],"author":[{"embeddable":true,"href":"https:\/\/www.europesays.com\/pl\/wp-json\/wp\/v2\/users\/2"}],"replies":[{"embeddable":true,"href":"https:\/\/www.europesays.com\/pl\/wp-json\/wp\/v2\/comments?post=176813"}],"version-history":[{"count":0,"href":"https:\/\/www.europesays.com\/pl\/wp-json\/wp\/v2\/posts\/176813\/revisions"}],"wp:featuredmedia":[{"embeddable":true,"href":"https:\/\/www.europesays.com\/pl\/wp-json\/wp\/v2\/media\/176814"}],"wp:attachment":[{"href":"https:\/\/www.europesays.com\/pl\/wp-json\/wp\/v2\/media?parent=176813"}],"wp:term":[{"taxonomy":"category","embeddable":true,"href":"https:\/\/www.europesays.com\/pl\/wp-json\/wp\/v2\/categories?post=176813"},{"taxonomy":"post_tag","embeddable":true,"href":"https:\/\/www.europesays.com\/pl\/wp-json\/wp\/v2\/tags?post=176813"}],"curies":[{"name":"wp","href":"https:\/\/api.w.org\/{rel}","templated":true}]}}