{"id":176815,"date":"2025-12-29T20:33:06","date_gmt":"2025-12-29T20:33:06","guid":{"rendered":"https:\/\/www.europesays.com\/pl\/176815\/"},"modified":"2025-12-29T20:33:06","modified_gmt":"2025-12-29T20:33:06","slug":"wojna-na-ukrainie-rosjanie-zamordowali-ukrainskich-cywilow-z-powodu-alkoholu","status":"publish","type":"post","link":"https:\/\/www.europesays.com\/pl\/176815\/","title":{"rendered":"Wojna na Ukrainie. Rosjanie zamordowali ukrai\u0144skich cywil\u00f3w z powodu alkoholu"},"content":{"rendered":"\n<p>&#13;<br \/>\nDo zbrodni dosz\u0142o w\u00a0nocy z\u00a020 na\u00a021 grudnia br. w\u00a0jednym z\u00a0dom\u00f3w w\u00a0mie\u015bcie po\u0142o\u017conym w\u00a0obwodzie donieckim we\u00a0wschodniej cz\u0119\u015bci Ukrainy. &#13;\n<\/p>\n<p>&#13;<br \/>\nPrzed budynkiem pojawili si\u0119 rosyjscy \u017co\u0142nierze, a\u00a0na spotkanie im\u00a0wyszli ukrywaj\u0105cy si\u0119 w\u00a0\u015brodku ojciec i\u00a0syn. Rosyjscy wojskowi za\u017c\u0105dali od\u00a0m\u0119\u017cczyzn alkoholu, a\u00a0gdy us\u0142yszeli, \u017ce\u00a0go\u00a0nie maj\u0105, otworzyli ogie\u0144 do\u00a0cywil\u00f3w. Na\u00a0tym si\u0119 nie\u00a0sko\u0144czy\u0142o. \u017bo\u0142dacy Putina wkroczyli do\u00a0piwnicy, gdzie zamordowali kolejne osoby ukrywaj\u0105ce si\u0119 przed ostrza\u0142em. &#13;\n<\/p>\n<p>&#13;<br \/>\nW wyniku zdarzenia, \u015bmier\u0107 ponios\u0142o siedem os\u00f3b. Prze\u017cy\u0142 tylko jeden m\u0119\u017cczyzna ukrywaj\u0105cy si\u0119 w\u00a0piwnicy. Cz\u0142owiek \u017cycie zawdzi\u0119cza tylko temu, \u017ce\u00a0udawa\u0142 martwego. Po\u00a0ca\u0142ym zaj\u015bciu wydosta\u0142 si\u0119 z\u00a0budynku i\u00a0uciek\u0142. &#13;\n<\/p>\n<p>Sprawcy masakry zatrzymani przez rosyjskie s\u0142u\u017cby<\/p>\n<p>&#13;<br \/>\nSprawcy zbrodni przekazali swoim prze\u0142o\u017conym, \u017ce\u00a0w\u00a0budynku &#8222;zlikwidowano grup\u0119 dywersyjno-rozpoznawcz\u0105 ukrai\u0144skiej armii&#8221;. &#13;\n<\/p>\n<p>&#13;<br \/>\nJak podaje ukrai\u0144ski wywiad wojskowy, dzi\u0119ki zeznaniom \u015bwiadka, \u017co\u0142nierze zostali zatrzymani przez rosyjskie s\u0142u\u017cby. &#8222;Sprawa nie\u00a0zosta\u0142a jednak oficjalnie nag\u0142o\u015bniona, co\u00a0mo\u017ce wskazywa\u0107 na\u00a0pr\u00f3b\u0119 jej wyciszenia&#8221; \u2013\u00a0wskazano. &#13;\n<\/p>\n<p>&#13;<br \/>\nNa tym jednak nie\u00a0koniec. HUR ustali\u0142, \u017ce\u00a022 grudnia br. \u017co\u0142nierze tej samej jednostki mieli zgwa\u0142ci\u0107 mieszkank\u0119 rejonu pokrowskiego, a\u00a0nast\u0119pnie torturowa\u0107 i\u00a0zamordowa\u0107 jej m\u0119\u017ca. Jak wynika z\u00a0relacji, kobieta z\u0142o\u017cy\u0142a w\u00a0tej sprawie zeznania przed rosyjsk\u0105 policj\u0105 wojskow\u0105. &#13;\n<\/p>\n<p>Powa\u017cna pora\u017cka Rosjan<\/p>\n<p>&#13;<br \/>\nUkrai\u0144cy w\u00a0znacznym stopniu <a href=\"https:\/\/dorzeczy.pl\/swiat\/824522\/porazka-rosjan-na-froncie-ukraincy-odbili-kupiansk.html\" rel=\"nofollow noopener\" target=\"_blank\">odzyskali kontrol\u0119 nad Kupia\u0144skiem<\/a> \u2013\u00a0podali w\u00a0ubieg\u0142ym tygodniu blogerzy wojskowi, zwi\u0105zani z\u00a0rosyjsk\u0105 armi\u0105. Wcze\u015bniej Kreml chwali\u0142 si\u0119 zdobyciem miasta. &#13;\n<\/p>\n<p>&#13;<br \/>\nKupia\u0144sk ma\u00a0znaczenie strategiczne. Miasto stanowi bowiem wa\u017cny w\u0119ze\u0142 kolejowy. Serwis united24media.com, kt\u00f3ry powo\u0142uje si\u0119 na\u00a0promoskiewskie \u017ar\u00f3d\u0142a, wskazuje, \u017ce\u00a0Si\u0142y Zbrojne Ukrainy wypar\u0142y si\u0142y Kremla z\u00a0zachodniego brzegu rzeki Osko\u0142, kt\u00f3ra przep\u0142ywa przez Kupia\u0144sk. &#13;\n<\/p>\n<p>&#13;<br \/>\nKana\u0142 Rybar na\u00a0Telegramie, kt\u00f3ry jest postrzegany jako blisko zwi\u0105zany z\u00a0rosyjskim resortem obrony, podaje, \u017ce\u00a0si\u0142y Moskwy straci\u0142y wi\u0119kszo\u015b\u0107 swoich si\u0142 we\u00a0wsiach Kondrasz\u00f3wka, Radkiwka i\u00a0Moskowka. &#8222;Sytuacja w\u00a0Kupia\u0144sku jest, delikatnie m\u00f3wi\u0105c, gorsza ni\u017c\u00a0krytyczna&#8221; \u2013\u00a0czytamy. &#13;\n<\/p>\n<p>&#13;<br \/>\nCzytaj te\u017c:<br \/><a href=\"https:\/\/dorzeczy.pl\/opinie\/825137\/putin-zachwycony-postepami-na-polu-walki-kijow-zaprzecza.html\" rel=\"follow nofollow noopener\" data-schema=\"DORZECZY\" data-image=\"https:\/\/img.dorzeczy.pl\/_thumb\/5a\/1c\/42eb00f78294aa32da607e84ef76.jpeg\" target=\"_blank\">Putin otrzyma\u0142 raport z\u00a0pola walki. Nagrano jego reakcj\u0119<\/a>Czytaj te\u017c:<br \/><a href=\"https:\/\/dorzeczy.pl\/swiat\/824174\/siewiersk-w-obwodzie-donieckim-zajety-przez-rosje-ukrainska-armia-potwierdza.html\" rel=\"follow nofollow noopener\" data-schema=\"DORZECZY\" data-image=\"https:\/\/img.dorzeczy.pl\/_thumb\/80\/13\/546dc499b8279c9aa02f3e4fb0b5.jpeg\" target=\"_blank\">Sukces Rosjan na\u00a0froncie. Ukrai\u0144cy potwierdzili utrat\u0119 Siewierska<\/a>&#13;<\/p>\n","protected":false},"excerpt":{"rendered":"&#13; Do zbrodni dosz\u0142o w\u00a0nocy z\u00a020 na\u00a021 grudnia br. w\u00a0jednym z\u00a0dom\u00f3w w\u00a0mie\u015bcie po\u0142o\u017conym w\u00a0obwodzie donieckim we\u00a0wschodniej cz\u0119\u015bci Ukrainy.&hellip;\n","protected":false},"author":2,"featured_media":176816,"comment_status":"","ping_status":"","sticky":false,"template":"","format":"standard","meta":{"footnotes":""},"categories":[14],"tags":[906,32,33,34705,98,27,34,35,28,31,25,103,102,40,41,4658,80,29,30,415,26,892,82,83,84,8441],"class_list":{"0":"post-176815","1":"post","2":"type-post","3":"status-publish","4":"format-standard","5":"has-post-thumbnail","7":"category-swiat","8":"tag-alkohol","9":"tag-breaking-news","10":"tag-breakingnews","11":"tag-cywile","12":"tag-dorzeczy","13":"tag-headlines","14":"tag-latest-news","15":"tag-latestnews","16":"tag-naglowki","17":"tag-najwazniejsze-artykuly","18":"tag-news","19":"tag-obserwator-mediow","20":"tag-opinie","21":"tag-polish","22":"tag-polski","23":"tag-rosjanie","24":"tag-swiat","25":"tag-top-stories","26":"tag-topstories","27":"tag-ukraina","28":"tag-wiadomosci","29":"tag-wojna","30":"tag-world","31":"tag-world-news","32":"tag-worldnews","33":"tag-zbrodnia"},"share_on_mastodon":{"url":"https:\/\/pubeurope.com\/@pl\/115804766429633264","error":""},"_links":{"self":[{"href":"https:\/\/www.europesays.com\/pl\/wp-json\/wp\/v2\/posts\/176815","targetHints":{"allow":["GET"]}}],"collection":[{"href":"https:\/\/www.europesays.com\/pl\/wp-json\/wp\/v2\/posts"}],"about":[{"href":"https:\/\/www.europesays.com\/pl\/wp-json\/wp\/v2\/types\/post"}],"author":[{"embeddable":true,"href":"https:\/\/www.europesays.com\/pl\/wp-json\/wp\/v2\/users\/2"}],"replies":[{"embeddable":true,"href":"https:\/\/www.europesays.com\/pl\/wp-json\/wp\/v2\/comments?post=176815"}],"version-history":[{"count":0,"href":"https:\/\/www.europesays.com\/pl\/wp-json\/wp\/v2\/posts\/176815\/revisions"}],"wp:featuredmedia":[{"embeddable":true,"href":"https:\/\/www.europesays.com\/pl\/wp-json\/wp\/v2\/media\/176816"}],"wp:attachment":[{"href":"https:\/\/www.europesays.com\/pl\/wp-json\/wp\/v2\/media?parent=176815"}],"wp:term":[{"taxonomy":"category","embeddable":true,"href":"https:\/\/www.europesays.com\/pl\/wp-json\/wp\/v2\/categories?post=176815"},{"taxonomy":"post_tag","embeddable":true,"href":"https:\/\/www.europesays.com\/pl\/wp-json\/wp\/v2\/tags?post=176815"}],"curies":[{"name":"wp","href":"https:\/\/api.w.org\/{rel}","templated":true}]}}