{"id":176821,"date":"2025-12-29T20:36:07","date_gmt":"2025-12-29T20:36:07","guid":{"rendered":"https:\/\/www.europesays.com\/pl\/176821\/"},"modified":"2025-12-29T20:36:07","modified_gmt":"2025-12-29T20:36:07","slug":"dyskwalifikacja-w-oberstdorfie-zmiana-na-podium-niewiarygodna-przewaga-zwyciezcy-aktualizacja-meczyki-pl","status":"publish","type":"post","link":"https:\/\/www.europesays.com\/pl\/176821\/","title":{"rendered":"Dyskwalifikacja w Oberstdorfie! Zmiana na podium, niewiarygodna przewaga zwyci\u0119zcy [AKTUALIZACJA] &#8211; Meczyki.pl"},"content":{"rendered":"<ol>\n<li><a href=\"https:\/\/news.google.com\/rss\/articles\/CBMimwFBVV95cUxOMVB6XzhkNWl3Z0QwR0VpRXp4SHVOWW1pMnVQSGhkT2dMVGg5OUM3MXpHV19GZTJQRlhqSWN0MkxqdU1wUDB1ZDhkYTh4Z2x3TWUwNGlzdUh3SmgtQjB4aEk5SzZhLU1QT2haY1NBMzQyOHBHT0praG9YZmotZzhoRm9wVnpNV1RoME1wWTdtQ21MaTkxYldSYjB6QQ?oc=5\" target=\"_blank\" rel=\"nofollow noopener\">Dyskwalifikacja w Oberstdorfie! Zmiana na podium, niewiarygodna przewaga zwyci\u0119zcy [AKTUALIZACJA]<\/a>&nbsp;&nbsp;Meczyki.pl<\/li>\n<li><a href=\"https:\/\/news.google.com\/rss\/articles\/CBMizwFBVV95cUxQb1JkWk5qM0tmRFZaMlVleGkxUTRQUTMzRGxEa0xVRHZhYXNHdGdmT085T0p5VDYzRURDNjhfUkhhdGIzYWI3RTFVUGdoYVpaVC1kYjNSMWlrQlV6T3hUVllWMGJYY1FmNzRDYnFvN0NGSl9EdS05X084N1hfZTJzb09rdmkyaEs2MmZPUzk4VldILVd3bGRCY29HNzF1RFRwOWsyRGlzOHBpbEdfSlJpOGpnQXJ1WFViY3lwN3J2Z1NSSEVGVXJPNnlFWWc2YWs?oc=5\" target=\"_blank\" rel=\"nofollow noopener\">Wrze po dyskwalifikacji na start Turnieju Czterech Skoczni. Tak zareagowali S\u0142owe\u0144cy<\/a>&nbsp;&nbsp;Przegl\u0105d Sportowy Onet<\/li>\n<li><a href=\"https:\/\/news.google.com\/rss\/articles\/CBMixwFBVV95cUxQMWFCNVdMOVMtNWVNLWhuM1lFQjlkdVFTT3VIQjB6Z2ZZTUdaR0FlTUR0cm9zNU5PYVp6clBmcnZ0dUIzNW55ZkVYMlo3WjRYQW53ejhINkt1eG9vQVVQdmVmMEMzU0xPTGV1aWcta1MwMlU0b0Y1U0dMV3MyQWw0eWpJS0V3SHZ1NEdiTUNlQU1OZ2JkbkJkV1Ywd1BXZ2ZLRUZMcVlOU0hXTEoxYklaNmhqbmkweEZ2SlZ4SEN6YmlxLUZDdEo4?oc=5\" target=\"_blank\" rel=\"nofollow noopener\">S\u0142owenia reaguje na dyskwalifikacj\u0119 Timiego Zajca. &#8222;Wstyd!&#8221;<\/a>&nbsp;&nbsp;Przegl\u0105d Sportowy Onet<\/li>\n<li><a href=\"https:\/\/news.google.com\/rss\/articles\/CBMiwwFBVV95cUxOakFmaEVFcEs5ajVHWWhSZFBIRDJaSGllZW1VV2VMSVJSTVlQODh6X3ZyX29HT1ZjbFZfemQxV3I3a0xVamNYeW9RU1Y4ZXgxNmtPaGIzWlBNRXdPaGc5c01Tc1FXaUFpUGZIZGJLS1d6RmtqWGpqX0FPZHZLX3lqUmFPdldCckx4Zi00RFdqUkllYjJ2S2dKb184TlphZWd1amZwRUw1VWJlbkpGeHFuTlMyZlFmaWRXeU1kUEVIajVxNDQ?oc=5\" target=\"_blank\" rel=\"nofollow noopener\">Trz\u0119sienie ziemi w Oberstdorfie. Szokuj\u0105ca dyskwalifikacja. Ods\u0142aniamy kulisy<\/a>&nbsp;&nbsp;Sport w INTERIA.PL<\/li>\n<li><a href=\"https:\/\/news.google.com\/rss\/articles\/CBMirAFBVV95cUxNS19iSnptNkxTVi02SFlfVG5VbU1MYUVPT0JmSHFfUm1YblE5LUxST0xBSmVfZWc4bzZfUlRfMzljVkJqd09hVUlNN1FMU045c2RZMUxBRFBUSzFVUVoyNDZrS0l1VFNaOENlcUhRLXFDZzE2ak9jUTdoMFNnWG9Uek5Wbm5ZUlJ0cUdCd01pWmlaRDh4NW1nejEtOUk2YTRFcHJVOURucy01QW5i?oc=5\" target=\"_blank\" rel=\"nofollow noopener\">Szok w Oberstdorfie. By\u0142 drugi, zosta\u0142 zdyskwalifikowany!<\/a>&nbsp;&nbsp;SportoweFakty<\/li>\n<\/ol>\n","protected":false},"excerpt":{"rendered":"Dyskwalifikacja w Oberstdorfie! Zmiana na podium, niewiarygodna przewaga zwyci\u0119zcy [AKTUALIZACJA]&nbsp;&nbsp;Meczyki.pl Wrze po dyskwalifikacji na start Turnieju Czterech Skoczni.&hellip;\n","protected":false},"author":2,"featured_media":176822,"comment_status":"","ping_status":"","sticky":false,"template":"","format":"standard","meta":{"footnotes":""},"categories":[24],"tags":[42,38,40,39,41,127,126],"class_list":{"0":"post-176821","1":"post","2":"type-post","3":"status-publish","4":"format-standard","5":"has-post-thumbnail","7":"category-sport","8":"tag-pl","9":"tag-poland","10":"tag-polish","11":"tag-polska","12":"tag-polski","13":"tag-sport","14":"tag-sports"},"share_on_mastodon":{"url":"https:\/\/pubeurope.com\/@pl\/115804778216386064","error":""},"_links":{"self":[{"href":"https:\/\/www.europesays.com\/pl\/wp-json\/wp\/v2\/posts\/176821","targetHints":{"allow":["GET"]}}],"collection":[{"href":"https:\/\/www.europesays.com\/pl\/wp-json\/wp\/v2\/posts"}],"about":[{"href":"https:\/\/www.europesays.com\/pl\/wp-json\/wp\/v2\/types\/post"}],"author":[{"embeddable":true,"href":"https:\/\/www.europesays.com\/pl\/wp-json\/wp\/v2\/users\/2"}],"replies":[{"embeddable":true,"href":"https:\/\/www.europesays.com\/pl\/wp-json\/wp\/v2\/comments?post=176821"}],"version-history":[{"count":0,"href":"https:\/\/www.europesays.com\/pl\/wp-json\/wp\/v2\/posts\/176821\/revisions"}],"wp:featuredmedia":[{"embeddable":true,"href":"https:\/\/www.europesays.com\/pl\/wp-json\/wp\/v2\/media\/176822"}],"wp:attachment":[{"href":"https:\/\/www.europesays.com\/pl\/wp-json\/wp\/v2\/media?parent=176821"}],"wp:term":[{"taxonomy":"category","embeddable":true,"href":"https:\/\/www.europesays.com\/pl\/wp-json\/wp\/v2\/categories?post=176821"},{"taxonomy":"post_tag","embeddable":true,"href":"https:\/\/www.europesays.com\/pl\/wp-json\/wp\/v2\/tags?post=176821"}],"curies":[{"name":"wp","href":"https:\/\/api.w.org\/{rel}","templated":true}]}}