{"id":176825,"date":"2025-12-29T20:39:07","date_gmt":"2025-12-29T20:39:07","guid":{"rendered":"https:\/\/www.europesays.com\/pl\/176825\/"},"modified":"2025-12-29T20:39:07","modified_gmt":"2025-12-29T20:39:07","slug":"gddkia-ujawnia-ambitne-plany-na-2026-r-ponad-290-km-nowych-drog","status":"publish","type":"post","link":"https:\/\/www.europesays.com\/pl\/176825\/","title":{"rendered":"GDDKiA ujawnia ambitne plany na 2026 r. Ponad 290 km nowych dr\u00f3g"},"content":{"rendered":"<p data-section=\"detail-body\">Polska kontynuuje intensywn\u0105 rozbudow\u0119 sieci drogowej. Sytuacja uleg\u0142a diametralnej poprawie, co wida\u0107 po o\u015bmiokrotnym wzro\u015bcie d\u0142ugo\u015bci sieci dr\u00f3g szybkiego ruchu od momentu wej\u015bcia Polski do Unii Europejskiej. R\u00f3wnolegle z rozbudow\u0105 infrastruktury nast\u0105pi\u0142 ogromny skok w poziomie bezpiecze\u0144stwa, a Polska odnotowa\u0142a rekordowy w Unii Europejskiej, bo a\u017c 35-procentowy spadek liczby ofiar \u015bmiertelnych w wypadkach drogowych w ostatnich latach. <\/p>\n<p class=\"article_p\" data-section=\"detail-body\">Dalsza cz\u0119\u015b\u0107 artyku\u0142u znajduje si\u0119 poni\u017cej materia\u0142u wideo<\/p>\n<p class=\"article_p\" data-section=\"detail-body\">Co dalej? Generalna Dyrekcja Dr\u00f3g Krajowych i Autostrad w kolejnych 12 miesi\u0105cach planuje odda\u0107 do u\u017cytku ponad 290 km nowych dr\u00f3g. Na to ma z\u0142o\u017cy\u0107 si\u0119 57,4 km autostrad, 178 km dr\u00f3g ekspresowych i 55 km obwodnic.<\/p>\n<p class=\"article_p\" data-section=\"detail-body\">Zobacz tak\u017ce: <a href=\"https:\/\/businessinsider.com.pl\/wiadomosci\/nowy-odcinek-drogi-ekspresowej-s1-w-beskidach-gotowy-majstersztyk\/t52rpvy\" id=\"1abff206-d04e-4caf-88ad-0f1c1845df0a\" rel=\"nofollow noopener\" target=\"_blank\">Najpi\u0119kniejsza droga w Polsce oddana do u\u017cytku. Kierowcy b\u0119d\u0105 zachwyceni<\/a><\/p>\n<p>            Czytaj tak\u017ce w BUSINESS INSIDER<\/p>\n<p class=\"article_p\" data-section=\"detail-body\">Pawe\u0142 Wo\u017aniak podkre\u015bli\u0142, \u017ce b\u0119d\u0105 to m.in. cztery odcinki S6 o \u0142\u0105cznej d\u0142ugo\u015bci 62 km na trasie S\u0142upsk \u2014 Bo\u017cepole Wielkie. Wyja\u015bni\u0142, \u017ce dzi\u0119ki temu Pomorze b\u0119dzie mia\u0142o wzd\u0142u\u017c wybrze\u017ca po\u0142\u0105czenie mi\u0119dzy Gda\u0144skiem a Szczecinem.<\/p>\n<p class=\"article_p\" data-section=\"detail-body\">Dalszy ci\u0105g tekstu pod materia\u0142em wideo<\/p>\n<p class=\"article_p\" data-section=\"detail-body\">W\u015br\u00f3d planowanych do oddania przez GDDKiA dr\u00f3g znajduje si\u0119 te\u017c sze\u015b\u0107 odcink\u00f3w S19 o \u0142\u0105cznej d\u0142ugo\u015bci 79 km oraz obwodnica Pu\u0142tuska DK61 o d\u0142ugo\u015bci 19,8 km.<\/p>\n<p>        Polacy b\u0119d\u0105 je\u017adzi\u0107 nowymi drogami. GDDKiA ujawnia plany na 2026 r.<\/p>\n<p class=\"article_p\" data-section=\"detail-body\">Ponadto dyrekcja, jak poinformowa\u0142 Pawe\u0142 Wo\u017aniak, planuje w przysz\u0142ym roku og\u0142osi\u0107 przetargi na 260 km nowych dr\u00f3g \u2014 b\u0119d\u0105 to m.in. S19 Bia\u0142ystok Zach\u00f3d \u2014 Deniski (trzy odcinki), S11 K\u00f3rnik \u2014 Jarocin oraz S11 Jarocin \u2014 Ostr\u00f3w Wielkopolski. Doda\u0142, \u017ce od przysz\u0142ego roku do 2030 r. GDDKiA planuje przeznacza\u0107 na inwestycje 20 mld z\u0142 rocznie.<\/p>\n<p class=\"article_p\" data-section=\"detail-body\">Zobacz tak\u017ce: <a href=\"https:\/\/businessinsider.com.pl\/praca\/zmiana-kariery-audytorka-ktora-zostala-kierowca-cysterny-paliwowej\/sp237zj\" id=\"f0a949f2-4d8b-443c-a5df-3ba202690a16\" rel=\"nofollow noopener\" target=\"_blank\">Rzuci\u0142a korporacj\u0119 i zosta\u0142a kierowc\u0105 \u015bmieciarki. Dzi\u015b wozi paliwo lotnicze<\/a><\/p>\n<p class=\"article_p\" data-section=\"detail-body\">Pawe\u0142 Wo\u017aniak poinformowa\u0142 te\u017c, \u017ce na koniec 2025 r. sie\u0107 dr\u00f3g szybkiego ruchu w Polsce b\u0119dzie liczy\u0107 5465,7 km, w tym 1894,5 km autostrad i 3571,2 km dr\u00f3g ekspresowych.<\/p>\n<p class=\"article_p\" data-section=\"detail-body\">Przypomnia\u0142, \u017ce w 2025 r. do ruchu oddano 390,4 km nowych dr\u00f3g oraz zawarto 23 umowy na 175,7 km \u2014 sze\u015b\u0107 um\u00f3w stanowi\u0142y drogi ekspresowe (47,5 km), a 17 \u2014 obwodnice oraz nowa droga krajowa do przysz\u0142ej elektrowni j\u0105drowej (128,2 km). Droga ta po\u0142\u0105czy tras\u0119 S6 z elektrowni\u0105 Lubiatowo-Kopalino.<\/p>\n<p>        GDDKiA chwali si\u0119 inwestycjami. &#8222;Szczeg\u00f3lny rok&#8221;<\/p>\n<p class=\"article_p\" data-section=\"detail-body\">&#8222;To by\u0142 szczeg\u00f3lny rok w inwestycjach drogowych. Oddali\u015bmy do u\u017cytku w tym roku blisko 400 km autostrad, dr\u00f3g ekspresowych, obwodnic miast. To jest bardzo dobry wynik. Szczeg\u00f3lnym elementem tego wyniku jest miesi\u0105c grudzie\u0144, w kt\u00f3rym zostaje i zosta\u0142o oddanych do u\u017cytku ok. 200 km dr\u00f3g&#8221; \u2014 stwierdzi\u0142 wiceminister infrastruktury Stanis\u0142aw Bukowiec.<\/p>\n<p class=\"article_p\" data-section=\"detail-body\">&#8222;To jest element strategii inwestycyjnej rz\u0105du, Ministerstwa Infrastruktury i Generalnej Dyrekcji Dr\u00f3g Krajowych i Autostrad, aby ca\u0142y czas inwestowa\u0107 w polskie drogi, rozszerza\u0107 sie\u0107 dr\u00f3g krajowych&#8221; \u2014 doda\u0142 Bukowiec.<\/p>\n","protected":false},"excerpt":{"rendered":"Polska kontynuuje intensywn\u0105 rozbudow\u0119 sieci drogowej. Sytuacja uleg\u0142a diametralnej poprawie, co wida\u0107 po o\u015bmiokrotnym wzro\u015bcie d\u0142ugo\u015bci sieci dr\u00f3g&hellip;\n","protected":false},"author":2,"featured_media":176826,"comment_status":"","ping_status":"","sticky":false,"template":"","format":"standard","meta":{"footnotes":""},"categories":[16],"tags":[113,112,42,38,40,39,41],"class_list":{"0":"post-176825","1":"post","2":"type-post","3":"status-publish","4":"format-standard","5":"has-post-thumbnail","7":"category-biznes","8":"tag-biznes","9":"tag-business","10":"tag-pl","11":"tag-poland","12":"tag-polish","13":"tag-polska","14":"tag-polski"},"share_on_mastodon":{"url":"https:\/\/pubeurope.com\/@pl\/115804790015622545","error":""},"_links":{"self":[{"href":"https:\/\/www.europesays.com\/pl\/wp-json\/wp\/v2\/posts\/176825","targetHints":{"allow":["GET"]}}],"collection":[{"href":"https:\/\/www.europesays.com\/pl\/wp-json\/wp\/v2\/posts"}],"about":[{"href":"https:\/\/www.europesays.com\/pl\/wp-json\/wp\/v2\/types\/post"}],"author":[{"embeddable":true,"href":"https:\/\/www.europesays.com\/pl\/wp-json\/wp\/v2\/users\/2"}],"replies":[{"embeddable":true,"href":"https:\/\/www.europesays.com\/pl\/wp-json\/wp\/v2\/comments?post=176825"}],"version-history":[{"count":0,"href":"https:\/\/www.europesays.com\/pl\/wp-json\/wp\/v2\/posts\/176825\/revisions"}],"wp:featuredmedia":[{"embeddable":true,"href":"https:\/\/www.europesays.com\/pl\/wp-json\/wp\/v2\/media\/176826"}],"wp:attachment":[{"href":"https:\/\/www.europesays.com\/pl\/wp-json\/wp\/v2\/media?parent=176825"}],"wp:term":[{"taxonomy":"category","embeddable":true,"href":"https:\/\/www.europesays.com\/pl\/wp-json\/wp\/v2\/categories?post=176825"},{"taxonomy":"post_tag","embeddable":true,"href":"https:\/\/www.europesays.com\/pl\/wp-json\/wp\/v2\/tags?post=176825"}],"curies":[{"name":"wp","href":"https:\/\/api.w.org\/{rel}","templated":true}]}}