{"id":176851,"date":"2025-12-29T20:55:16","date_gmt":"2025-12-29T20:55:16","guid":{"rendered":"https:\/\/www.europesays.com\/pl\/176851\/"},"modified":"2025-12-29T20:55:16","modified_gmt":"2025-12-29T20:55:16","slug":"nowe-zasady-wjazdu-do-warszawskiej-strefy-czystego-transportu-od-2026-roku","status":"publish","type":"post","link":"https:\/\/www.europesays.com\/pl\/176851\/","title":{"rendered":"Nowe zasady wjazdu do warszawskiej Strefy Czystego Transportu od 2026 roku"},"content":{"rendered":"<p>Od 1 stycznia 2026 roku wchodz\u0105 w \u017cycie nowe, bardziej restrykcyjne zasady dotycz\u0105ce wjazdu do warszawskiej Strefy Czystego Transportu. Zmiany obejm\u0105 przede wszystkim w\u0142a\u015bcicieli starszych samochod\u00f3w, ale nie zabraknie wyj\u0105tk\u00f3w dla mieszka\u0144c\u00f3w stolicy i wybranych grup spo\u0142ecznych.<\/p>\n<p>                         &#13;<br \/>\n        &#13;<\/p>\n<p>                                        &#13;<br \/>\n                        &#13;<br \/>\n                            <img decoding=\"async\" src=\"https:\/\/www.europesays.com\/pl\/wp-content\/uploads\/2025\/12\/000M4OEVTMM89ME4-C123-F4.jpg\" title=\"Strefa Czystego Transportu w Warszawie. Zmiany od nowego roku\" alt=\"\/Fot. Szymon Pulcyn, UM Warszawa \/\" class=\"img-responsive\"\/>&#13;<\/p>\n<p>                            &#13;<\/p>\n<p>      &#13;<br \/>\n                            &#13;<br \/>\n                                    \/Fot. Szymon Pulcyn, UM Warszawa \/   &#13;\n                                    <\/p>\n<p>&#13;<\/p>\n<ul class=\"bullet\">\n<li>Najnowsze informacje z kraju i ze \u015bwiata znajdziesz na\u00a0<a href=\"https:\/\/www.rmf24.pl\/\" rel=\"nofollow noopener\" target=\"_blank\">rmf24.pl<\/a>.<\/li>\n<\/ul>\n<p>Nowe przepisy nie zmieni\u0105 granic Strefy Czystego Transportu \u2013 wci\u0105\u017c b\u0119d\u0105 one przebiega\u0107 wzd\u0142u\u017c al. Prymasa Tysi\u0105clecia, Al. Jerozolimskich, Trasy \u0141azienkowskiej, al. Stan\u00f3w Zjednoczonych, ul. Wiatracznej oraz tor\u00f3w kolejowych wzd\u0142u\u017c p\u00f3\u0142nocnej obwodnicy kolejowej do al. Prymasa Tysi\u0105clecia.\u00a0<\/p>\n<p>Zgodnie z harmonogramem przyj\u0119tym podczas wprowadzania SCT w 2024 roku, od 2026 roku poszerzona zostanie lista pojazd\u00f3w obj\u0119tych zakazem wjazdu do strefy.<\/p>\n<p>Od pocz\u0105tku 2026 roku do Strefy Czystego Transportu nie b\u0119d\u0105 mog\u0142y wje\u017cd\u017ca\u0107:<\/p>\n<ul class=\"bullet\">\n<li>pojazdy z silnikiem benzynowym wyprodukowane przed 2000 rokiem lub niespe\u0142niaj\u0105ce normy Euro 3,<\/li>\n<li>pojazdy z silnikiem Diesla wyprodukowane przed 2009 rokiem lub niespe\u0142niaj\u0105ce normy Euro 5.<\/li>\n<\/ul>\n<p>Oznacza to, \u017ce maksymalny wiek pojazdu z silnikiem benzynowym wyniesie 26 lat, a z silnikiem Diesla \u2013 17 lat.<\/p>\n<p>Nowe obostrzenia nie b\u0119d\u0105 dotyczy\u0107 &#8211; pod warunkiem, \u017ce pojazd by\u0142 zarejestrowany przed 1 stycznia 2024 roku &#8211; przez mieszka\u0144c\u00f3w Warszawy p\u0142ac\u0105cych podatki w stolicy oraz os\u00f3b, kt\u00f3re uko\u0144czy\u0142y 70 lat przed ko\u0144cem 2023 roku.\u00a0<\/p>\n<p>Pozosta\u0142e wyj\u0105tki obejmuj\u0105 m.in. osoby z niepe\u0142nosprawno\u015bciami oraz s\u0142u\u017cby. Kierowcy nieobj\u0119ci \u017cadnymi wyj\u0105tkami mog\u0105 wjecha\u0107 pojazdami niespe\u0142niaj\u0105cymi wymog\u00f3w do strefy przez 4 dni w roku.<\/p>\n<p>    &#13;<br \/>\n        &#13;<\/p>\n<p>                                        &#13;<br \/>\n                        &#13;<br \/>\n                            <img decoding=\"async\" src=\"https:\/\/www.europesays.com\/pl\/wp-content\/uploads\/2025\/12\/000M4P21F0PMXTEG-C123-F4.jpg\" title=\"Strefa Czystego Transportu w Warszawie. Zmiany od nowego roku\" alt=\"\/UM Warszawa \/\" class=\"img-responsive\"\/>&#13;<\/p>\n<p>                            &#13;<\/p>\n<p>      &#13;<br \/>\n                            &#13;<br \/>\n                                    \/UM Warszawa \/   &#13;\n                                    <\/p>\n<p>&#13;<\/p>\n<p>Za nieuprawniony wjazd do Strefy Czystego Transportu grozi mandat do 500 z\u0142. Legalno\u015b\u0107 wjazdu do strefy kontroluje stra\u017c miejska na podstawie danych z Centralnej Ewidencji Pojazd\u00f3w i Kierowc\u00f3w.<\/p>\n<p>Drugi etap zaostrzenia przepis\u00f3w zaplanowano na koniec 2027 roku.\u00a0<\/p>\n<p>Od stycznia 2028 roku nowe zasady obejm\u0105 tak\u017ce mieszka\u0144c\u00f3w Warszawy p\u0142ac\u0105cych podatki w stolicy. W\u00f3wczas nie b\u0119d\u0105 mogli porusza\u0107 si\u0119 po strefie pojazdem z silnikiem Diesla starszym ni\u017c 13 lat oraz pojazdem benzynowym starszym ni\u017c 22 lata.\u00a0<\/p>\n<p>Oznacza to, \u017ce do strefy nie wjad\u0105 ju\u017c samochody benzynowe wyprodukowane przed 2005 rokiem lub niespe\u0142niaj\u0105ce normy Euro 4 oraz diesle wyprodukowane przed 2014 rokiem lub niespe\u0142niaj\u0105ce normy Euro 6.<\/p>\n<p>W\u0142adze miasta podkre\u015blaj\u0105, \u017ce wprowadzenie kolejnych etap\u00f3w SCT ma na celu popraw\u0119 jako\u015bci powietrza w Warszawie oraz ochron\u0119 zdrowia mieszka\u0144c\u00f3w.<\/p>\n","protected":false},"excerpt":{"rendered":"Od 1 stycznia 2026 roku wchodz\u0105 w \u017cycie nowe, bardziej restrykcyjne zasady dotycz\u0105ce wjazdu do warszawskiej Strefy Czystego&hellip;\n","protected":false},"author":2,"featured_media":176852,"comment_status":"","ping_status":"","sticky":false,"template":"","format":"standard","meta":{"footnotes":""},"categories":[12],"tags":[32,33,36,37,27,34,35,28,31,25,42,38,40,39,41,29,30,26],"class_list":{"0":"post-176851","1":"post","2":"type-post","3":"status-publish","4":"format-standard","5":"has-post-thumbnail","7":"category-polska","8":"tag-breaking-news","9":"tag-breakingnews","10":"tag-featured-news","11":"tag-featurednews","12":"tag-headlines","13":"tag-latest-news","14":"tag-latestnews","15":"tag-naglowki","16":"tag-najwazniejsze-artykuly","17":"tag-news","18":"tag-pl","19":"tag-poland","20":"tag-polish","21":"tag-polska","22":"tag-polski","23":"tag-top-stories","24":"tag-topstories","25":"tag-wiadomosci"},"share_on_mastodon":{"url":"https:\/\/pubeurope.com\/@pl\/115804853000306046","error":""},"_links":{"self":[{"href":"https:\/\/www.europesays.com\/pl\/wp-json\/wp\/v2\/posts\/176851","targetHints":{"allow":["GET"]}}],"collection":[{"href":"https:\/\/www.europesays.com\/pl\/wp-json\/wp\/v2\/posts"}],"about":[{"href":"https:\/\/www.europesays.com\/pl\/wp-json\/wp\/v2\/types\/post"}],"author":[{"embeddable":true,"href":"https:\/\/www.europesays.com\/pl\/wp-json\/wp\/v2\/users\/2"}],"replies":[{"embeddable":true,"href":"https:\/\/www.europesays.com\/pl\/wp-json\/wp\/v2\/comments?post=176851"}],"version-history":[{"count":0,"href":"https:\/\/www.europesays.com\/pl\/wp-json\/wp\/v2\/posts\/176851\/revisions"}],"wp:featuredmedia":[{"embeddable":true,"href":"https:\/\/www.europesays.com\/pl\/wp-json\/wp\/v2\/media\/176852"}],"wp:attachment":[{"href":"https:\/\/www.europesays.com\/pl\/wp-json\/wp\/v2\/media?parent=176851"}],"wp:term":[{"taxonomy":"category","embeddable":true,"href":"https:\/\/www.europesays.com\/pl\/wp-json\/wp\/v2\/categories?post=176851"},{"taxonomy":"post_tag","embeddable":true,"href":"https:\/\/www.europesays.com\/pl\/wp-json\/wp\/v2\/tags?post=176851"}],"curies":[{"name":"wp","href":"https:\/\/api.w.org\/{rel}","templated":true}]}}