{"id":176961,"date":"2025-12-29T21:57:10","date_gmt":"2025-12-29T21:57:10","guid":{"rendered":"https:\/\/www.europesays.com\/pl\/176961\/"},"modified":"2025-12-29T21:57:10","modified_gmt":"2025-12-29T21:57:10","slug":"lotwa-koniec-budowy-metalowej-bariery-na-granicy-z-rosja","status":"publish","type":"post","link":"https:\/\/www.europesays.com\/pl\/176961\/","title":{"rendered":"\u0141otwa. Koniec budowy metalowej bariery na granicy z Rosj\u0105"},"content":{"rendered":"<p>Budowa metalowej bariery o d\u0142ugo\u015bci oko\u0142o 280 km na granicy \u0142otewsko-rosyjskiej zosta\u0142a w pe\u0142ni zako\u0144czona. Wcze\u015bniej w 2024 r. wzniesiono tak\u017ce barier\u0119 na granicy z Bia\u0142orusi\u0105 licz\u0105c\u0105 173 km.<\/p>\n<p>                         &#13;<br \/>\n        &#13;<\/p>\n<p>                                        &#13;<br \/>\n                        &#13;<br \/>\n                            <img decoding=\"async\" src=\"https:\/\/www.europesays.com\/pl\/wp-content\/uploads\/2025\/12\/000M4UV8HSH0L2HA-C123-F4.jpg\" title=\"\u200b\u0141otwa odgrodzi\u0142a si\u0119 od Rosji\" alt=\"Bariera na granicy \u0142otewsko-rosyjskiej. \/GINTS IVUSKANS\/AFP\/East News \/East News\" class=\"img-responsive\"\/>&#13;<\/p>\n<p>                            &#13;<\/p>\n<p>      &#13;<br \/>\n                            Bariera na granicy \u0142otewsko-rosyjskiej.&#13;<br \/>\n                                    \/GINTS IVUSKANS\/AFP\/East News \/East News  &#13;\n                                    <\/p>\n<p>&#13;<\/p>\n<p>O zako\u0144czeniu inwestycji poinformowa\u0142a w\u00a0poniedzia\u0142ek Agencja Nieruchomo\u015bci Pa\u0144stwowych.<\/p>\n<p>Minister spraw wewn\u0119trznych Rihards Kozlovskis powiedzia\u0142, \u017ce zrealizowanie tego strategicznego projektu stanowi &#8222;wa\u017cny wk\u0142ad w\u00a0bezpiecze\u0144stwo mieszka\u0144c\u00f3w \u0141otwy&#8221;. Wzmacnia tak\u017ce zdolno\u015bci \u0142otewskiej stra\u017cy granicznej w\u00a0zwalczaniu presji migracyjnej zza wschodniej granicy &#8211; doda\u0142<\/p>\n<p>W ostatniej fazie koncentrowano si\u0119 m.in. na pracach na terenach podmok\u0142ych i\u00a0trudno dost\u0119pnych, a do u\u017cytku oddano licz\u0105cy kilkadziesi\u0105t kilometr\u00f3w odcinek metalowej bariery zwie\u0144czonej drutem kolczastym.<\/p>\n<p>Wcze\u015bniej w\u00a02024 r. wzniesiono tak\u017ce barier\u0119 na granicy z\u00a0Bia\u0142orusi\u0105 licz\u0105c\u0105 173 km. W tym roku kontynuowane by\u0142y prace przy budowie infrastruktury drogowej, umo\u017cliwiaj\u0105cej jednostkom stra\u017cy sprawne przemieszczanie si\u0119 wzd\u0142u\u017c odcink\u00f3w granicznych.<\/p>\n<p>Zgodnie z\u00a0harmonogramem rozbudowa infrastruktury towarzysz\u0105cej przy granicy z\u00a0Rosj\u0105, obejmuj\u0105cej \u015bcie\u017cki patrolowe, k\u0142adki i\u00a0inne rozwi\u0105zania in\u017cynieryjne, a\u00a0tak\u017ce instalacje system\u00f3w technologicznych, ma by\u0107 realizowana w\u00a0latach 2026-2027.<\/p>\n<p>Naszym celem jest stworzenie nowoczesnej ochrony na wschodniej granicy UE &#8211; podkre\u015bli\u0142 szef \u0142otewskiego MSW.<\/p>\n<p>D\u0142ugo\u015b\u0107 wschodniej granicy \u0141otwy wynosi ponad 456 km.<\/p>\n<p>\u00a0<\/p>\n","protected":false},"excerpt":{"rendered":"Budowa metalowej bariery o d\u0142ugo\u015bci oko\u0142o 280 km na granicy \u0142otewsko-rosyjskiej zosta\u0142a w pe\u0142ni zako\u0144czona. Wcze\u015bniej w 2024&hellip;\n","protected":false},"author":2,"featured_media":176962,"comment_status":"","ping_status":"","sticky":false,"template":"","format":"standard","meta":{"footnotes":""},"categories":[14],"tags":[32,33,27,34,35,28,31,25,40,41,80,29,30,26,82,83,84],"class_list":{"0":"post-176961","1":"post","2":"type-post","3":"status-publish","4":"format-standard","5":"has-post-thumbnail","7":"category-swiat","8":"tag-breaking-news","9":"tag-breakingnews","10":"tag-headlines","11":"tag-latest-news","12":"tag-latestnews","13":"tag-naglowki","14":"tag-najwazniejsze-artykuly","15":"tag-news","16":"tag-polish","17":"tag-polski","18":"tag-swiat","19":"tag-top-stories","20":"tag-topstories","21":"tag-wiadomosci","22":"tag-world","23":"tag-world-news","24":"tag-worldnews"},"share_on_mastodon":{"url":"https:\/\/pubeurope.com\/@pl\/115805096808975437","error":""},"_links":{"self":[{"href":"https:\/\/www.europesays.com\/pl\/wp-json\/wp\/v2\/posts\/176961","targetHints":{"allow":["GET"]}}],"collection":[{"href":"https:\/\/www.europesays.com\/pl\/wp-json\/wp\/v2\/posts"}],"about":[{"href":"https:\/\/www.europesays.com\/pl\/wp-json\/wp\/v2\/types\/post"}],"author":[{"embeddable":true,"href":"https:\/\/www.europesays.com\/pl\/wp-json\/wp\/v2\/users\/2"}],"replies":[{"embeddable":true,"href":"https:\/\/www.europesays.com\/pl\/wp-json\/wp\/v2\/comments?post=176961"}],"version-history":[{"count":0,"href":"https:\/\/www.europesays.com\/pl\/wp-json\/wp\/v2\/posts\/176961\/revisions"}],"wp:featuredmedia":[{"embeddable":true,"href":"https:\/\/www.europesays.com\/pl\/wp-json\/wp\/v2\/media\/176962"}],"wp:attachment":[{"href":"https:\/\/www.europesays.com\/pl\/wp-json\/wp\/v2\/media?parent=176961"}],"wp:term":[{"taxonomy":"category","embeddable":true,"href":"https:\/\/www.europesays.com\/pl\/wp-json\/wp\/v2\/categories?post=176961"},{"taxonomy":"post_tag","embeddable":true,"href":"https:\/\/www.europesays.com\/pl\/wp-json\/wp\/v2\/tags?post=176961"}],"curies":[{"name":"wp","href":"https:\/\/api.w.org\/{rel}","templated":true}]}}