{"id":176981,"date":"2025-12-29T22:08:11","date_gmt":"2025-12-29T22:08:11","guid":{"rendered":"https:\/\/www.europesays.com\/pl\/176981\/"},"modified":"2025-12-29T22:08:11","modified_gmt":"2025-12-29T22:08:11","slug":"piotr-gasowski-spedzil-swieta-z-dziecmi-i-dwiema-eks-partnerkami","status":"publish","type":"post","link":"https:\/\/www.europesays.com\/pl\/176981\/","title":{"rendered":"Piotr G\u0105sowski sp\u0119dzi\u0142 \u015bwi\u0119ta z dzie\u0107mi i dwiema eks-partnerkami"},"content":{"rendered":"<p>Ostatnio du\u017co o tym my\u015bl\u0119, jak bardzo t\u0119skni\u0119 za tymi, kt\u00f3rych kocham. A \u015awi\u0119ta to czas spotka\u0144. Nareszcie! Chocia\u017c raz w roku z niekt\u00f3rymi. \u015awi\u0119ty czas, kt\u00f3rego nigdy w dzisiejszych czasach nie jest zbyt wiele. Trzeba si\u0119 spieszy\u0107, kochani, z tymi rado\u015bciami. \u015apiewa\u0107, ta\u0144czy\u0107, poje\u015b\u0107 sobie, po\u015bmia\u0107 si\u0119, pogada\u0107 i cieszy\u0107 pi\u0119knymi chwilami. Na k\u0142opoty i smutki zawsze przyjdzie czas. Zag\u0142uszmy te my\u015bli kol\u0119d\u0105 &#8211; co Wy na to? Na godzink\u0119 chocia\u017c?<\/p>\n","protected":false},"excerpt":{"rendered":"Ostatnio du\u017co o tym my\u015bl\u0119, jak bardzo t\u0119skni\u0119 za tymi, kt\u00f3rych kocham. A \u015awi\u0119ta to czas spotka\u0144. Nareszcie!&hellip;\n","protected":false},"author":2,"featured_media":176982,"comment_status":"","ping_status":"","sticky":false,"template":"","format":"standard","meta":{"footnotes":""},"categories":[22],"tags":[122,42,38,40,39,41,123],"class_list":{"0":"post-176981","1":"post","2":"type-post","3":"status-publish","4":"format-standard","5":"has-post-thumbnail","7":"category-rozrywka","8":"tag-entertainment","9":"tag-pl","10":"tag-poland","11":"tag-polish","12":"tag-polska","13":"tag-polski","14":"tag-rozrywka"},"share_on_mastodon":{"url":"https:\/\/pubeurope.com\/@pl\/115805140044449531","error":""},"_links":{"self":[{"href":"https:\/\/www.europesays.com\/pl\/wp-json\/wp\/v2\/posts\/176981","targetHints":{"allow":["GET"]}}],"collection":[{"href":"https:\/\/www.europesays.com\/pl\/wp-json\/wp\/v2\/posts"}],"about":[{"href":"https:\/\/www.europesays.com\/pl\/wp-json\/wp\/v2\/types\/post"}],"author":[{"embeddable":true,"href":"https:\/\/www.europesays.com\/pl\/wp-json\/wp\/v2\/users\/2"}],"replies":[{"embeddable":true,"href":"https:\/\/www.europesays.com\/pl\/wp-json\/wp\/v2\/comments?post=176981"}],"version-history":[{"count":0,"href":"https:\/\/www.europesays.com\/pl\/wp-json\/wp\/v2\/posts\/176981\/revisions"}],"wp:featuredmedia":[{"embeddable":true,"href":"https:\/\/www.europesays.com\/pl\/wp-json\/wp\/v2\/media\/176982"}],"wp:attachment":[{"href":"https:\/\/www.europesays.com\/pl\/wp-json\/wp\/v2\/media?parent=176981"}],"wp:term":[{"taxonomy":"category","embeddable":true,"href":"https:\/\/www.europesays.com\/pl\/wp-json\/wp\/v2\/categories?post=176981"},{"taxonomy":"post_tag","embeddable":true,"href":"https:\/\/www.europesays.com\/pl\/wp-json\/wp\/v2\/tags?post=176981"}],"curies":[{"name":"wp","href":"https:\/\/api.w.org\/{rel}","templated":true}]}}