{"id":177026,"date":"2025-12-29T22:33:10","date_gmt":"2025-12-29T22:33:10","guid":{"rendered":"https:\/\/www.europesays.com\/pl\/177026\/"},"modified":"2025-12-29T22:33:10","modified_gmt":"2025-12-29T22:33:10","slug":"zatrzymania-ws-collegium-humanum-postawiono-15-zarzutow","status":"publish","type":"post","link":"https:\/\/www.europesays.com\/pl\/177026\/","title":{"rendered":"Zatrzymania ws. Collegium Humanum. Postawiono 15 zarzut\u00f3w"},"content":{"rendered":"<p>W dniach 22-23 grudnia funkcjonariusze Centralnego Biura Antykorupcyjnego zatrzymali kolejne osoby w\u00a0\u015bledztwie dotycz\u0105cym nieprawid\u0142owo\u015bci w\u00a0dzia\u0142aniu dawnej uczelni Collegium Humanum. Cztery osoby us\u0142ysza\u0142y zarzuty &#8211;\u00a0poinformowa\u0142a prok. Katarzyna Cal\u00f3w-Jaszewska.<\/p>\n<p>Portal Goniec.pl poda\u0142 w\u00a0minion\u0105 \u015brod\u0119, \u017ce w\u015br\u00f3d zatrzymanych znajduj\u0105 si\u0119 ambasador Polski we Francji Jan Emeryk Ro\u015bciszewski (kt\u00f3ry zgodzi\u0142 si\u0119 na podanie pe\u0142nego nazwiska), by\u0142y parlamentarzysta PiS Maks K. oraz bankowiec Pawe\u0142 P.<\/p>\n<p>M\u00f3wi o\u00a0lekach na\u00a0oty\u0142o\u015b\u0107. Oto, co\u00a0zadzia\u0142a wed\u0142ug niej lepiej <\/p>\n<p>Prokurator Cal\u00f3w-Jaszewska wyja\u015bni\u0142a, \u017ce zatrzymanym przedstawiono \u0142\u0105cznie 15 zarzut\u00f3w dotycz\u0105cych czyn\u00f3w pope\u0142nionych w\u00a0latach 2017-2021.<\/p>\n<p>Zarzuty dla zatrzymanych ws. Collegium Humanum <\/p>\n<p>Janowi Ro\u015bciszewskiemu, kt\u00f3ry pe\u0142ni\u0142 funkcj\u0119 ambasadora RP w\u00a0Pary\u017cu do ostatniej \u015brody (kiedy minister spraw zagranicznych Rados\u0142aw Sikorski czasowo go odwo\u0142a\u0142 w\u00a0zwi\u0105zku z\u00a0zatrzymaniem), przedstawiono cztery zarzuty. W\u015br\u00f3d nich znalaz\u0142y si\u0119 m.in. wr\u0119czenie w\u00a02017 roku rektorowi Collegium Humanum korzy\u015bci maj\u0105tkowej w\u00a0wysoko\u015bci 9,2 tys. z\u0142 w\u00a0zamian za wydanie po\u015bwiadczaj\u0105cego nieprawd\u0119 \u015bwiadectwa uko\u0144czenia studi\u00f3w podyplomowych MBA oraz wykorzystanie tego dokumentu w\u00a0banku przy ubieganiu si\u0119 o\u00a0cz\u0142onkostwo w\u00a0radzie nadzorczej.<\/p>\n<p>Dodatkowo zarzucono mu dwukrotne nak\u0142anianie rektora uczelni do przyj\u0119cia \u0142ap\u00f3wek w\u00a0wysoko\u015bci 10 tys. i\u00a014 tys. z\u0142 w\u00a0zamian za wystawienie fikcyjnych dyplom\u00f3w MBA dla innych os\u00f3b.<\/p>\n<p>&#8222;Z kolei Maksowi K. przedstawiono cztery zarzuty, w\u00a0tym zarzut powo\u0142ywania si\u0119 na wp\u0142ywy w\u00a0Ministerstwie Edukacji i\u00a0Szkolnictwa Wy\u017cszego w\u00a0celu podrobienia dokument\u00f3w uko\u0144czenia studi\u00f3w na kierunku psychologia przez Paul\u0119 G., a\u00a0tak\u017ce podejmowania si\u0119 za\u0142atwiania spraw na rzecz Collegium Humanum&#8221; &#8211;\u00a0przekaza\u0142a prok. Cal\u00f3w-Jaszewska.<\/p>\n<p>Dodatkowo prokuratura zarzuca Janowi Ro\u015bciszewskiemu nak\u0142anianie rektora Collegium Humanum do przyj\u0119cia \u0142ap\u00f3wek w\u00a0zwi\u0105zku z\u00a0wystawieniem po\u015bwiadczaj\u0105cych nieprawd\u0119 dyplom\u00f3w MBA dla niego samego, Paw\u0142a P. oraz innej osoby.<\/p>\n<p>Pauli G. postawiono zarzut udzielenia pomocy rektorowi uczelni w\u00a0uzyskaniu nierzetelnego dyplomu uko\u0144czenia studi\u00f3w na kierunku psychologia.<\/p>\n<p>Pawe\u0142 P. us\u0142ysza\u0142 sze\u015b\u0107 zarzut\u00f3w, w\u00a0tym trzykrotne wr\u0119czenie rektorowi Collegium Humanum \u0142ap\u00f3wek za fikcyjne dyplomy MBA dla siebie i\u00a0innej osoby oraz wykorzystanie tych dokument\u00f3w w\u00a0jednym z\u00a0bank\u00f3w przy ubieganiu si\u0119 o\u00a0cz\u0142onkostwo w\u00a0radzie nadzorczej.<\/p>\n<p>Wobec zatrzymanych prokurator zastosowa\u0142 por\u0119czenie maj\u0105tkowe w\u00a0wysoko\u015bci 50 tys. z\u0142 oraz doz\u00f3r policji po\u0142\u0105czony z\u00a0zakazem kontaktowania si\u0119 z\u00a0innymi uczestnikami post\u0119powania przygotowawczego.<\/p>\n<p>Podejrzanym grozi kara do 10 lat wi\u0119zienia. Dotychczas w\u00a0sprawie 82 podejrzanych przedstawiono \u0142\u0105cznie 403 zarzuty.<\/p>\n","protected":false},"excerpt":{"rendered":"W dniach 22-23 grudnia funkcjonariusze Centralnego Biura Antykorupcyjnego zatrzymali kolejne osoby w\u00a0\u015bledztwie dotycz\u0105cym nieprawid\u0142owo\u015bci w\u00a0dzia\u0142aniu dawnej uczelni Collegium&hellip;\n","protected":false},"author":2,"featured_media":177027,"comment_status":"","ping_status":"","sticky":false,"template":"","format":"standard","meta":{"footnotes":""},"categories":[12],"tags":[32,33,36,37,27,34,35,28,31,25,42,38,40,39,41,29,30,26],"class_list":{"0":"post-177026","1":"post","2":"type-post","3":"status-publish","4":"format-standard","5":"has-post-thumbnail","7":"category-polska","8":"tag-breaking-news","9":"tag-breakingnews","10":"tag-featured-news","11":"tag-featurednews","12":"tag-headlines","13":"tag-latest-news","14":"tag-latestnews","15":"tag-naglowki","16":"tag-najwazniejsze-artykuly","17":"tag-news","18":"tag-pl","19":"tag-poland","20":"tag-polish","21":"tag-polska","22":"tag-polski","23":"tag-top-stories","24":"tag-topstories","25":"tag-wiadomosci"},"share_on_mastodon":{"url":"https:\/\/pubeurope.com\/@pl\/115805238498078773","error":""},"_links":{"self":[{"href":"https:\/\/www.europesays.com\/pl\/wp-json\/wp\/v2\/posts\/177026","targetHints":{"allow":["GET"]}}],"collection":[{"href":"https:\/\/www.europesays.com\/pl\/wp-json\/wp\/v2\/posts"}],"about":[{"href":"https:\/\/www.europesays.com\/pl\/wp-json\/wp\/v2\/types\/post"}],"author":[{"embeddable":true,"href":"https:\/\/www.europesays.com\/pl\/wp-json\/wp\/v2\/users\/2"}],"replies":[{"embeddable":true,"href":"https:\/\/www.europesays.com\/pl\/wp-json\/wp\/v2\/comments?post=177026"}],"version-history":[{"count":0,"href":"https:\/\/www.europesays.com\/pl\/wp-json\/wp\/v2\/posts\/177026\/revisions"}],"wp:featuredmedia":[{"embeddable":true,"href":"https:\/\/www.europesays.com\/pl\/wp-json\/wp\/v2\/media\/177027"}],"wp:attachment":[{"href":"https:\/\/www.europesays.com\/pl\/wp-json\/wp\/v2\/media?parent=177026"}],"wp:term":[{"taxonomy":"category","embeddable":true,"href":"https:\/\/www.europesays.com\/pl\/wp-json\/wp\/v2\/categories?post=177026"},{"taxonomy":"post_tag","embeddable":true,"href":"https:\/\/www.europesays.com\/pl\/wp-json\/wp\/v2\/tags?post=177026"}],"curies":[{"name":"wp","href":"https:\/\/api.w.org\/{rel}","templated":true}]}}