{"id":177030,"date":"2025-12-29T22:35:10","date_gmt":"2025-12-29T22:35:10","guid":{"rendered":"https:\/\/www.europesays.com\/pl\/177030\/"},"modified":"2025-12-29T22:35:10","modified_gmt":"2025-12-29T22:35:10","slug":"zuzel-czesc-gwiazd-udalo-im-sie-zatrzymac-rozkreca-sie-gielda-transferowa-w-premiership","status":"publish","type":"post","link":"https:\/\/www.europesays.com\/pl\/177030\/","title":{"rendered":"\u017bu\u017cel. Cz\u0119\u015b\u0107 gwiazd uda\u0142o im si\u0119 zatrzyma\u0107. Rozkr\u0119ca si\u0119 gie\u0142da transferowa w Premiership"},"content":{"rendered":"\n<p class=\"contentpart contentpart--default contentpart--text\" data-position=\"0\">Je\u015bli nie wydarzy si\u0119 nic nadzwyczajnego, to za kilka dni &#8211; 6 stycznia podczas Walnego Zgromadzenia zapadn\u0105 konkretne decyzje dotycz\u0105ce rozgrywek ligowych w Wielkiej Brytanii w sezonie 2026. Wszystko wskazuje na to, \u017ce najwi\u0119kszy kryzys za\u017cegnano jednak w <a href=\"https:\/\/sportowefakty.wp.pl\/zuzel\/elite-league\" rel=\"nofollow noopener\" target=\"_blank\">Premiership<\/a>, co potwierdzaj\u0105 pierwsze ruchy kadrowe.<\/p>\n<p class=\"contentpart contentpart--default contentpart--text\" data-position=\"1\">Kibice na Wyspach mog\u0105 \u017ca\u0142owa\u0107, \u017ce tak d\u0142ugo przysz\u0142o czeka\u0107 na jakiekolwiek wie\u015bci ws. najwy\u017cszego ligowego szczebla w Wielkiej Brytanii. Kilku czo\u0142owych zawodnik\u00f3w \u015bwiata zdecydowa\u0142o si\u0119 na zmian\u0119 plan\u00f3w i obok szwedzkiej Bauhaus-Ligan postawili na du\u0144sk\u0105 SpeedwayLigaen.<\/p>\n<p> <img role=\"presentation\" src=\"https:\/\/std.wpcdn.pl\/images\/adv\/placeholder_wp.svg\" loading=\"lazy\" alt=\"\" decoding=\"async\"\/>  <\/p>\n<p class=\"contentpart contentpart--default contentpart--text\" data-position=\"2\">ZOBACZ WIDEO: Szokuj\u0105ca deklaracja Walaska. &#8222;By\u0142yby tylko dwa kluby&#8221;<\/p>\n<p class=\"contentpart contentpart--default contentpart--text\" data-position=\"4\">W tej chwili \u017cadnego zawodnika na sezon 2026 nie og\u0142osili mistrzowie &#8211; <a href=\"https:\/\/sportowefakty.wp.pl\/zuzel\/ipswich-witches\" rel=\"nofollow noopener\" target=\"_blank\">Ipswich Witches<\/a>, cho\u0107 wiemy ju\u017c, \u017ce na pewno w barwach Wied\u017am nie ujrzymy Emila Sajfutdinowa oraz Jasona Doyle&#8217;a. Brytyjscy wicemistrzowie &#8211; <a href=\"https:\/\/sportowefakty.wp.pl\/zuzel\/leicester-lions\" rel=\"nofollow noopener\" target=\"_blank\">Leicester Lions<\/a>\u00a0po trzech latach po\u017cegnali Maxa Fricke&#8217;a, jednocze\u015bnie zawieraj\u0105c umowy z <a href=\"https:\/\/sportowefakty.wp.pl\/zuzel\/sam-masters\" rel=\"nofollow noopener\" target=\"_blank\">Samem Mastersem<\/a>\u00a0i\u00a0<a href=\"https:\/\/sportowefakty.wp.pl\/zuzel\/dan-thompson\" rel=\"nofollow noopener\" target=\"_blank\">Danem Thompsonem<\/a>.<\/p>\n<p class=\"contentpart contentpart--default contentpart--text\" data-position=\"5\">Wspomniany Fricke przeni\u00f3s\u0142 si\u0119 do <a href=\"https:\/\/sportowefakty.wp.pl\/zuzel\/kings-lynn-stars\" rel=\"nofollow noopener\" target=\"_blank\">King&#8217;s Lynn Stars<\/a>. &#8211;\u00a0Gdy tylko dowiedzieli\u015bmy si\u0119, \u017ce Max jest dost\u0119pny, decyzja o kontakcie by\u0142a oczywista. Chcieli\u015bmy sprawdzi\u0107, czy da si\u0119 co\u015b zdzia\u0142a\u0107, i to by\u0142 g\u0142\u00f3wny motyw naszych dzia\u0142a\u0144. King\u2019s Lynn Stars nie mia\u0142o na sta\u0142e wyra\u017anie zdefiniowanej &#8222;jedynki&#8221; w\u0142a\u015bciwie od 2019 roku, wi\u0119c dlaczego nie spr\u00f3bowa\u0107? Zdajemy sobie spraw\u0119, \u017ce poch\u0142ania to du\u017co punkt\u00f3w (odpowiednika KSM &#8211; dop. red.), ale wierzymy, \u017ce reszta zespo\u0142u wniesie wystarczaj\u0105co du\u017co jako\u015bci i emocji, aby to zr\u00f3wnowa\u017cy\u0107 &#8211; przyzna\u0142 mened\u017cer zespo\u0142u, Rob Lyon w rozmowie z klubowymi mediami.<\/p>\n<p> <img role=\"presentation\" src=\"https:\/\/std.wpcdn.pl\/images\/adv\/placeholder_wp.svg\" loading=\"lazy\" alt=\"\" decoding=\"async\"\/>  <\/p>\n<p class=\"contentpart contentpart--default contentpart--text\" data-position=\"6\">Kadra King&#8217;s Lynn Stars jest w tej chwili najliczniejsza, bowiem opr\u00f3cz Fricke&#8217;a umowy zawarli tak\u017ce: <a href=\"https:\/\/sportowefakty.wp.pl\/zuzel\/ben-cook\" rel=\"nofollow noopener\" target=\"_blank\">Ben Cook<\/a>, <a href=\"https:\/\/sportowefakty.wp.pl\/zuzel\/chris-harris\" rel=\"nofollow noopener\" target=\"_blank\">Chris Harris<\/a>, <a href=\"https:\/\/sportowefakty.wp.pl\/zuzel\/jan-kvech\" rel=\"nofollow noopener\" target=\"_blank\">Jan Kvech<\/a>\u00a0oraz m\u0142oda nadzieja brytyjskiego speedwaya &#8211; <a href=\"https:\/\/sportowefakty.wp.pl\/zuzel\/cooper-rushen\" rel=\"nofollow noopener\" target=\"_blank\">Cooper Rushen<\/a>.<\/p>\n<p class=\"contentpart contentpart--default contentpart--text\" data-position=\"7\">Pierwszym kontraktem na sezon 2026 mo\u017ce si\u0119 pochwali\u0107 tak\u017ce <a href=\"https:\/\/sportowefakty.wp.pl\/zuzel\/belle-vue-aces\" rel=\"nofollow noopener\" target=\"_blank\">Belle Vue Aces<\/a>. Promotorom z Manchesteru uda\u0142o si\u0119 zatrzyma\u0107 najwi\u0119ksz\u0105 gwiazd\u0119 w postaci <a href=\"https:\/\/sportowefakty.wp.pl\/zuzel\/daniel-bewley\" rel=\"nofollow noopener\" target=\"_blank\">Daniela Bewleya<\/a>, dla kt\u00f3rego b\u0119dzie to \u00f3smy sezon w seniorskiej karierze w ekipie As\u00f3w.<\/p>\n","protected":false},"excerpt":{"rendered":"Je\u015bli nie wydarzy si\u0119 nic nadzwyczajnego, to za kilka dni &#8211; 6 stycznia podczas Walnego Zgromadzenia zapadn\u0105 konkretne&hellip;\n","protected":false},"author":2,"featured_media":177031,"comment_status":"","ping_status":"","sticky":false,"template":"","format":"standard","meta":{"footnotes":""},"categories":[24],"tags":[34731,3498,1328,34732,3497,42,38,40,39,41,10652,127,126,174],"class_list":{"0":"post-177030","1":"post","2":"type-post","3":"status-publish","4":"format-standard","5":"has-post-thumbnail","7":"category-sport","8":"tag-belle-vue-aces","9":"tag-daniel-bewley","10":"tag-jack-holder","11":"tag-king","12":"tag-max-fricke","13":"tag-pl","14":"tag-poland","15":"tag-polish","16":"tag-polska","17":"tag-polski","18":"tag-premiership","19":"tag-sport","20":"tag-sports","21":"tag-zuzel"},"share_on_mastodon":{"url":"https:\/\/pubeurope.com\/@pl\/115805246376772773","error":""},"_links":{"self":[{"href":"https:\/\/www.europesays.com\/pl\/wp-json\/wp\/v2\/posts\/177030","targetHints":{"allow":["GET"]}}],"collection":[{"href":"https:\/\/www.europesays.com\/pl\/wp-json\/wp\/v2\/posts"}],"about":[{"href":"https:\/\/www.europesays.com\/pl\/wp-json\/wp\/v2\/types\/post"}],"author":[{"embeddable":true,"href":"https:\/\/www.europesays.com\/pl\/wp-json\/wp\/v2\/users\/2"}],"replies":[{"embeddable":true,"href":"https:\/\/www.europesays.com\/pl\/wp-json\/wp\/v2\/comments?post=177030"}],"version-history":[{"count":0,"href":"https:\/\/www.europesays.com\/pl\/wp-json\/wp\/v2\/posts\/177030\/revisions"}],"wp:featuredmedia":[{"embeddable":true,"href":"https:\/\/www.europesays.com\/pl\/wp-json\/wp\/v2\/media\/177031"}],"wp:attachment":[{"href":"https:\/\/www.europesays.com\/pl\/wp-json\/wp\/v2\/media?parent=177030"}],"wp:term":[{"taxonomy":"category","embeddable":true,"href":"https:\/\/www.europesays.com\/pl\/wp-json\/wp\/v2\/categories?post=177030"},{"taxonomy":"post_tag","embeddable":true,"href":"https:\/\/www.europesays.com\/pl\/wp-json\/wp\/v2\/tags?post=177030"}],"curies":[{"name":"wp","href":"https:\/\/api.w.org\/{rel}","templated":true}]}}