{"id":177038,"date":"2025-12-29T22:40:21","date_gmt":"2025-12-29T22:40:21","guid":{"rendered":"https:\/\/www.europesays.com\/pl\/177038\/"},"modified":"2025-12-29T22:40:21","modified_gmt":"2025-12-29T22:40:21","slug":"niebezpieczna-pulapka-na-drogach-imgw-wydal-alerty-dla-wiekszosci-polski-mozliwe-zamiecie-sniezne","status":"publish","type":"post","link":"https:\/\/www.europesays.com\/pl\/177038\/","title":{"rendered":"Niebezpieczna pu\u0142apka na drogach. IMGW wyda\u0142 alerty dla wi\u0119kszo\u015bci Polski. Mo\u017cliwe zamiecie \u015bnie\u017cne"},"content":{"rendered":"<p>Ostrze\u017cenia przed marzn\u0105cymi opadami<\/p>\n<p class=\"art_paragraph\">29 grudnia do godz. 18.00 obowi\u0105zuj\u0105 alerty pierwszego stopnia\u00a0przed s\u0142abymi opadami marzn\u0105cego deszczu lub m\u017cawki, kt\u00f3re mog\u0105 powodowa\u0107 go\u0142oled\u017a. Maj\u0105 si\u0119 one przemieszcza\u0107 z p\u00f3\u0142nocy na po\u0142udnie. Ostrze\u017cenia obowi\u0105zuj\u0105\u00a0w wojew\u00f3dztwach: lubuskim, wielkopolskim, zachodniopomorskim\u00a0(powiaty po\u0142udniowe),\u00a0pomorskim\u00a0(powiaty na po\u0142udniowym wschodzie),\u00a0kujawsko-pomorskim (cz\u0119\u015b\u0107 zachodnia),\u00a0\u0142\u00f3dzkim\u00a0(poza powiatami na p\u00f3\u0142nocnym wschodzie),\u00a0\u015bwi\u0119tokrzyskim\u00a0(powiaty zachodnie), opolskim (poza powiatami po\u0142udniowymi),\u00a0\u015bl\u0105skim (poza cz\u0119\u015bci\u0105 po\u0142udniow\u0105), ma\u0142opolskim\u00a0(powiaty: miechowski i olkuski),\u00a0dolno\u015bl\u0105skim\u00a0(poza cz\u0119\u015bci\u0105 po\u0142udniow\u0105).\u00a0<\/p>\n<p>Ostrze\u017cenia przed oblodzeniem<\/p>\n<p class=\"art_paragraph\">Synoptycy wydali r\u00f3wnie\u017c alerty pierwszego stopnia przed oblodzeniem, kt\u00f3re wyst\u0105pi na przewa\u017caj\u0105cym obszarze kraju. Obowi\u0105zuj\u0105 co najmniej do p\u00f3\u0142nocy 30 grudnia w wojew\u00f3dztwach:\u00a0podlaskim, warmi\u0144sko-mazurskim, pomorskim (poza powiatami p\u00f3\u0142nocnymi),\u00a0zachodniopomorskim\u00a0(powiaty: szczecinecki, drawskim, wa\u0142ecki, choszcze\u0144ski),\u00a0lubuskim, dolno\u015bl\u0105skim, wielkopolskim, opolskim, \u0142\u00f3dzkim, kujawsko-pomorskim, mazowieckim, lubelskim (cz\u0119\u015b\u0107 p\u00f3\u0142nocna).\u00a0Wed\u0142ug synoptyk\u00f3w mo\u017ce dochodzi\u0107 do zamarzania mokrej nawierzchni dr\u00f3g i chodnik\u00f3w po opadach deszczu ze \u015bniegiem i mokrego \u015bniegu. Miejscami temperatura powietrza obni\u017cy si\u0119 do oko\u0142o -4 st. C, natomiast temperatura przy gruncie spadnie do oko\u0142o -7 st. C.\u00a0<\/p>\n<p>        Zobacz wideo<\/p>\n<p>            Sonda: Czy pogoda psuje nam nastr\u00f3j?\n    <\/p>\n<p>Mo\u017cliwe\u00a0zamiecie \u015bnie\u017cne<\/p>\n<p class=\"art_paragraph\">Wed\u0142ug synoptyk\u00f3w w najbli\u017cszych godzinach mog\u0105 si\u0119 te\u017c pojawi\u0107 zamiecie \u015bnie\u017cne &#8211; intensywnym opadom \u015bniegu b\u0119dzie towarzyszy\u0142 silny wiatr. Ostrze\u017cenie drugiego stopnia przed tym zjawiskiem wydano dla wojew\u00f3dztwa pomorskiego (powiaty: pucki, wejherowski, l\u0119borski, nowodworski, Gda\u0144sk). Z kolei alerty pierwszego stopnia przed zamieciami \u015bnie\u017cnymi obowi\u0105zuj\u0105 w wojew\u00f3dztwach: warmi\u0144sko-mazurskim i mazowieckim (powiaty: ostro\u0142\u0119cki, ostrowski, makowski, wyszkowski, sierpecki, p\u0142ocki). Ostrze\u017cenia obowi\u0105zuj\u0105 na tych obszarach do 31 grudnia do godz. 7.30.\u00a0<\/p>\n<p class=\"art_paragraph\">Wi\u0119cej na temat pogody przeczytasz w artykule:<a href=\"https:\/\/wiadomosci.gazeta.pl\/pogoda-i-klimat\/7,198071,32494907,sniezyca-i-mroz-uderza-w-polske-prognozy-imgw-nie-pozostawiaja.html\" class=\"art_link\" rel=\"dofollow noopener\" target=\"_blank\"> &#8222;\u015anie\u017cyca i mr\u00f3z uderz\u0105 w Polsk\u0119. Prognozy IMGW nie pozostawiaj\u0105 z\u0142udze\u0144&#8221;<\/a>.<\/p>\n<p>\u0179r\u00f3d\u0142a: Imgw.pl,\u00a0IMGW-PIB METEO POLSKA (X), IAR<\/p>\n","protected":false},"excerpt":{"rendered":"Ostrze\u017cenia przed marzn\u0105cymi opadami 29 grudnia do godz. 18.00 obowi\u0105zuj\u0105 alerty pierwszego stopnia\u00a0przed s\u0142abymi opadami marzn\u0105cego deszczu lub&hellip;\n","protected":false},"author":2,"featured_media":177039,"comment_status":"","ping_status":"","sticky":false,"template":"","format":"standard","meta":{"footnotes":""},"categories":[12],"tags":[32,33,36,37,27,34,35,28,31,25,42,38,40,39,41,29,30,26],"class_list":{"0":"post-177038","1":"post","2":"type-post","3":"status-publish","4":"format-standard","5":"has-post-thumbnail","7":"category-polska","8":"tag-breaking-news","9":"tag-breakingnews","10":"tag-featured-news","11":"tag-featurednews","12":"tag-headlines","13":"tag-latest-news","14":"tag-latestnews","15":"tag-naglowki","16":"tag-najwazniejsze-artykuly","17":"tag-news","18":"tag-pl","19":"tag-poland","20":"tag-polish","21":"tag-polska","22":"tag-polski","23":"tag-top-stories","24":"tag-topstories","25":"tag-wiadomosci"},"share_on_mastodon":{"url":"https:\/\/pubeurope.com\/@pl\/115805265831044302","error":""},"_links":{"self":[{"href":"https:\/\/www.europesays.com\/pl\/wp-json\/wp\/v2\/posts\/177038","targetHints":{"allow":["GET"]}}],"collection":[{"href":"https:\/\/www.europesays.com\/pl\/wp-json\/wp\/v2\/posts"}],"about":[{"href":"https:\/\/www.europesays.com\/pl\/wp-json\/wp\/v2\/types\/post"}],"author":[{"embeddable":true,"href":"https:\/\/www.europesays.com\/pl\/wp-json\/wp\/v2\/users\/2"}],"replies":[{"embeddable":true,"href":"https:\/\/www.europesays.com\/pl\/wp-json\/wp\/v2\/comments?post=177038"}],"version-history":[{"count":0,"href":"https:\/\/www.europesays.com\/pl\/wp-json\/wp\/v2\/posts\/177038\/revisions"}],"wp:featuredmedia":[{"embeddable":true,"href":"https:\/\/www.europesays.com\/pl\/wp-json\/wp\/v2\/media\/177039"}],"wp:attachment":[{"href":"https:\/\/www.europesays.com\/pl\/wp-json\/wp\/v2\/media?parent=177038"}],"wp:term":[{"taxonomy":"category","embeddable":true,"href":"https:\/\/www.europesays.com\/pl\/wp-json\/wp\/v2\/categories?post=177038"},{"taxonomy":"post_tag","embeddable":true,"href":"https:\/\/www.europesays.com\/pl\/wp-json\/wp\/v2\/tags?post=177038"}],"curies":[{"name":"wp","href":"https:\/\/api.w.org\/{rel}","templated":true}]}}