{"id":177056,"date":"2025-12-29T22:50:12","date_gmt":"2025-12-29T22:50:12","guid":{"rendered":"https:\/\/www.europesays.com\/pl\/177056\/"},"modified":"2025-12-29T22:50:12","modified_gmt":"2025-12-29T22:50:12","slug":"tomasz-bednarek-z-klanu-rozstal-sie-po-cichu-przyczyna-rozwodu-zadziwia","status":"publish","type":"post","link":"https:\/\/www.europesays.com\/pl\/177056\/","title":{"rendered":"Tomasz Bednarek z &#8222;Klanu&#8221; rozsta\u0142 si\u0119 po cichu. Przyczyna rozwodu zadziwia"},"content":{"rendered":"<p>Tomasz Bednarek i El\u017cbieta Kopoci\u0144ska tworzyli duet w \u017cyciu i w pracy<\/p>\n<p class=\"typography ids-typeset-body ids-typeset-body--preset-large link paragraph ids-paragraph ids-paragraph--default\"><a href=\"https:\/\/www.pomponik.pl\/tagi-tomasz-bednarek,tId,120562\" target=\"_self\" rel=\"nofollow noopener\">Tomasz Bednarek<\/a> i El\u017cbieta Kopoci\u0144ska poznali si\u0119 na studiach we wroc\u0142awskiej filii krakowskiej szko\u0142y teatralnej. On studiowa\u0142 na wydziale aktorskim, ona &#8211; lalkarskim. Znajomo\u015b\u0107 po kilku lat przerodzi\u0142a si\u0119 w mi\u0142o\u015b\u0107 i para w 1992 roku wzi\u0119\u0142a \u015blub. Pocz\u0105tkowo mieszkali w Gdyni, gdzie Tomasz pracowa\u0142 w teatrze, p\u00f3\u017aniej jednak przeprowadzili si\u0119 do stolicy.<\/p>\n<p class=\"typography ids-typeset-body ids-typeset-body--preset-large link paragraph ids-paragraph ids-paragraph--default\">Bednarek w 1997 roku dosta\u0142 prac\u0119 w <a href=\"https:\/\/www.pomponik.pl\/tagi-klan,tId,106889\" target=\"_self\" rel=\"nofollow noopener\">&#8222;Klanie&#8221;<\/a>. Wyst\u0119powa\u0142 te\u017c w serialach &#8222;Pierwsza mi\u0142o\u015b\u0107&#8221; i &#8222;Na Wsp\u00f3lnej&#8221;. Najwi\u0119ksz\u0105 karier\u0119 zrobi\u0142 jednak w dubbingu. Jego g\u0142os mo\u017cna us\u0142ysze\u0107 w tak znanych produkcjach, jak &#8222;Shrek&#8221;, &#8222;Tabaluga&#8221;, &#8222;Hotel Transylwania&#8221; czy &#8222;Madagaskar&#8221;. El\u017cbieta rozwija\u0142a karier\u0119 w\u0142a\u015bnie w tej bran\u017cy &#8211; nie tylko jako aktorka g\u0142osowa, ale i re\u017cyserka dubbingu. Cz\u0119sto wi\u0119c pracowali razem.<\/p>\n<p>Ewa Chodakowska o relacji z Lewandowsk\u0105. Co my\u015bli o diecie gwiazd?pomponik.pl<\/p>\n<p>Hobby Tomasza Bednarka podzieli\u0142o jego ma\u0142\u017ce\u0144stwo<\/p>\n<p class=\"typography ids-typeset-body ids-typeset-body--preset-large link paragraph ids-paragraph ids-paragraph--default\">Bednarek i Kopoci\u0144ska przez lata uchodzili za par\u0119 idealn\u0105. Doczekali si\u0119 dw\u00f3ch syn\u00f3w, a w wywiadach opowiadali o znajdywaniu kompromis\u00f3w w ma\u0142\u017ce\u0144stwie. Z czasem jednak co\u015b zacz\u0119\u0142o si\u0119 psu\u0107. Aktor opowiada\u0142 w &#8222;Fakcie&#8221;, \u017ce coraz wi\u0119cej pracuje i nie ma tyle czasu dla najbli\u017cszych, ile by chcia\u0142.<\/p>\n<p class=\"typography ids-typeset-body ids-typeset-body--preset-large link paragraph ids-paragraph ids-paragraph--default\">&#8222;Od kilku lat jestem go\u015bciem we w\u0142asnym domu&#8221; &#8211; stwierdzi\u0142 w tamtej rozmowie.<\/p>\n<p class=\"typography ids-typeset-body ids-typeset-body--preset-large link paragraph ids-paragraph ids-paragraph--default\">\u017bona Tomasza widzia\u0142a za to problem w zupe\u0142nie innym miejscu ni\u017c praca. Wielk\u0105 pasj\u0105 aktora by\u0142 tenis, kt\u00f3ry zacz\u0105\u0142 poch\u0142ania\u0107 jego ka\u017cd\u0105 woln\u0105 chwil\u0119.<\/p>\n<p class=\"typography ids-typeset-body ids-typeset-body--preset-large link paragraph ids-paragraph ids-paragraph--default\">&#8222;Tenis przys\u0142oni\u0142 mojemu m\u0119\u017cowi ca\u0142y \u015bwiat&#8221; &#8211; przyzna\u0142 El\u017cbieta Kopoci\u0144ska w &#8222;Na \u017cywo&#8221;.<\/p>\n<p>Przyczyny rozwodu aktora &#8222;M jak mi\u0142o\u015b\u0107&#8221; zadziwiaj\u0105<\/p>\n<p class=\"typography ids-typeset-body ids-typeset-body--preset-large link paragraph ids-paragraph ids-paragraph--default\">Bednarek, zapytany przez &#8222;Na \u017bywo&#8221; o komentarz do s\u0142\u00f3w \u017cony, stwierdzi\u0142 z gorycz\u0105, \u017ce nie chodzi z kumplami na tanie, niezdrowe rozrywki, tylko uprawia sport. Narzeka\u0142, \u017ce pr\u00f3by zach\u0119cenia El\u017cbiety, by dzieli\u0142a z nim zainteresowania, nieszczeg\u00f3lnie si\u0119 powiod\u0142y.<\/p>\n<p class=\"typography ids-typeset-body ids-typeset-body--preset-large link paragraph ids-paragraph ids-paragraph--default\">&#8222;Kobieta musi to zrozumie\u0107, \u017ce to dla m\u0119\u017cczyzny wa\u017cna rzecz&#8221; &#8211; m\u00f3wi\u0142 zirytowany Tomasz.<\/p>\n<p class=\"typography ids-typeset-body ids-typeset-body--preset-large link paragraph ids-paragraph ids-paragraph--default\">W ko\u0144cu okaza\u0142o si\u0119, \u017ce w\u0142a\u015bnie brak balansu mi\u0119dzy hobby a \u017cyciem rodzinnym doprowadzi\u0142 do rozstania po 20 latach ma\u0142\u017ce\u0144stwa. Oboje si\u0119 tym jednak nie chwalili &#8211; do tego stopnia, \u017ce wie\u015bci o ich rozstaniu, kiedy wreszcie pojawi\u0142y si\u0119 w mediach, by\u0142y zaskoczeniem nawet dla ich znajomych. Od ponad dekady uk\u0142adaj\u0105 sobie \u017cycie oddzielnie, a aktor od tego czasu skrz\u0119tnie ukrywa informacje o \u017cyciu uczuciowym.<\/p>\n<p class=\"typography ids-typeset-body ids-typeset-body--preset-large link paragraph ids-paragraph ids-paragraph--default\">Zobacz te\u017c:<\/p>\n<p class=\"typography ids-typeset-body ids-typeset-body--preset-large link paragraph ids-paragraph ids-paragraph--default\"><a href=\"https:\/\/www.pomponik.pl\/plotki\/news-od-28-lat-gra-w-klanie-wprost-mowi-o-pojsciu-w-slady-burszty,nId,8031068\" target=\"_self\" rel=\"nofollow noopener\">Od 28 lat gra w &#8222;Klanie&#8221;. Wprost m\u00f3wi o p\u00f3j\u015bciu w \u015blady Bursztynowicz<\/a><\/p>\n<p class=\"typography ids-typeset-body ids-typeset-body--preset-large link paragraph ids-paragraph ids-paragraph--default\"><a href=\"https:\/\/www.pomponik.pl\/plotki\/news-bednarek-z-klanu-wciaz-nie-moze-uwierzyc-wystosowal-apel-do,nId,7923058\" target=\"_self\" rel=\"nofollow noopener\">Bednarek z &#8222;Klanu&#8221; wci\u0105\u017c nie mo\u017ce uwierzy\u0107. Wystosowa\u0142 apel<\/a><\/p>\n<p class=\"typography ids-typeset-body ids-typeset-body--preset-large link paragraph ids-paragraph ids-paragraph--default\"><a href=\"https:\/\/www.pomponik.pl\/relacje-i-zwiazki\/news-bednarek-stal-sie-gosciem-we-wlasnym-domu-az-trudno-uwierzyc,nId,7945474\" target=\"_self\" rel=\"nofollow noopener\">Bednarek sta\u0142 si\u0119 go\u015bciem we w\u0142asnym domu. Oto co wp\u0142yn\u0119\u0142o na decyzj\u0119<\/a><\/p>\n","protected":false},"excerpt":{"rendered":"Tomasz Bednarek i El\u017cbieta Kopoci\u0144ska tworzyli duet w \u017cyciu i w pracy Tomasz Bednarek i El\u017cbieta Kopoci\u0144ska poznali&hellip;\n","protected":false},"author":2,"featured_media":177057,"comment_status":"","ping_status":"","sticky":false,"template":"","format":"standard","meta":{"footnotes":""},"categories":[22],"tags":[122,42,38,40,39,41,123],"class_list":{"0":"post-177056","1":"post","2":"type-post","3":"status-publish","4":"format-standard","5":"has-post-thumbnail","7":"category-rozrywka","8":"tag-entertainment","9":"tag-pl","10":"tag-poland","11":"tag-polish","12":"tag-polska","13":"tag-polski","14":"tag-rozrywka"},"share_on_mastodon":{"url":"https:\/\/pubeurope.com\/@pl\/115805305106833351","error":""},"_links":{"self":[{"href":"https:\/\/www.europesays.com\/pl\/wp-json\/wp\/v2\/posts\/177056","targetHints":{"allow":["GET"]}}],"collection":[{"href":"https:\/\/www.europesays.com\/pl\/wp-json\/wp\/v2\/posts"}],"about":[{"href":"https:\/\/www.europesays.com\/pl\/wp-json\/wp\/v2\/types\/post"}],"author":[{"embeddable":true,"href":"https:\/\/www.europesays.com\/pl\/wp-json\/wp\/v2\/users\/2"}],"replies":[{"embeddable":true,"href":"https:\/\/www.europesays.com\/pl\/wp-json\/wp\/v2\/comments?post=177056"}],"version-history":[{"count":0,"href":"https:\/\/www.europesays.com\/pl\/wp-json\/wp\/v2\/posts\/177056\/revisions"}],"wp:featuredmedia":[{"embeddable":true,"href":"https:\/\/www.europesays.com\/pl\/wp-json\/wp\/v2\/media\/177057"}],"wp:attachment":[{"href":"https:\/\/www.europesays.com\/pl\/wp-json\/wp\/v2\/media?parent=177056"}],"wp:term":[{"taxonomy":"category","embeddable":true,"href":"https:\/\/www.europesays.com\/pl\/wp-json\/wp\/v2\/categories?post=177056"},{"taxonomy":"post_tag","embeddable":true,"href":"https:\/\/www.europesays.com\/pl\/wp-json\/wp\/v2\/tags?post=177056"}],"curies":[{"name":"wp","href":"https:\/\/api.w.org\/{rel}","templated":true}]}}