{"id":177058,"date":"2025-12-29T22:52:07","date_gmt":"2025-12-29T22:52:07","guid":{"rendered":"https:\/\/www.europesays.com\/pl\/177058\/"},"modified":"2025-12-29T22:52:07","modified_gmt":"2025-12-29T22:52:07","slug":"elektrownia-jadrowa-w-polsce-pej-podpisaly-aneks-z-westinghouse-bechtel","status":"publish","type":"post","link":"https:\/\/www.europesays.com\/pl\/177058\/","title":{"rendered":"Elektrownia j\u0105drowa w Polsce. PEJ podpisa\u0142y aneks z Westinghouse-Bechtel"},"content":{"rendered":"\n<p>&#13;<br \/>\nAneksowany zakres umowy przewiduje kontynuacj\u0119 prac projektowych oraz\u00a0terenowych, w\u00a0tym pog\u0142\u0119bionych bada\u0144 geologicznych. &#13;\n<\/p>\n<p>&#13;<br \/>\nAneks do\u00a0umowy EDA pozwala na\u00a0realizacj\u0119 kolejnych prac projektowych obejmuj\u0105cych tzw. wysp\u0119 j\u0105drow\u0105, wysp\u0119 turbinow\u0105 i\u00a0obszar urz\u0105dze\u0144 pomocniczych oraz\u00a0kolejne kampanie pog\u0142\u0119bionych bada\u0144 geologicznych. Dzi\u0119ki temu mo\u017cliwe jest utrzymanie harmonogramu inwestycji poprzez dalszy rozw\u00f3j projektu elektrowni i\u00a0kontynuacj\u0119 prac terenowych, a\u00a0tak\u017ce r\u00f3wnoleg\u0142e prowadzenie procesu negocjacji i\u00a0uzgodnie\u0144 umowy EPC, podano w\u00a0komunikacie. &#13;\n<\/p>\n<p>Prezes PEJ: Chcemy si\u0119 rozs\u0105dnie spieszy\u0107<\/p>\n<p>&#13;<br \/>\n&#8222;Sta\u0142y post\u0119p prac w\u00a0ramach naszej inwestycji jest kluczowy dla\u00a0utrzymania harmonogramu budowy pierwszej polskiej elektrowni j\u0105drowej. Jednocze\u015bnie g\u0142\u00f3wna umowa na\u00a0wykonanie obiektu, czyli EPC, jest przez nas obecnie negocjowana i\u00a0to w\u0142a\u015bnie ona ostatecznie okre\u015bli nam <a href=\"https:\/\/dorzeczy.pl\/ekonomia\/784773\/pej-zlozyly-wniosek-o-pozwolenie-na-drugi-etap-prac-przygotowawczych.html\" rel=\"nofollow noopener\" target=\"_blank\">wsp\u00f3\u0142prac\u0119 z\u00a0konsorcjum Westinghouse-Bechtel<\/a>. W\u00a0prowadzonych obecnie negocjacjach chcemy si\u0119 rozs\u0105dnie spieszy\u0107, dlatego zawarty dzi\u015b aneks pozwala kontynuowa\u0107 rozmowy dotycz\u0105ce EPC, skupiaj\u0105c si\u0119 na\u00a0jako\u015bci i\u00a0bez negatywnego wp\u0142ywu na\u00a0projekt. Dbaj\u0105c o\u00a0terminowo\u015b\u0107, w\u00a0aneksie do\u00a0umowy EDA umie\u015bcili\u015bmy te\u017c cz\u0119\u015b\u0107 prac, kt\u00f3re pierwotnie mia\u0142y trafi\u0107 do\u00a0umowy EPC&#8221; \u2013\u00a0powiedzia\u0142 prezes PEJ Marek Woszczyk, cytowany w\u00a0materiale. &#13;\n<\/p>\n<p>&#13;<br \/>\n&#8222;Przed\u0142u\u017cenie umowy pomostowej EDA pozwala na\u00a0dalsze awansowanie prac projektowo-in\u017cynieryjnych, w\u00a0tym finalizacj\u0119 dokumentacji umo\u017cliwiaj\u0105cej zam\u00f3wienie element\u00f3w o\u00a0d\u0142ugim cyklu produkcyjnym (Long Lead Items) oraz\u00a0dokumentacji dla\u00a0wniosku licencyjnego, aby\u00a0utrzyma\u0107 zak\u0142adany harmonogram projektu. Te\u00a0wysi\u0142ki s\u0105 kluczowe dla\u00a0dotrzymania kamieni milowych tej strategicznej inwestycji dla\u00a0Polski&#8221; \u2013\u00a0doda\u0142 prezes Westinghouse Polska Miros\u0142aw Kowalik. &#13;\n<\/p>\n<p>&#13;<br \/>\nZ kolei prezes Bechtel Polska Leszek Ho\u0142da zadeklarowa\u0142, \u017ce\u00a0obecnie ze\u00a0strony Bechtel w\u00a0prace zaanga\u017cowanych jest oko\u0142o 300 specjalist\u00f3w, w\u00a0tym blisko 100 os\u00f3b zatrudnionych w\u00a0polskiej sp\u00f3\u0142ce. &#8222;Podpisanie aneksu EDA+ umo\u017cliwia kontynuacje prac in\u017cynieryjnych i\u00a0przygotowawczych do\u00a0czasu zawarcia kontraktu EPC&#8221; \u2013\u00a0podkre\u015bli\u0142. &#13;\n<\/p>\n<p>Takie dzia\u0142ania mog\u0105 zosta\u0107 podj\u0119te ju\u017c w\u00a02026 roku<\/p>\n<p>&#13;<br \/>\nAneksowanie umowy EDA otwiera drog\u0119 do\u00a0rozpocz\u0119cia w\u00a02026 roku m.in. kolejnego etapu bada\u0144 geotechnicznych, obejmuj\u0105cych 1000 wierce\u0144 o\u00a0\u0142\u0105cznej g\u0142\u0119boko\u015bci 15 kilometr\u00f3w oraz\u00a0przeprowadzenie 7000 test\u00f3w laboratoryjnych. W\u00a0pierwszej po\u0142owie roku rozpoczn\u0105 si\u0119 r\u00f3wnie\u017c prace ziemne zwi\u0105zane z\u00a0wyr\u00f3wnaniem terenu i\u00a0przygotowaniem go\u00a0do\u00a0wybudowania na\u00a0placu budowy tymczasowych dr\u00f3g wewn\u0119trznych. Kontynuowane b\u0119d\u0105 tak\u017ce prace zwi\u0105zane z\u00a0zam\u00f3wieniem pierwszych Long Lead Items (tzw. LLI), czyli element\u00f3w wyposa\u017cenia elektrowni, kt\u00f3re maj\u0105 d\u0142ugi czas produkcji, podano tak\u017ce. &#13;\n<\/p>\n<p>&#13;<br \/>\nW podpisanym aneksie, analogicznie do\u00a0pierwotnego zakresu prac umowy EDA, do\u00a0kluczowych produkt\u00f3w przyporz\u0105dkowane zosta\u0142y kary umowne za\u00a0zw\u0142ok\u0119 w\u00a0ich dostarczeniu. Utrzymano r\u00f3wnie\u017c wypracowany w\u00a0ramach umowy pomostowej EDA model wynagradzania, co\u00a0przek\u0142ada si\u0119 na\u00a0usprawnienie nadzoru inwestora nad realizacj\u0105 kontraktu oraz\u00a0procedurami odbiorowymi zrealizowanych produkt\u00f3w. &#13;\n<\/p>\n<p>&#13;<br \/>\nPolskie Elektrownie J\u0105drowe to\u00a0sp\u00f3\u0142ka odpowiadaj\u0105ca m.in. za\u00a0przygotowanie procesu inwestycyjnego i\u00a0pe\u0142nienie roli inwestora w\u00a0projekcie budowy pierwszej polskiej elektrowni j\u0105drowej o\u00a0\u0142\u0105cznej mocy zainstalowanej 3,75 GWe w\u00a0oparciu o\u00a0bezpieczne, sprawdzone, wielkoskalowe, wodne ci\u015bnieniowe reaktory j\u0105drowe generacji III(+) oraz\u00a0ich ewentualn\u0105 przysz\u0142\u0105 eksploatacj\u0119. &#13;\n<\/p>\n<p>&#13;<br \/>\nCzytaj te\u017c:<br \/><a href=\"https:\/\/dorzeczy.pl\/ekonomia\/818453\/kredyt-na-budowe-polskiej-elektrowni-atomowej-oferty-bankow-przewyzszaja-potrzeby.html\" rel=\"follow nofollow noopener\" data-schema=\"DORZECZY\" data-image=\"https:\/\/img.dorzeczy.pl\/_thumb\/a9\/22\/de15c290a1cd192d28014fa018ac.jpeg\" target=\"_blank\">Pierwsza elektrownia atomowa w\u00a0Polsce. Banki uruchomi\u0142y lawin\u0119<\/a>Czytaj te\u017c:<br \/><a href=\"https:\/\/dorzeczy.pl\/ekonomia\/817463\/elektrownia-jadrowa-w-polsce-komisja-europejska-zdecydowala.html\" rel=\"follow nofollow noopener\" data-schema=\"DORZECZY\" data-image=\"https:\/\/img.dorzeczy.pl\/_thumb\/21\/5b\/557d9c7b6eaf9edfd6027e1afdc5.jpeg\" target=\"_blank\">Pierwsza polska elektrownia j\u0105drowa. Jest decyzja Komisji Europejskiej<\/a>&#13;<\/p>\n","protected":false},"excerpt":{"rendered":"&#13; Aneksowany zakres umowy przewiduje kontynuacj\u0119 prac projektowych oraz\u00a0terenowych, w\u00a0tym pog\u0142\u0119bionych bada\u0144 geologicznych. &#13; &#13; Aneks do\u00a0umowy EDA&hellip;\n","protected":false},"author":2,"featured_media":177059,"comment_status":"","ping_status":"","sticky":false,"template":"","format":"standard","meta":{"footnotes":""},"categories":[16],"tags":[34735,113,112,98,105,4656,49,102,34734,42,38,40,39,41,95,23703],"class_list":{"0":"post-177058","1":"post","2":"type-post","3":"status-publish","4":"format-standard","5":"has-post-thumbnail","7":"category-biznes","8":"tag-aneks","9":"tag-biznes","10":"tag-business","11":"tag-dorzeczy","12":"tag-ekonomia","13":"tag-elektrownia-jadrowa","14":"tag-kraj","15":"tag-opinie","16":"tag-pej","17":"tag-pl","18":"tag-poland","19":"tag-polish","20":"tag-polska","21":"tag-polski","22":"tag-umowa","23":"tag-westinghouse-bechtel"},"share_on_mastodon":{"url":"https:\/\/pubeurope.com\/@pl\/115805313041131058","error":""},"_links":{"self":[{"href":"https:\/\/www.europesays.com\/pl\/wp-json\/wp\/v2\/posts\/177058","targetHints":{"allow":["GET"]}}],"collection":[{"href":"https:\/\/www.europesays.com\/pl\/wp-json\/wp\/v2\/posts"}],"about":[{"href":"https:\/\/www.europesays.com\/pl\/wp-json\/wp\/v2\/types\/post"}],"author":[{"embeddable":true,"href":"https:\/\/www.europesays.com\/pl\/wp-json\/wp\/v2\/users\/2"}],"replies":[{"embeddable":true,"href":"https:\/\/www.europesays.com\/pl\/wp-json\/wp\/v2\/comments?post=177058"}],"version-history":[{"count":0,"href":"https:\/\/www.europesays.com\/pl\/wp-json\/wp\/v2\/posts\/177058\/revisions"}],"wp:featuredmedia":[{"embeddable":true,"href":"https:\/\/www.europesays.com\/pl\/wp-json\/wp\/v2\/media\/177059"}],"wp:attachment":[{"href":"https:\/\/www.europesays.com\/pl\/wp-json\/wp\/v2\/media?parent=177058"}],"wp:term":[{"taxonomy":"category","embeddable":true,"href":"https:\/\/www.europesays.com\/pl\/wp-json\/wp\/v2\/categories?post=177058"},{"taxonomy":"post_tag","embeddable":true,"href":"https:\/\/www.europesays.com\/pl\/wp-json\/wp\/v2\/tags?post=177058"}],"curies":[{"name":"wp","href":"https:\/\/api.w.org\/{rel}","templated":true}]}}