{"id":177060,"date":"2025-12-29T22:53:08","date_gmt":"2025-12-29T22:53:08","guid":{"rendered":"https:\/\/www.europesays.com\/pl\/177060\/"},"modified":"2025-12-29T22:53:08","modified_gmt":"2025-12-29T22:53:08","slug":"polityczny-skandal-w-ukrainie-grupa-deputowanych-uslyszala-zarzuty","status":"publish","type":"post","link":"https:\/\/www.europesays.com\/pl\/177060\/","title":{"rendered":"Polityczny skandal w Ukrainie. Grupa deputowanych us\u0142ysza\u0142a zarzuty"},"content":{"rendered":"<p class=\"ods-c-paragraph \">Wed\u0142ug Narodowego Biura Antykorupcyjnego Ukrainy (NABU) oraz Specjalnej Prokuratury Antykorupcyjnej (SAP) zarzuty przedstawiono w zwi\u0105zku z uzyskiwaniem korzy\u015bci maj\u0105tkowych dla deputowanych za &#8222;w\u0142a\u015bciwe g\u0142osowania&#8221;.<\/p>\n<p>Dalszy ci\u0105g artyku\u0142u pod materia\u0142em wideo<\/p>\n<p> Jakie zarzuty postawiono deputowanym w Ukrainie? <\/p>\n<p> Ilu deputowanych jest podejrzanych o korupcj\u0119? <\/p>\n<p> Kto koordynowa\u0142 dzia\u0142alno\u015b\u0107 zorganizowanej grupy? <\/p>\n<p> Z jakiej partii pochodz\u0105 podejrzani deputowani? <\/p>\n<p class=\"ods-c-paragraph \">&#8222;Zgodnie z ustaleniami \u015bledztwa grupa mia\u0142a struktur\u0119 hierarchiczn\u0105 oraz wyra\u017any podzia\u0142 r\u00f3l. W jej sk\u0142ad wchodzili obecni deputowani Ukrainy oraz urz\u0119dnicy kancelarii Rady Najwy\u017cszej Ukrainy. Dzia\u0142alno\u015b\u0107 grupy koordynowa\u0142 jeden z deputowanych&#8221; \u2014 poinformowa\u0142o NABU na swojej stronie internetowej.<\/p>\n<p>Kulisy dzia\u0142a\u0144 zorganizowanej grupy przest\u0119pczej   <\/p>\n<p class=\"ods-c-paragraph \">\u015aledczy przekazali, \u017ce organizuj\u0105c g\u0142osowania, uczestnicy grupy przesy\u0142ali polecenia z numerami projekt\u00f3w ustaw w specjalnie utworzonej grupie w komunikatorze WhatsApp. Po przeprowadzonych g\u0142osowaniach poszczeg\u00f3lnym deputowanym systematycznie przekazywano wp\u0142aty \u2014 wyja\u015bni\u0142a agencja Interfax-Ukraina.<\/p>\n<p class=\"ods-c-paragraph \">W sobot\u0119 portal Ukrainska Prawda ujawni\u0142, z powo\u0142aniem na w\u0142asne \u017ar\u00f3d\u0142a, \u017ce podejrzani to pos\u0142owie partii prezydenta Wo\u0142odymyra Ze\u0142enskiego, S\u0142uga Narodu: Jewhen Pywowarow, Ihor Nehu\u0142ewski, Olha Sawczenko i Jurij Kisiel. W informacji portalu figuruje tak\u017ce nazwisko Jurija Koriaczenkowa.<\/p>\n<p>   G\u0142o\u015bny skandal w Ukrainie<\/p>\n<p class=\"ods-c-paragraph \">10 listopada NABU i SAP ujawni\u0142y informacje na temat uczestnik\u00f3w rozleg\u0142ego systemu korupcyjnego w ukrai\u0144skiej bran\u017cy energetycznej. Pobierali oni od kontrahent\u00f3w Enerhoatomu, pa\u0144stwowego operatora elektrowni j\u0105drowych, \u0142ap\u00f3wki w wysoko\u015bci od 10 do 15 proc. warto\u015bci kontrakt\u00f3w. \u015arodki te mia\u0142y by\u0107 legalizowane przez tzw. back office w centrum Kijowa, przez kt\u00f3ry \u2014 jak ustalono \u2014 przesz\u0142o oko\u0142o 100 mln dol.<\/p>\n<p class=\"ods-c-paragraph \">Prezydent Ze\u0142enski poinformowa\u0142 28 listopada, \u017ce szef jego biura (kancelarii) <a href=\"https:\/\/wiadomosci.onet.pl\/swiat\/andrij-jermak-podal-sie-do-dymisji-to-postac-o-niejasnych-powiazaniach\/hq91vpx\" id=\"6fba7bee-5ac1-4585-b97f-7fc055a45145\" rel=\"nofollow noopener\" target=\"_blank\">Andrij Jermak poda\u0142 si\u0119 do dymisji. <\/a>Jermak jest obj\u0119ty dochodzeniem NABU w zwi\u0105zku ze \u015bledztwem w sprawie korupcji w Enerhoatomie pod kryptonimem &#8222;Midas&#8221;. Afera, ujawniona przez NABU i SAP, wybuch\u0142a na pocz\u0105tku listopada, a w aktach \u015bledztwa Jermak figuruje pod pseudonimem Ali Baba.<\/p>\n<p class=\"ods-c-paragraph \">NABU zosta\u0142o powo\u0142ane w 2014 r. Jego utworzenie by\u0142o jednym z warunk\u00f3w wsp\u00f3\u0142pracy Ukrainy z Uni\u0105 Europejsk\u0105 i Mi\u0119dzynarodowym Funduszem Walutowym.<\/p>\n","protected":false},"excerpt":{"rendered":"Wed\u0142ug Narodowego Biura Antykorupcyjnego Ukrainy (NABU) oraz Specjalnej Prokuratury Antykorupcyjnej (SAP) zarzuty przedstawiono w zwi\u0105zku z uzyskiwaniem korzy\u015bci&hellip;\n","protected":false},"author":2,"featured_media":177061,"comment_status":"","ping_status":"","sticky":false,"template":"","format":"standard","meta":{"footnotes":""},"categories":[14],"tags":[32,33,27,34,35,22010,28,31,48,25,46,40,41,26294,47,80,29,30,415,26,309,82,83,84],"class_list":{"0":"post-177060","1":"post","2":"type-post","3":"status-publish","4":"format-standard","5":"has-post-thumbnail","7":"category-swiat","8":"tag-breaking-news","9":"tag-breakingnews","10":"tag-headlines","11":"tag-latest-news","12":"tag-latestnews","13":"tag-nabu","14":"tag-naglowki","15":"tag-najwazniejsze-artykuly","16":"tag-nat_styl","17":"tag-news","18":"tag-omp","19":"tag-polish","20":"tag-polski","21":"tag-sap","22":"tag-screening_general","23":"tag-swiat","24":"tag-top-stories","25":"tag-topstories","26":"tag-ukraina","27":"tag-wiadomosci","28":"tag-wolodymyr_zelenski","29":"tag-world","30":"tag-world-news","31":"tag-worldnews"},"share_on_mastodon":{"url":"https:\/\/pubeurope.com\/@pl\/115805316965558416","error":""},"_links":{"self":[{"href":"https:\/\/www.europesays.com\/pl\/wp-json\/wp\/v2\/posts\/177060","targetHints":{"allow":["GET"]}}],"collection":[{"href":"https:\/\/www.europesays.com\/pl\/wp-json\/wp\/v2\/posts"}],"about":[{"href":"https:\/\/www.europesays.com\/pl\/wp-json\/wp\/v2\/types\/post"}],"author":[{"embeddable":true,"href":"https:\/\/www.europesays.com\/pl\/wp-json\/wp\/v2\/users\/2"}],"replies":[{"embeddable":true,"href":"https:\/\/www.europesays.com\/pl\/wp-json\/wp\/v2\/comments?post=177060"}],"version-history":[{"count":0,"href":"https:\/\/www.europesays.com\/pl\/wp-json\/wp\/v2\/posts\/177060\/revisions"}],"wp:featuredmedia":[{"embeddable":true,"href":"https:\/\/www.europesays.com\/pl\/wp-json\/wp\/v2\/media\/177061"}],"wp:attachment":[{"href":"https:\/\/www.europesays.com\/pl\/wp-json\/wp\/v2\/media?parent=177060"}],"wp:term":[{"taxonomy":"category","embeddable":true,"href":"https:\/\/www.europesays.com\/pl\/wp-json\/wp\/v2\/categories?post=177060"},{"taxonomy":"post_tag","embeddable":true,"href":"https:\/\/www.europesays.com\/pl\/wp-json\/wp\/v2\/tags?post=177060"}],"curies":[{"name":"wp","href":"https:\/\/api.w.org\/{rel}","templated":true}]}}