{"id":177062,"date":"2025-12-29T22:54:09","date_gmt":"2025-12-29T22:54:09","guid":{"rendered":"https:\/\/www.europesays.com\/pl\/177062\/"},"modified":"2025-12-29T22:54:09","modified_gmt":"2025-12-29T22:54:09","slug":"wlochy-cud-w-wigilie-kot-przezyl-55-minut-w-pralce-weterynarz-walczyl-o-jego-zycie","status":"publish","type":"post","link":"https:\/\/www.europesays.com\/pl\/177062\/","title":{"rendered":"W\u0142ochy: Cud w Wigili\u0119: Kot prze\u017cy\u0142 55 minut w pralce. Weterynarz walczy\u0142 o jego \u017cycie"},"content":{"rendered":"<p>Wigilijny wiecz\u00f3r w niewielkim miasteczku Induno Olona na p\u00f3\u0142nocy W\u0142och zamieni\u0142 si\u0119 w prawdziwy dramat dla jednej z mieszkanek i jej ukochanego kota. Anacleto, bo tak nazywa si\u0119 czworono\u017cny bohater tej historii, prze\u017cy\u0142 55-minutowy cykl prania w pralce. Uratowa\u0142a go niska temperatura wody oraz po\u015bwi\u0119cenie miejscowego weterynarza.<\/p>\n<p>                         &#13;<br \/>\n        &#13;<\/p>\n<p>                                        &#13;<br \/>\n                        &#13;<br \/>\n                            <img decoding=\"async\" src=\"https:\/\/www.europesays.com\/pl\/wp-content\/uploads\/2025\/12\/000M4UYN7Q6LK1DV-C123-F4.jpg\" title=\"Kot prze\u017cy\u0142 cykl prania. &quot;Spojrza\u0142am na drzwiczki pralki i zobaczy\u0142am ogon&quot;\" alt=\"Kot prze\u017cy\u0142 cykl prania. &quot;Spojrza\u0142am na drzwiczki pralki i zobaczy\u0142am ogon&quot;\" class=\"img-responsive\"\/>&#13;<\/p>\n<p>                            &#13;<\/p>\n<p>      &#13;<br \/>\n                            Kot prze\u017cy\u0142 prawie godzinny prania (zdj. ilustracyjne)&#13;<br \/>\n                                    \/Shutterstock  &#13;\n                                    <\/p>\n<p>&#13;<\/p>\n<p>Do niecodziennego zdarzenia dosz\u0142o w\u00a0regionie Lombardia, gdzie mieszkanka okolic Varese, poch\u0142oni\u0119ta przygotowaniami do \u015bwi\u0105t, w\u00a0po\u015bpiechu w\u0142\u0105czy\u0142a pralk\u0119 tu\u017c przed przyj\u015bciem go\u015bci. Nie mia\u0142a poj\u0119cia, \u017ce jej kot Anacleto skry\u0142 si\u0119 w\u00a0b\u0119bnie pralki w\u015br\u00f3d ubra\u0144 przygotowanych do prania.<\/p>\n<p>  Dopiero wieczorem, gdy kobieta postanowi\u0142a poda\u0107 kotu krople, zorientowa\u0142a si\u0119, \u017ce nigdzie nie mo\u017ce go nie ma. Pod wiecz\u00f3r zacz\u0119\u0142am szuka\u0107 mojego ukochanego kota, by poda\u0107 mu krople. Nie mog\u0142am nigdzie go znale\u017a\u0107. Spojrza\u0142am na drzwiczki pralki i\u00a0zobaczy\u0142am ogon &#8211; opowiedzia\u0142a zrozpaczona w\u0142a\u015bcicielka. Natychmiast wy\u0142\u0105czy\u0142a urz\u0105dzenie, kt\u00f3re w\u0142a\u015bnie ko\u0144czy\u0142o cykl prania.<\/p>\n<p>  Zaniepokojona losem Anacleto, kobieta niezw\u0142ocznie zadzwoni\u0142a do weterynarza. Ten, mimo w\u0142asnych problem\u00f3w zdrowotnych i\u00a0\u015bwi\u0105tecznego wieczoru, nie odm\u00f3wi\u0142 pomocy. \u0179le si\u0119 czu\u0142em, ale moja praca oznacza tak\u017ce wyrzeczenia podczas \u015awi\u0105t &#8211; podkre\u015bli\u0142 doktor weterynarii Mario Motta.<\/p>\n<p>  Na miejscu lekarz zaleci\u0142 natychmiastowe rozgrzanie kota, kt\u00f3ry dzi\u0119ki niskiej temperaturze prania unikn\u0105\u0142 najgorszego. Anacleto zosta\u0142 u\u0142o\u017cony w\u015br\u00f3d butelek z\u00a0gor\u0105c\u0105 wod\u0105, a\u00a0nast\u0119pnie otrzyma\u0142 antybiotyk, kortyzon oraz kropl\u00f3wk\u0119. Ju\u017c w wigilijn\u0105 noc temperatura cia\u0142a kota zacz\u0119\u0142a si\u0119 podnosi\u0107, a w\u00a0drugi dzie\u0144 \u015bwi\u0105t zwierzak odzyska\u0142 apetyt.<\/p>\n<p>  Doktor Motta przyzna\u0142, \u017ce podobne przypadki zdarzaj\u0105 si\u0119 cz\u0119\u015bciej, ni\u017c mog\u0142oby si\u0119 wydawa\u0107. Nie zawsze ko\u0144czy si\u0119 to pomy\u015blnie, zw\u0142aszcza, gdy jest to program prania w\u00a0wysokiej temperaturze &#8211; zaznaczy\u0142 weterynarz. Doda\u0142 r\u00f3wnie\u017c, \u017ce koty z\u00a0natury s\u0105 ciekawskie i\u00a0cz\u0119sto wchodz\u0105 do pralki, gdzie potrafi\u0105 nawet zasn\u0105\u0107.<\/p>\n","protected":false},"excerpt":{"rendered":"Wigilijny wiecz\u00f3r w niewielkim miasteczku Induno Olona na p\u00f3\u0142nocy W\u0142och zamieni\u0142 si\u0119 w prawdziwy dramat dla jednej z&hellip;\n","protected":false},"author":2,"featured_media":177063,"comment_status":"","ping_status":"","sticky":false,"template":"","format":"standard","meta":{"footnotes":""},"categories":[12],"tags":[32,33,36,37,27,34,35,28,31,25,42,38,40,39,41,29,30,26],"class_list":{"0":"post-177062","1":"post","2":"type-post","3":"status-publish","4":"format-standard","5":"has-post-thumbnail","7":"category-polska","8":"tag-breaking-news","9":"tag-breakingnews","10":"tag-featured-news","11":"tag-featurednews","12":"tag-headlines","13":"tag-latest-news","14":"tag-latestnews","15":"tag-naglowki","16":"tag-najwazniejsze-artykuly","17":"tag-news","18":"tag-pl","19":"tag-poland","20":"tag-polish","21":"tag-polska","22":"tag-polski","23":"tag-top-stories","24":"tag-topstories","25":"tag-wiadomosci"},"share_on_mastodon":{"url":"https:\/\/pubeurope.com\/@pl\/115805320991786311","error":""},"_links":{"self":[{"href":"https:\/\/www.europesays.com\/pl\/wp-json\/wp\/v2\/posts\/177062","targetHints":{"allow":["GET"]}}],"collection":[{"href":"https:\/\/www.europesays.com\/pl\/wp-json\/wp\/v2\/posts"}],"about":[{"href":"https:\/\/www.europesays.com\/pl\/wp-json\/wp\/v2\/types\/post"}],"author":[{"embeddable":true,"href":"https:\/\/www.europesays.com\/pl\/wp-json\/wp\/v2\/users\/2"}],"replies":[{"embeddable":true,"href":"https:\/\/www.europesays.com\/pl\/wp-json\/wp\/v2\/comments?post=177062"}],"version-history":[{"count":0,"href":"https:\/\/www.europesays.com\/pl\/wp-json\/wp\/v2\/posts\/177062\/revisions"}],"wp:featuredmedia":[{"embeddable":true,"href":"https:\/\/www.europesays.com\/pl\/wp-json\/wp\/v2\/media\/177063"}],"wp:attachment":[{"href":"https:\/\/www.europesays.com\/pl\/wp-json\/wp\/v2\/media?parent=177062"}],"wp:term":[{"taxonomy":"category","embeddable":true,"href":"https:\/\/www.europesays.com\/pl\/wp-json\/wp\/v2\/categories?post=177062"},{"taxonomy":"post_tag","embeddable":true,"href":"https:\/\/www.europesays.com\/pl\/wp-json\/wp\/v2\/tags?post=177062"}],"curies":[{"name":"wp","href":"https:\/\/api.w.org\/{rel}","templated":true}]}}