{"id":177068,"date":"2025-12-29T22:57:03","date_gmt":"2025-12-29T22:57:03","guid":{"rendered":"https:\/\/www.europesays.com\/pl\/177068\/"},"modified":"2025-12-29T22:57:03","modified_gmt":"2025-12-29T22:57:03","slug":"tak-wygladaja-wakacje-katarzyny-cichopek-i-macieja-kurzajewskiego-totalny-spontan-2","status":"publish","type":"post","link":"https:\/\/www.europesays.com\/pl\/177068\/","title":{"rendered":"Tak wygl\u0105daj\u0105 wakacje Katarzyny Cichopek i Macieja Kurzajewskiego. &#8222;Totalny spontan&#8221;"},"content":{"rendered":"<p class=\"ods-c-paragraph \">Jeszcze niedawno para relacjonowa\u0142a pobyt w po\u0142udniowych Chinach, prezentuj\u0105c <a href=\"https:\/\/plejada.pl\/newsy\/katarzyna-cichopek-i-maciej-kurzajewski-wylecieli-z-polski-wybrali-zaskakujacy\/xfv0xee\" id=\"01c794bf-879d-4e00-b925-d3d4d313952b\" rel=\"nofollow noopener\" target=\"_blank\">nowoczesn\u0105 metropoli\u0119 Shenzhen<\/a> i jej futurystyczn\u0105 architektur\u0119. Teraz jednak, jak ujawnili <a href=\"https:\/\/plejada.pl\/temat\/katarzyna-cichopek\/d6qbrps\" id=\"2a1ae604-5207-4241-823c-d85f15544e92\" rel=\"nofollow noopener\" target=\"_blank\">Katarzyna Cichopek<\/a> i <a href=\"https:\/\/plejada.pl\/temat\/maciej-kurzajewski\/l0kzg22\" id=\"cb49e54c-84b3-4c90-8825-fb1f9629e529\" rel=\"nofollow noopener\" target=\"_blank\">Maciej Kurzajewski <\/a>w mediach spo\u0142eczno\u015bciowych, postawili na pe\u0142en improwizacji zwrot akcji.<\/p>\n<p>Dalszy ci\u0105g artyku\u0142u pod materia\u0142em wideo<\/p>\n<p> Gdzie sp\u0119dzaj\u0105 wakacje Katarzyna Cichopek i Maciej Kurzajewski? <\/p>\n<p> Jakie decyzje podj\u0119li Katarzyna Cichopek i Maciej Kurzajewski w zwi\u0105zku z ko\u0144cem roku? <\/p>\n<p> Co robi\u0142a para podczas swojego pobytu w Hongkongu? <\/p>\n<p> Jakie atrakcje omijali Katarzyna Cichopek i Maciej Kurzajewski podczas podr\u00f3\u017cy? <\/p>\n<p>  Katarzyna Cichopek i Maciej Kurzajewski ciesz\u0105 si\u0119 urlopem w Azji<\/p>\n<p class=\"ods-c-paragraph \">Zamiast trzyma\u0107 si\u0119 ustalonego planu, para zdecydowa\u0142a si\u0119 na spontaniczny wyjazd do Hongkongu.<\/p>\n<blockquote class=\"ods-o-quota\">\n<p class=\"ods-o-quota__paragraph\">Dzi\u015b totalny spontan \u2014 wsiedli\u015bmy w poci\u0105g i pojechali\u015bmy na wycieczk\u0119 do Hongkongu z Shenzhen<\/p>\n<\/blockquote>\n<p class=\"ods-c-paragraph \">\u2014 napisa\u0142a Katarzyna Cichopek na swoim Instagramie, do\u0142\u0105czaj\u0105c film z podr\u00f3\u017cy.<\/p>\n<p class=\"ods-c-paragraph \">Wyjazd okaza\u0142 si\u0119 szybki i komfortowy, a Hongkong \u2014 jak relacjonowa\u0142a aktorka \u2014 od razu ich poch\u0142on\u0105\u0142. &#8222;Hongkong jak zawsze na pe\u0142nych obrotach: wysokie budynki, masa ludzi, uliczny chaos, kt\u00f3ry ma sw\u00f3j klimat. Troch\u0119 chodzenia bez planu, troch\u0119 patrzenia w g\u00f3r\u0119 na drapacze chmur, troch\u0119 jedzenia, bo akurat by\u0142o po drodze&#8221; \u2014 podsumowa\u0142a.<\/p>\n<p class=\"ods-c-paragraph \">Zamiast klasycznego zwiedzania i odhaczania turystycznych atrakcji, Katarzyna Cichopek i Maciej Kurzajewski postawili na zwyczajne spacery, obserwowanie miasta i kulinarne przystanki.<\/p>\n<blockquote class=\"ods-o-quota\">\n<p class=\"ods-o-quota__paragraph\">Nie gonili\u015bmy za atrakcjami \u2014 raczej spacer i cieszenie si\u0119 chwil\u0105. Taki dzie\u0144 bez spiny, ale z milionem bod\u017ac\u00f3w<\/p>\n<\/blockquote>\n<p class=\"ods-c-paragraph \">\u2014 doda\u0142a aktorka.<\/p>\n<p class=\"ods-c-paragraph \">Na opublikowanych kadrach widzimy przeja\u017cd\u017ck\u0119 komunikacj\u0105 miejsk\u0105, zat\u0142oczone ulice, charakterystyczne tramwaje i panoram\u0119 miasta nad wod\u0105. Para nie ukrywa\u0142a, \u017ce nawet kr\u00f3tki wypad potrafi dostarczy\u0107 wra\u017ce\u0144 &#8222;jak z d\u0142u\u017cszej podr\u00f3\u017cy&#8221;.<\/p>\n<p class=\"ods-c-paragraph \">Dzi\u0119kujemy, \u017ce przeczyta\u0142a\u015b\/e\u015b nasz artyku\u0142 do ko\u0144ca. W serwisie Plejada.pl ka\u017cdego dnia piszemy o najwa\u017cniejszych wydarzeniach show-biznesowych. B\u0105d\u017a na bie\u017c\u0105co! <a rel=\"nofollow noopener\" href=\"https:\/\/news.google.com\/publications\/CAAiEF0PeAlb7W1llpV_mwV2rL4qFAgKIhBdD3gJW-1tZZaVf5sFdqy-?hl=pl&amp;gl=PL&amp;ceid=PL%3Apl\" id=\"582891d3-7a05-4dc3-acc4-b0c134c7348e\" target=\"_blank\">Obserwuj<\/a> Plejad\u0119 w Wiadomo\u015bciach Google. Odwied\u017a nas tak\u017ce na <a rel=\"nofollow noopener\" href=\"https:\/\/www.facebook.com\/plejadapl\" id=\"d3c0decd-0406-4483-95d7-2cb757ece158\" target=\"_blank\">Facebooku<\/a>, <a rel=\"nofollow noopener\" href=\"https:\/\/www.instagram.com\/plejadapl\/\" id=\"a1913d0c-da41-4f2e-b1b5-4aa122020c89\" target=\"_blank\">Instagramie<\/a>, <a rel=\"nofollow noopener\" href=\"https:\/\/www.youtube.com\/c\/plejada\" id=\"b6780730-479f-4637-96fa-c47d30cf3d89\" target=\"_blank\">YouTubie<\/a> oraz <a rel=\"nofollow noopener\" href=\"https:\/\/www.tiktok.com\/@plejada_pl\" id=\"14f8bf07-85c9-4515-8100-52d710fa9088\" target=\"_blank\">TikToku<\/a>.<\/p>\n<p class=\"ods-c-paragraph \">Chcesz podzieli\u0107 si\u0119 ciekawym newsem lub zaproponowa\u0107 temat? Skontaktuj si\u0119 z nami, pisz\u0105c maila na adres: plejada@redakcjaonet.pl.<\/p>\n<p><script async src=\"\/\/www.instagram.com\/embed.js\"><\/script><script async src=\"\/\/www.tiktok.com\/embed.js\"><\/script><\/p>\n","protected":false},"excerpt":{"rendered":"Jeszcze niedawno para relacjonowa\u0142a pobyt w po\u0142udniowych Chinach, prezentuj\u0105c nowoczesn\u0105 metropoli\u0119 Shenzhen i jej futurystyczn\u0105 architektur\u0119. Teraz jednak,&hellip;\n","protected":false},"author":2,"featured_media":177069,"comment_status":"","ping_status":"","sticky":false,"template":"","format":"standard","meta":{"footnotes":""},"categories":[22],"tags":[122,5649,5650,48,125,46,42,38,40,39,41,123,47,34713],"class_list":{"0":"post-177068","1":"post","2":"type-post","3":"status-publish","4":"format-standard","5":"has-post-thumbnail","7":"category-rozrywka","8":"tag-entertainment","9":"tag-katarzyna_cichopek","10":"tag-maciej_kurzajewski","11":"tag-nat_styl","12":"tag-newsy","13":"tag-omp","14":"tag-pl","15":"tag-poland","16":"tag-polish","17":"tag-polska","18":"tag-polski","19":"tag-rozrywka","20":"tag-screening_general","21":"tag-wakacje_gwiazd"},"share_on_mastodon":{"url":"https:\/\/pubeurope.com\/@pl\/115805332606969687","error":""},"_links":{"self":[{"href":"https:\/\/www.europesays.com\/pl\/wp-json\/wp\/v2\/posts\/177068","targetHints":{"allow":["GET"]}}],"collection":[{"href":"https:\/\/www.europesays.com\/pl\/wp-json\/wp\/v2\/posts"}],"about":[{"href":"https:\/\/www.europesays.com\/pl\/wp-json\/wp\/v2\/types\/post"}],"author":[{"embeddable":true,"href":"https:\/\/www.europesays.com\/pl\/wp-json\/wp\/v2\/users\/2"}],"replies":[{"embeddable":true,"href":"https:\/\/www.europesays.com\/pl\/wp-json\/wp\/v2\/comments?post=177068"}],"version-history":[{"count":0,"href":"https:\/\/www.europesays.com\/pl\/wp-json\/wp\/v2\/posts\/177068\/revisions"}],"wp:featuredmedia":[{"embeddable":true,"href":"https:\/\/www.europesays.com\/pl\/wp-json\/wp\/v2\/media\/177069"}],"wp:attachment":[{"href":"https:\/\/www.europesays.com\/pl\/wp-json\/wp\/v2\/media?parent=177068"}],"wp:term":[{"taxonomy":"category","embeddable":true,"href":"https:\/\/www.europesays.com\/pl\/wp-json\/wp\/v2\/categories?post=177068"},{"taxonomy":"post_tag","embeddable":true,"href":"https:\/\/www.europesays.com\/pl\/wp-json\/wp\/v2\/tags?post=177068"}],"curies":[{"name":"wp","href":"https:\/\/api.w.org\/{rel}","templated":true}]}}