{"id":177084,"date":"2025-12-29T23:07:09","date_gmt":"2025-12-29T23:07:09","guid":{"rendered":"https:\/\/www.europesays.com\/pl\/177084\/"},"modified":"2025-12-29T23:07:09","modified_gmt":"2025-12-29T23:07:09","slug":"rosja-putin-podpisal-dekret-ws-poboru-do-wojska-trafi-250-tysiecy-osob","status":"publish","type":"post","link":"https:\/\/www.europesays.com\/pl\/177084\/","title":{"rendered":"Rosja. Putin podpisa\u0142 dekret ws. poboru. Do wojska trafi 250 tysi\u0119cy os\u00f3b"},"content":{"rendered":"<p>W skr\u00f3cie<\/p>\n<ul class=\"typography ids-typeset-body ids-typeset-body--preset-large list ids-list ids-list--unordered ids-list--size-large \" datatype=\"disc\">\n<li class=\"ids-list-item\">\n<p>W\u0142adimir Putin podpisa\u0142 dekret o ca\u0142orocznym poborze do wojska w Rosji.<\/p>\n<\/li>\n<li class=\"ids-list-item\">\n<p>Planowany pob\u00f3r w 2026 roku obejmie ponad 250 tysi\u0119cy os\u00f3b w wieku od 18 do 30 lat.<\/p>\n<\/li>\n<li class=\"ids-list-item\">\n<p>Rozszerzenie poboru ma zapobiec konieczno\u015bci mobilizacji w zwi\u0105zku z wojn\u0105 w Ukrainie.<\/p>\n<\/li>\n<li class=\"ids-list-item\"><\/li>\n<\/ul>\n<p class=\"typography ids-typeset-body ids-typeset-body--preset-large link paragraph ids-paragraph ids-paragraph--default\">Telewizja Bie\u0142sat, powo\u0142uj\u0105c si\u0119 na niezale\u017cn\u0105 rosyjsk\u0105 agencj\u0119 informacyjn\u0105 SOTA, poinformowa\u0142a, \u017ce <a href=\"https:\/\/wydarzenia.interia.pl\/tematy-wladimir-putin,gsbi,9\" rel=\"nofollow noopener\" target=\"_blank\">W\u0142adimir Putin<\/a> podpisa\u0142 pierwszy dekret ustanawiaj\u0105cy ca\u0142oroczny pob\u00f3r do wojska. Zgodnie z nim w nadchodz\u0105cym roku Rosja planuje pob\u00f3r 261 000 os\u00f3b w wieku od 18 do 30 lat.<\/p>\n<p class=\"typography ids-typeset-body ids-typeset-body--preset-large link paragraph ids-paragraph ids-paragraph--default\">Do podpisania ustawy ustanawiaj\u0105cej tego typu dzia\u0142ania dosz\u0142o 4 listopada, czyli w Dniu Jedno\u015bci Narodowej. Bie\u0142sat przekaza\u0142a, \u017ce decyzja Putina to spos\u00f3b na unikni\u0119cie mobilizacji w zwi\u0105zku z inwazj\u0105 na Ukrain\u0119.<\/p>\n<p>Rosja. Putin podpisa\u0142 pierwszy dekret ustanawiaj\u0105cy ca\u0142oroczny pob\u00f3r do wojska<\/p>\n<p class=\"typography ids-typeset-body ids-typeset-body--preset-large link paragraph ids-paragraph ids-paragraph--default\">Redakcja wspomnianej telewizji zwr\u00f3ci\u0142a uwag\u0119, \u017ce do tej pory do pobor\u00f3w dochodzi\u0142o sezonowo &#8211; dwa razy w roku. Dziennikarze dodali ponadto, \u017ce tegoroczny jesienny pob\u00f3r do rosyjskiego wojska &#8222;pobi\u0142 dziewi\u0119cioletni rekord&#8221;.<\/p>\n<p class=\"typography ids-typeset-body ids-typeset-body--preset-large link paragraph ids-paragraph ids-paragraph--default\">Od 1 pa\u017adziernika do armii <a href=\"https:\/\/wydarzenia.interia.pl\/tematy-kreml,gsbi,4409\" rel=\"nofollow noopener\" target=\"_blank\">Kremla<\/a> mia\u0142o zosta\u0107 wcielonych &#8222;135 tysi\u0119cy m\u0119\u017cczyzn w wieku od 18 do 30 lat&#8221;.<\/p>\n<p class=\"typography ids-typeset-body ids-typeset-body--preset-large link paragraph ids-paragraph ids-paragraph--default\">Telewizja Bie\u0142sat doda\u0142a ponadto, \u017ce wiosenny pob\u00f3r do wojska by\u0142 z kolei &#8222;najwi\u0119kszy od 14 lat&#8221;. W tamtym okresie\u00a0do armii do\u0142\u0105czy\u0142o oko\u0142o 219 000 m\u0119\u017cczyzn.<\/p>\n<p class=\"typography ids-typeset-body ids-typeset-body--preset-large link paragraph ids-paragraph ids-paragraph--default\">Przypomnijmy, \u017ce na pocz\u0105tku 2024 roku wiek poborowy w Rosji zosta\u0142 podwy\u017cszony do 30 roku \u017cycia. Wcze\u015bniej do wojska mogli zosta\u0107 wcieleni m\u0119\u017cczy\u017ani w wieku od 18 do 27 lat.<\/p>\n<p>Wojna w Ukrainie. Analityk: Rosja zanotowa\u0142a powa\u017cne straty w ludziach<\/p>\n<p class=\"typography ids-typeset-body ids-typeset-body--preset-large link paragraph ids-paragraph ids-paragraph--default\">Dodajmy, \u017ce ameryka\u0144ski analityk wojskowy ukrai\u0144skiego pochodzenia Michael Kofman zauwa\u017cy\u0142 podczas wywiadu udzielonego Ukrai\u0144skiej Prawdzie, \u017ce <a href=\"https:\/\/wydarzenia.interia.pl\/tematy-rosja,gsbi,3125\" rel=\"nofollow noopener\" target=\"_blank\">Rosja<\/a> w 2025 roku zanotowa\u0142a powa\u017cne straty w ludziach.<\/p>\n<p class=\"typography ids-typeset-body ids-typeset-body--preset-large link paragraph ids-paragraph ids-paragraph--default\">&#8211; Ju\u017c w grudniu mo\u017cna zaobserwowa\u0107 spowolnienie na polu walki spowodowane znacznymi stratami &#8211; m\u00f3wi\u0142 Kofman.<\/p>\n<p class=\"typography ids-typeset-body ids-typeset-body--preset-large link paragraph ids-paragraph ids-paragraph--default\">&#8211; W tym roku najprawdopodobniej ponad 90 proc. \u017co\u0142nierzy kontraktowych, kt\u00f3rych rekrutowa\u0142a Rosja, posz\u0142o na pokrycie strat. Rosjanie nie s\u0105 ju\u017c w stanie rozbudowywa\u0107 swoich si\u0142, tak jak w roku poprzednim &#8211; podkre\u015bli\u0142 analityk.<\/p>\n<p class=\"typography ids-typeset-body ids-typeset-body--preset-large link paragraph ids-paragraph ids-paragraph--default\">Kofman zauwa\u017cy\u0142 tak\u017ce, \u017ce je\u017celi obecne tendencje si\u0119 utrzymaj\u0105, Rosja w przysz\u0142ym roku b\u0119dzie musia\u0142a zmierzy\u0107 si\u0119 z problemami z obsad\u0105 jednostek i dost\u0119pno\u015bci\u0105 si\u0142y roboczej.<\/p>\n<p class=\"typography ids-typeset-body ids-typeset-body--preset-large link paragraph ids-paragraph ids-paragraph--default\">&#8211; Rosja ma wi\u0119cej ludno\u015bci ni\u017c <a href=\"https:\/\/wydarzenia.interia.pl\/tematy-ukraina,gsbi,3144\" rel=\"nofollow noopener\" target=\"_blank\">Ukraina<\/a>, ale cierpi na dotkliwy niedob\u00f3r si\u0142y roboczej. (&#8230;) Znalezienie ludzi do wojska i do pracy w kompleksie wojskowo-przemys\u0142owym jest bardzo kosztowne dla gospodarki &#8211; zauwa\u017cy\u0142 Kofman.<\/p>\n<p class=\"typography ids-typeset-body ids-typeset-body--preset-large link paragraph ids-paragraph ids-paragraph--default\">\u0179r\u00f3d\u0142a: Bie\u0142sat, SOTA, Ukrai\u0144ska Prawda<\/p>\n<p>Z dzie\u0107mi w wysokich g\u00f3rach. Nie mieli czekan\u00f3w i asekuracji. Mieli&#8230; jab\u0142uszkaPolsat News<\/p>\n<p><a class=\"ids-undecorated-link source ids-page-info--source__link\" href=\"https:\/\/www.interia.pl\" rel=\"nofollow noopener\" target=\"_blank\"><img decoding=\"async\" class=\"ids-image-holder__img\" loading=\"lazy\" alt=\"\" title=\"\" height=\"24px\" src=\"https:\/\/www.europesays.com\/pl\/wp-content\/uploads\/2025\/12\/1767018369_582_0009A60QQ5I2TYF7-C202-F4.webp.webp\"\/><\/a><\/p>\n<p>Masz sugestie, uwagi albo widzisz b\u0142\u0105d? Napisz do nas<\/p>\n","protected":false},"excerpt":{"rendered":"W skr\u00f3cie W\u0142adimir Putin podpisa\u0142 dekret o ca\u0142orocznym poborze do wojska w Rosji. Planowany pob\u00f3r w 2026 roku&hellip;\n","protected":false},"author":2,"featured_media":177085,"comment_status":"","ping_status":"","sticky":false,"template":"","format":"standard","meta":{"footnotes":""},"categories":[14],"tags":[32,33,27,34,35,28,31,25,40,41,80,29,30,26,82,83,84],"class_list":{"0":"post-177084","1":"post","2":"type-post","3":"status-publish","4":"format-standard","5":"has-post-thumbnail","7":"category-swiat","8":"tag-breaking-news","9":"tag-breakingnews","10":"tag-headlines","11":"tag-latest-news","12":"tag-latestnews","13":"tag-naglowki","14":"tag-najwazniejsze-artykuly","15":"tag-news","16":"tag-polish","17":"tag-polski","18":"tag-swiat","19":"tag-top-stories","20":"tag-topstories","21":"tag-wiadomosci","22":"tag-world","23":"tag-world-news","24":"tag-worldnews"},"share_on_mastodon":{"url":"https:\/\/pubeurope.com\/@pl\/115805372054456097","error":""},"_links":{"self":[{"href":"https:\/\/www.europesays.com\/pl\/wp-json\/wp\/v2\/posts\/177084","targetHints":{"allow":["GET"]}}],"collection":[{"href":"https:\/\/www.europesays.com\/pl\/wp-json\/wp\/v2\/posts"}],"about":[{"href":"https:\/\/www.europesays.com\/pl\/wp-json\/wp\/v2\/types\/post"}],"author":[{"embeddable":true,"href":"https:\/\/www.europesays.com\/pl\/wp-json\/wp\/v2\/users\/2"}],"replies":[{"embeddable":true,"href":"https:\/\/www.europesays.com\/pl\/wp-json\/wp\/v2\/comments?post=177084"}],"version-history":[{"count":0,"href":"https:\/\/www.europesays.com\/pl\/wp-json\/wp\/v2\/posts\/177084\/revisions"}],"wp:featuredmedia":[{"embeddable":true,"href":"https:\/\/www.europesays.com\/pl\/wp-json\/wp\/v2\/media\/177085"}],"wp:attachment":[{"href":"https:\/\/www.europesays.com\/pl\/wp-json\/wp\/v2\/media?parent=177084"}],"wp:term":[{"taxonomy":"category","embeddable":true,"href":"https:\/\/www.europesays.com\/pl\/wp-json\/wp\/v2\/categories?post=177084"},{"taxonomy":"post_tag","embeddable":true,"href":"https:\/\/www.europesays.com\/pl\/wp-json\/wp\/v2\/tags?post=177084"}],"curies":[{"name":"wp","href":"https:\/\/api.w.org\/{rel}","templated":true}]}}