{"id":177088,"date":"2025-12-29T23:09:11","date_gmt":"2025-12-29T23:09:11","guid":{"rendered":"https:\/\/www.europesays.com\/pl\/177088\/"},"modified":"2025-12-29T23:09:11","modified_gmt":"2025-12-29T23:09:11","slug":"struzik-wbrew-ministerstwu-powolal-michalec-do-muzeum-literatury","status":"publish","type":"post","link":"https:\/\/www.europesays.com\/pl\/177088\/","title":{"rendered":"Struzik wbrew ministerstwu powo\u0142a\u0142 Michalec do Muzeum Literatury"},"content":{"rendered":"<p><img alt=\"\"   src=\"https:\/\/www.europesays.com\/pl\/wp-content\/uploads\/2025\/12\/KA230331_016.jpg\" decoding=\"async\" data-nimg=\"fill\" class=\"image\" style=\"position:absolute;top:0;left:0;bottom:0;right:0;box-sizing:border-box;padding:0;border:none;margin:auto;display:block;width:0;height:0;min-width:100%;max-width:100%;min-height:100%;max-height:100%;object-fit:cover\"\/><\/p>\n<p>Prawa autorskie: 31.03.2023 Warszawa, ulica Jagiello\u0144ska 26. Urz\u0105d Marsza\u0142kowski Wojew\u00f3dztwa Mazowieckiego. Marsza\u0142ek wojew\u00f3dztwa mazowieckiego Adam Struzik podczas podpisania umowy na po\u017cyczk\u0119 od Urz\u0119du Marsza\u0142kowskiego Wojew\u00f3dztwa Mazowieckiego dla lotniska w Modlinie. Fot. Kuba Atys \/ Agencja Wyborcza.pl31.03.2023 Warszawa,&#8230;<\/p>\n<p>Prawa autorskie: 31.03.2023 Warszawa, ulica Jagiello\u0144ska 26. Urz\u0105d Marsza\u0142kowski Wojew\u00f3dztwa Mazowieckiego. Marsza\u0142ek wojew\u00f3dztwa mazowieckiego Adam Struzik podczas podpisania umowy na po\u017cyczk\u0119 od Urz\u0119du Marsza\u0142kowskiego Wojew\u00f3dztwa Mazowieckiego dla lotniska w Modlinie. Fot. Kuba Atys \/ Agencja Wyborcza.pl31.03.2023 Warszawa,&#8230;<\/p>\n<p>Zaloguj si\u0119, aby zapisa\u0107 na p\u00f3\u017aniej<\/p>\n<p>29 grudnia 2025<\/p>\n<p><a target=\"_blank\" href=\"https:\/\/news.google.com\/publications\/CAAiEGYSkp3as7HPQ8kTGP1yxGQqFAgKIhBmEpKd2rOxz0PJExj9csRk?hl=pl&amp;gl=PL&amp;ceid=PL%3Apl\" rel=\"noreferrer nofollow noopener\">Google News<\/a>Udost\u0119pnij na FacebookuUdost\u0119pnij na TwitterzeUdost\u0119pnij w mailu<\/p>\n<p class=\"mt-3 font-serif font-semibold text-lg text-gray-900 lg:mt-5 lg:text-xl lg:leading-8 dark:text-gray-50 print:dark:text-black\">Zarz\u0105d wojew\u00f3dztwa mazowieckiego na ostatnim przed \u015bwi\u0119tami posiedzeniu powo\u0142a\u0142 radn\u0105 KO Beat\u0119 Michalec na szefow\u0105 Muzeum Literatury w Warszawie \u2013 dowiedzieli\u015bmy si\u0119 nieoficjalnie z trzech \u017ar\u00f3de\u0142<\/p>\n<p><a target=\"_blank\" href=\"https:\/\/news.google.com\/publications\/CAAiEGYSkp3as7HPQ8kTGP1yxGQqFAgKIhBmEpKd2rOxz0PJExj9csRk?hl=pl&amp;gl=PL&amp;ceid=PL%3Apl\" rel=\"noreferrer nofollow noopener\">Google News<\/a>Udost\u0119pnij na FacebookuUdost\u0119pnij na TwitterzeUdost\u0119pnij w mailu<\/p>\n<p class=\"typography__paragraph my-5 font-serif font-normal text-xl leading-8 text-gray-900 dark:text-gray-50 print:dark:text-black break-words\">W poniedzia\u0142ek (29 grudnia) po po\u0142udniu na stronach Mazowsza pojawi\u0142o si\u0119 sprawozdanie z posiedzenia Zarz\u0105du wojew\u00f3dztwa, kt\u00f3re odby\u0142o si\u0119 23 grudnia. W punkcie 5. porz\u0105dek obrad przewidywa\u0142 przyj\u0119cie projektu uchwa\u0142y w sprawie powo\u0142ania dyrektora Muzeum Literatury w Warszawie. Zarz\u0105d nie opublikowa\u0142 jeszcze uchwa\u0142 przyj\u0119tych tego dnia, jednak od pracownik\u00f3w Muzeum dowiedzieli\u015bmy si\u0119, \u017ce pe\u0142ni\u0105ca obowi\u0105zki dyrektora Beata Michalec w poniedzia\u0142ek poinformowa\u0142a, \u017ce zosta\u0142a powo\u0142ana na szefa instytucji na 7 lat \u2013 maksymalny okres przewidziany w ustawie o organizowaniu i prowadzeniu dzia\u0142alno\u015bci kulturalnej. <\/p>\n<p class=\"typography__paragraph my-5 font-serif font-normal text-xl leading-8 text-gray-900 dark:text-gray-50 print:dark:text-black break-words\">W grudniu Michalec wygra\u0142a konkurs na to stanowisko, jednak minister kultury Marta Cienkowska nie wyrazi\u0142a zgody na jej powo\u0142anie i za\u017c\u0105da\u0142a rozpisania nowego konkursu (Ministerstwo jest organem wsp\u00f3\u0142prowadz\u0105cym Muzeum). Sta\u0142o si\u0119 to po ujawnieniu przez OKO.press i dw\u00f3jk\u0119 ekspert\u00f3w z komisji konkursowej \u2013 Marzann\u0119 Bogumi\u0142\u0119 Kielar i Jacka Dehnela \u2013 nieprawid\u0142owo\u015bci przy organizacji konkursu na to stanowisko. Chodzi\u0142o m.in. o uniemo\u017cliwienie reprezentantom ministerstwa zadawania pyta\u0144 Beacie Michalec o jej metody zarz\u0105dzania, a tak\u017ce ustawiony sk\u0142ad komisji, w kt\u00f3rym wi\u0119kszo\u015b\u0107 stanowili  politycy i urz\u0119dnicy zwi\u0105zani z rz\u0105dz\u0105c\u0105 Mazowszem koalicj\u0105 PSL i KO. W tej sprawie Dehnel i Kielar napisali votum separatum do werdyktu komisji. <\/p>\n<blockquote class=\"typography__blockquote mt-6 font-serif font-bold text-[1.8125rem] leading-[2.75rem] text-gray-900 before:inline-block before:mr-3 before:h-[0.8125rem] before:w-24 before:bg-red-700 dark:text-gray-50 dark:before:bg-red-400 print:dark:text-black before:print:dark:bg-black break-words\"><p>Powo\u0142anie dyrektorki bez zgody organu wsp\u00f3\u0142prowadz\u0105cego oznacza\u0142oby z\u0142amanie statutu Muzeum.<\/p><\/blockquote>\n<p class=\"typography__paragraph my-5 font-serif font-normal text-xl leading-8 text-gray-900 dark:text-gray-50 print:dark:text-black break-words\">Zgodnie z paragrafem 10. nowego dyrektora musi zatwierdzi\u0107 Ministerstwo Kultury. <\/p>\n<p class=\"typography__paragraph my-5 font-serif font-normal text-xl leading-8 text-gray-900 dark:text-gray-50 print:dark:text-black break-words\">Uchwa\u0142a Zarz\u0105du Mazowsza o powo\u0142aniu Michalec nie dotar\u0142a jeszcze do MKiDN. Czekamy na oficjaln\u0105 reakcj\u0119 resortu.    <\/p>\n<p class=\"typography__paragraph my-5 font-serif font-normal text-xl leading-8 text-gray-900 dark:text-gray-50 print:dark:text-black break-words\">Beata Michalec jest od dw\u00f3ch kadencji radn\u0105 warszawsk\u0105 KO, jej m\u0105\u017c Pawe\u0142 Michalec (KO) by\u0142 burmistrzem \u017boliborza, obecnie jest burmistrzem dzielnicy Wawer. W wyborach parlamentarnych w 2023 bez powodzenia ubiega\u0142a si\u0119 z ramienia KO o mandat poselski. Michalec nie ma do\u015bwiadczenia z dziedziny historii literatury. Przez kilka lat by\u0142a zast\u0119pczyni\u0105 dyrektora Muzeum Niepodleg\u0142o\u015bci, podleg\u0142ego marsza\u0142kowi Struzikowi. Wcze\u015bniej pracowa\u0142a jako dyrektorka przedszkola. <\/p>\n<p class=\"typography__paragraph my-5 font-serif font-normal text-xl leading-8 text-gray-900 dark:text-gray-50 print:dark:text-black break-words\">Zarz\u0105d wojew\u00f3dztwa mazowieckiego, na kt\u00f3rego czele stoi marsza\u0142ek Adam Struzik (PSL), od roku pr\u00f3buje przepchn\u0105\u0107 jej kandydatur\u0119 na stanowisko dyrektorki Muzeum Literatury. Michalec przegra\u0142a pierwszy konkurs zorganizowany pod koniec 2024 roku, ale marsza\u0142ek zignorowa\u0142 werdykt komisji i nie powo\u0142a\u0142 zwyci\u0119\u017cczyni Agnieszki Celedy. Zamiast tego powierzy\u0142 Michalec pe\u0142nienie obowi\u0105zk\u00f3w dyrektorki Muzeum na rok.  <\/p>\n<blockquote class=\"typography__blockquote mt-6 font-serif font-bold text-[1.8125rem] leading-[2.75rem] text-gray-900 before:inline-block before:mr-3 before:h-[0.8125rem] before:w-24 before:bg-red-700 dark:text-gray-50 dark:before:bg-red-400 print:dark:text-black before:print:dark:bg-black break-words\"><p>W drugim, ustawionym konkursie polityczna kandydatka otrzyma\u0142a wymagan\u0105 wi\u0119kszo\u015b\u0107 g\u0142os\u00f3w, jednak jej powo\u0142anie zablokowa\u0142o MKiDN.<\/p><\/blockquote>\n<p class=\"typography__paragraph my-5 font-serif font-normal text-xl leading-8 text-gray-900 dark:text-gray-50 print:dark:text-black break-words\">W o\u015bwiadczeniu ministerstwo podkre\u015bli\u0142o, \u017ce jego celem jest organizowanie czytelnych, transparentnych konkurs\u00f3w. \u201eKomisje konkursowe nie mog\u0105 stawa\u0107 si\u0119 pretekstem do obsadzania stanowisk w kluczu politycznym. Decyduj\u0105cym czynnikiem musz\u0105 by\u0107 merytoryczne kompetencje, a nie partyjne umocowania. Dotyczy to wszystkich instytucji kultury, w tym r\u00f3wnie\u017c Muzeum Literatury w Warszawie\u201d. <\/p>\n<p class=\"typography__paragraph my-5 font-serif font-normal text-xl leading-8 text-gray-900 dark:text-gray-50 print:dark:text-black break-words\">Marta Cienkowska reprezentuje w ministerstwie koalicj\u0119 Polska 2050, w kt\u00f3rej sk\u0142ad wchodzi PSL. W tym kontek\u015bcie decyzja marsza\u0142ka Adama Struzika (PSL), kt\u00f3ry zignorowa\u0142 jej sprzeciw wobec kandydatury Michalec, ujawnia konflikt w obr\u0119bie zaplecza rz\u0105dowego. <\/p>\n<p class=\"typography__paragraph my-5 font-serif font-normal text-xl leading-8 text-gray-900 dark:text-gray-50 print:dark:text-black break-words\">Michalec przez rok pe\u0142ni\u0142a obowi\u0105zki dyrektorki Muzeum, cho\u0107 nie mia\u0142a kompetencji z zakresu literaturoznawstwa ani archiwistyki. Cz\u0119\u015b\u0107 pracownik\u00f3w zg\u0142asza\u0142a zastrze\u017cenia dotycz\u0105ce nieprawid\u0142owo\u015bci w zarz\u0105dzaniu i zagro\u017ce\u0144 dla bezpiecze\u0144stwa cennych r\u0119kopis\u00f3w. Michalec mia\u0142a zatrudnia\u0107 osoby bez kwalifikacji na stanowiska merytoryczne i zleci\u0107 ryzykown\u0105 inwentaryzacj\u0119 r\u0119kopis\u00f3w \u201ekierowcom i stolarzom, nieprzeszkolonym przez konserwatora\u201d. <\/p>\n<p class=\"typography__paragraph my-5 font-serif font-normal text-xl leading-8 text-gray-900 dark:text-gray-50 print:dark:text-black break-words\">Muzeum posiada cenn\u0105 kolekcj\u0119 archiw\u00f3w literackich, m.in. r\u0119kopisy Mickiewicza, zbiory dotycz\u0105ce S\u0142owackiego, Norwida, \u017beromskiego, D\u0105browskiej, Na\u0142kowskiej, Gombrowicza czy Szymborskiej. <\/p>\n<p class=\"typography__paragraph my-5 font-serif font-normal text-xl leading-8 text-gray-900 dark:text-gray-50 print:dark:text-black break-words\">Podczas przes\u0142uchania konkursowego Michalec do swoich osi\u0105gni\u0119\u0107 jako p.o. dyrektorki zaliczy\u0142a \u201ezazielenienie patia\u201d oraz zg\u0142oszenie Muzeum do konkursu \u201eWarszawa w kwiatach\u201d. <\/p>\n<p class=\"typography__paragraph my-5 font-serif font-normal text-xl leading-8 text-gray-900 dark:text-gray-50 print:dark:text-black break-words\">Dorobek naukowy Beaty Michalec sta\u0142 si\u0119 przedmiotem krytycznej oceny \u015brodowiska akademickiego. W lipcu 2025 Rada Dyscypliny Naukowej Uniwersytetu Wroc\u0142awskiego odm\u00f3wi\u0142a nadania jej stopnia doktora habilitowanego. Jak czytamy w uchwale, komisja habilitacyjna stwierdzi\u0142a, \u017ce przedstawiona jako osi\u0105gni\u0119cie naukowe praca Michalec pod tytu\u0142em \u201eTowarzystwo Przyjaci\u00f3\u0142 Warszawy w latach 1963-1991\u201d \u201enie stanowi znacz\u0105cego wk\u0142adu w rozw\u00f3j dyscypliny naukowej historia, a habilitantka nie wykazuje si\u0119 istotn\u0105 aktywno\u015bci\u0105 naukow\u0105\u201d. W g\u0142osowaniu za przyj\u0119ciem uchwa\u0142y w sprawie habilitacji dwie osoby zag\u0142osowa\u0142y na tak, cztery na nie.   <\/p>\n<p class=\"typography__paragraph my-5 font-serif font-normal text-xl leading-8 text-gray-900 dark:text-gray-50 print:dark:text-black break-words\">Konkurs na dyrektora Muzeum Literatury w Warszawie od pocz\u0105tku budzi\u0142 powa\u017cne w\u0105tpliwo\u015bci co do transparentno\u015bci i zachowania procedur. Jak pisali\u015bmy w OKO.press, pierwszy konkurs w grudniu 2024 roku wygra\u0142a dziennikarka i mened\u017cerka kultury Agnieszka Celeda, ale w\u0142adze Mazowsza zignorowa\u0142y wynik. Zamiast powo\u0142a\u0107 Celed\u0119, zarz\u0105d wojew\u00f3dztwa wybra\u0142 <a rel=\"index follow nofollow noopener\" target=\"_blank\" href=\"https:\/\/oko.press\/muzeum-literatury-dyrektorka-radna-ko-przegrala-konkurs\" class=\"typography__anchor underline text-gray-900 decoration-red-700 cursor-pointer hover:text-red-700 dark:text-gray-50 dark:decoration-red-400 dark:hover:text-red-400 print:dark:text-black break-words\">pe\u0142ni\u0105c\u0105 obowi\u0105zki dyrektora jej kontrkandydatk\u0119 \u2013 radn\u0105 KO Beat\u0119 Michalec.<\/a> <\/p>\n<p class=\"typography__paragraph my-5 font-serif font-normal text-xl leading-8 text-gray-900 dark:text-gray-50 print:dark:text-black break-words\">We wrze\u015bniu 2025 roku og\u0142oszono drugi konkurs, kt\u00f3ry wymusi\u0142y przepisy \u2013 kadencja osoby pe\u0142ni\u0105cej obowi\u0105zki dyrektora jest ograniczona do roku. Tym razem warunki konkursu, jak i sk\u0142ad komisji zosta\u0142y ustalone tak, by Michalec zwyci\u0119\u017cy\u0142a. \u015awiadczy\u0142 o tym sk\u0142ad jedenastoosobowej komisji, w kt\u00f3rej wi\u0119kszo\u015b\u0107 stanowili urz\u0119dnicy i politycy, zwi\u0105zani z KO lub PSL. W tym m.in. Pawe\u0142 Martofel \u2013 radny dzielnicowy warszawskiego \u015ar\u00f3dmie\u015bcia z ramienia KO, dyrektor Departamentu Kultury, czyli podw\u0142adny marsza\u0142ka Mazowsza Adama Struzika oraz Artur J\u00f3\u017awik, dyrektor warszawskiego Biura Kultury, podleg\u0142y Rafa\u0142owi Trzaskowskiemu. Obaj reprezentowali Rad\u0119 Muzeum.   <\/p>\n<p class=\"typography__paragraph my-5 font-serif font-normal text-xl leading-8 text-gray-900 dark:text-gray-50 print:dark:text-black break-words\">Unia Literacka i Stowarzyszenie Pisarzy Polskich zaproponowa\u0142y udzia\u0142 swoich przedstawicieli w komisji, ale w\u0142adze Mazowsza to zignorowa\u0142y. Zaproszono za to reprezentanta Zwi\u0105zku Literat\u00f3w Polskich, kt\u00f3rym zosta\u0142 Artur Krajewski, poeta, profesor ASP, doradca polityczny wiceminister kultury Bo\u017ceny \u017belazowskiej (PSL). Z kolei Stowarzyszenie Muzealnik\u00f3w Polskich reprezentowa\u0142 Leszek Ruszczyk, by\u0142y pose\u0142 PO, by\u0142y wicemarsza\u0142ek Mazowsza, kt\u00f3ry podlega marsza\u0142kowi Struzikowi jako dyrektor Muzeum im. Jacka Malczewskiego w Radomiu. Zarz\u0105d Mazowsza reprezentowa\u0142y trzy urz\u0119dniczki. W sumie w komisji zasiad\u0142o siedem os\u00f3b zwi\u0105zanych s\u0142u\u017cbowo lub politycznie z KO i PSL.  <\/p>\n<p class=\"typography__paragraph my-5 font-serif font-normal text-xl leading-8 text-gray-900 dark:text-gray-50 print:dark:text-black break-words\">Obywatelskie Forum Sztuki Wsp\u00f3\u0142czesnej, kt\u00f3re od pocz\u0105tku monitoruje afer\u0119 wok\u00f3\u0142 Muzeum Literatury, w pi\u015bmie do zarz\u0105du wojew\u00f3dztwa zwr\u00f3ci\u0142o uwag\u0119, \u017ce w\u015br\u00f3d wymog\u00f3w dla kandydat\u00f3w nie by\u0142o wykszta\u0142cenia, do\u015bwiadczenia ani dzia\u0142alno\u015bci z obszaru historii literatury. Inaczej ni\u017c przy wielu podobnych konkursach, nie wymagano tak\u017ce znajomo\u015bci j\u0119zyka obcego.<\/p>\n<p>;<a href=\"https:\/\/oko.press\/autor\/roman-pawlowski\" class=\"w-20 h-20 relative xl:mt-0.5 shrink-0 rounded-full border-gray-300 dark:border-gray-600 grayscale\" rel=\"nofollow noopener\" target=\"_blank\"><img alt=\"Na zdj\u0119ciu Roman Paw\u0142owski\" src=\"data:image\/gif;base64,R0lGODlhAQABAIAAAAAAAP\/\/\/yH5BAEAAAAALAAAAAABAAEAAAIBRAA7\" decoding=\"async\" data-nimg=\"fill\" class=\"image\" style=\"position:absolute;top:0;left:0;bottom:0;right:0;box-sizing:border-box;padding:0;border:none;margin:auto;display:block;width:0;height:0;min-width:100%;max-width:100%;min-height:100%;max-height:100%;object-fit:cover\"\/><\/a><a href=\"https:\/\/oko.press\/autor\/roman-pawlowski\" class=\"text-base font-medium print:dark:text-black\" rel=\"nofollow noopener\" target=\"_blank\">Roman Paw\u0142owski <\/a><\/p>\n<p class=\"hidden xl:block mt-2 text-xs print:dark:text-black\">Publicysta, kurator teatralny, dramaturg. Absolwent teatrologii Uniwersytetu Jagiello\u0144skiego w Krakowie, w latach 1994-2012 dziennikarz dzia\u0142u kultury \u201eGazety Wyborczej\u201d. Laureat Nagrody im. Zbigniewa Raszewskiego dla najlepszego polskiego krytyka teatralnego (1995). Opublikowa\u0142 m.in. antologie polskich sztuk wsp\u00f3\u0142czesnych \u201ePokolenie porno i inne niesmaczne utwory teatralne\u201d (2003) i \u201eMade in Poland. Dziewi\u0119\u0107 sztuk teatralnych z Polski\u201d (2006), a tak\u017ce zbi\u00f3r wywiad\u00f3w z czo\u0142owymi polskimi lud\u017ami kultury \u201eBitwa o kultur\u0119 #przysz\u0142o\u015b\u0107\u201d (2015), wyr\u00f3\u017cniony nagrod\u0105 \u201eGazety Wyborczej\u201d w Lublinie \u201eStrza\u0142a 2015\u201d. Od 2014 zwi\u0105zany z TR Warszawa, gdzie odpowiada za rozw\u00f3j linii programowej teatru oraz prac\u0119 z m\u0142odymi tw\u00f3rcami i tw\u00f3rczyniami.<\/p>\n<p class=\"block xl:hidden mt-2 text-xs print:dark:text-black\">Publicysta, kurator teatralny, dramaturg. Absolwent teatrologii Uniwersytetu Jagiello\u0144skiego w Krakowie, w latach 1994-2012 dziennikarz dzia\u0142u kultury \u201eGazety Wyborczej\u201d. Laureat Nagrody im. Zbigniewa Raszewskiego dla najlepszego polskiego krytyka teatralnego (1995). Opublikowa\u0142 m.in. antologie polskich sztuk wsp\u00f3\u0142czesnych \u201ePokolenie porno i inne niesmaczne utwory teatralne\u201d (2003) i \u201eMade in Poland. Dziewi\u0119\u0107 sztuk teatralnych z Polski\u201d (2006), a tak\u017ce zbi\u00f3r wywiad\u00f3w z czo\u0142owymi polskimi lud\u017ami kultury \u201eBitwa o kultur\u0119 #przysz\u0142o\u015b\u0107\u201d (2015), wyr\u00f3\u017cniony nagrod\u0105 \u201eGazety Wyborczej\u201d w Lublinie \u201eStrza\u0142a 2015\u201d. Od 2014 zwi\u0105zany z TR Warszawa, gdzie odpowiada za rozw\u00f3j linii programowej teatru oraz prac\u0119 z m\u0142odymi tw\u00f3rcami i tw\u00f3rczyniami.<\/p>\n<p>Copyright \u00a9 2016 &#8211; 2025. Made with love by OKO.press team. All Rights Reserved.<\/p>\n","protected":false},"excerpt":{"rendered":"Prawa autorskie: 31.03.2023 Warszawa, ulica Jagiello\u0144ska 26. Urz\u0105d Marsza\u0142kowski Wojew\u00f3dztwa Mazowieckiego. Marsza\u0142ek wojew\u00f3dztwa mazowieckiego Adam Struzik podczas podpisania&hellip;\n","protected":false},"author":2,"featured_media":177089,"comment_status":"","ping_status":"","sticky":false,"template":"","format":"standard","meta":{"footnotes":""},"categories":[5],"tags":[32,33,36,37,27,34,35,28,31,25,42,38,40,39,41,29,30,26],"class_list":{"0":"post-177088","1":"post","2":"type-post","3":"status-publish","4":"format-standard","5":"has-post-thumbnail","7":"category-naglowki","8":"tag-breaking-news","9":"tag-breakingnews","10":"tag-featured-news","11":"tag-featurednews","12":"tag-headlines","13":"tag-latest-news","14":"tag-latestnews","15":"tag-naglowki","16":"tag-najwazniejsze-artykuly","17":"tag-news","18":"tag-pl","19":"tag-poland","20":"tag-polish","21":"tag-polska","22":"tag-polski","23":"tag-top-stories","24":"tag-topstories","25":"tag-wiadomosci"},"share_on_mastodon":{"url":"https:\/\/pubeurope.com\/@pl\/115805380037008169","error":""},"_links":{"self":[{"href":"https:\/\/www.europesays.com\/pl\/wp-json\/wp\/v2\/posts\/177088","targetHints":{"allow":["GET"]}}],"collection":[{"href":"https:\/\/www.europesays.com\/pl\/wp-json\/wp\/v2\/posts"}],"about":[{"href":"https:\/\/www.europesays.com\/pl\/wp-json\/wp\/v2\/types\/post"}],"author":[{"embeddable":true,"href":"https:\/\/www.europesays.com\/pl\/wp-json\/wp\/v2\/users\/2"}],"replies":[{"embeddable":true,"href":"https:\/\/www.europesays.com\/pl\/wp-json\/wp\/v2\/comments?post=177088"}],"version-history":[{"count":0,"href":"https:\/\/www.europesays.com\/pl\/wp-json\/wp\/v2\/posts\/177088\/revisions"}],"wp:featuredmedia":[{"embeddable":true,"href":"https:\/\/www.europesays.com\/pl\/wp-json\/wp\/v2\/media\/177089"}],"wp:attachment":[{"href":"https:\/\/www.europesays.com\/pl\/wp-json\/wp\/v2\/media?parent=177088"}],"wp:term":[{"taxonomy":"category","embeddable":true,"href":"https:\/\/www.europesays.com\/pl\/wp-json\/wp\/v2\/categories?post=177088"},{"taxonomy":"post_tag","embeddable":true,"href":"https:\/\/www.europesays.com\/pl\/wp-json\/wp\/v2\/tags?post=177088"}],"curies":[{"name":"wp","href":"https:\/\/api.w.org\/{rel}","templated":true}]}}