{"id":177096,"date":"2025-12-29T23:14:07","date_gmt":"2025-12-29T23:14:07","guid":{"rendered":"https:\/\/www.europesays.com\/pl\/177096\/"},"modified":"2025-12-29T23:14:07","modified_gmt":"2025-12-29T23:14:07","slug":"setki-tysiecy-rosjan-trafi-do-wojska-wladimir-putin-podpisal-dekret-onet-wiadomosci","status":"publish","type":"post","link":"https:\/\/www.europesays.com\/pl\/177096\/","title":{"rendered":"Setki tysi\u0119cy Rosjan trafi do wojska. W\u0142adimir Putin podpisa\u0142 dekret &#8211; Onet Wiadomo\u015bci"},"content":{"rendered":"<ol>\n<li><a href=\"https:\/\/news.google.com\/rss\/articles\/CBMiogFBVV95cUxNQkU1TklIT3RPVk40NWZuYlpHU1d1dXJicGNUaUI5R3BTZ2dtVWlHU3hWVWVpa1F3Ym52VDJoMDlyejF6WkJ1LWpjMTE0MF9nOHJVSW03NVZJQlhscEd3cVQzQl9ER1JNWFpsYk50UlJITTljSTBrRUtaWWZkNDlBOXZDb0dwYzBQeF80QVlZMThPVzBWTVlDZ2F2Y0c1XzJRQUE?oc=5\" target=\"_blank\" rel=\"nofollow noopener\">Setki tysi\u0119cy Rosjan trafi do wojska. W\u0142adimir Putin podpisa\u0142 dekret<\/a>&nbsp;&nbsp;Onet Wiadomo\u015bci<\/li>\n<li><a href=\"https:\/\/news.google.com\/rss\/articles\/CBMivgFBVV95cUxNRmwyTzY5aEVHaVR5aWh3Vnh0VXIxVTNqQmN4NEpaOW1iZjFBMTZ3V0ZPVEtLbDZXVEZGLWpla2xIcTlzR1RaWUlJTk1GMkUzWEk4M2xuRjJWQm1neVhpUHJrTEtiMGhINGlYd0JFLWNRdGNhN0JNaUgyZDhXNmp5R2tLSnh6UWxqdURqQmFUTnZxMm5pT2tPbGd1YzNGSzU4dTZ1X09rcWcwbG04SlNSOGZwb0NqUUwzN3Y5TWpB?oc=5\" target=\"_blank\" rel=\"nofollow noopener\">Putin ratuje si\u0119 przed pora\u017ck\u0105 na froncie, Podj\u0105\u0142 decyzj\u0119 ws. poboru do wojska<\/a>&nbsp;&nbsp;Wydarzenia w INTERIA.PL<\/li>\n<li><a href=\"https:\/\/news.google.com\/rss\/articles\/CBMi2wFBVV95cUxPQU5ldnZwX0ZPSHV0MDlHS1d6a3VlTnpDeFA2UnAya1BBdzhTWG92MXBGSTdSeUJwZ19EY1lEZjQ0ZndFUGxmM3BheEMtQWxXc3VWX3F0eWh5Vk9zNHVUQVZHTmYyRkp1Njc1cC1ueDAzUkd2c0ZLMGRSY3Y2a3MweWtrNWxKbUVHblpxZGFzVjBQd081OFF0SS13anJvMFNzdTh4dzllempHNjg3N3N5RUtaMktZQlJzbGRhb2lqcTAtdEVqcEIxMmU5NWMwMUh0aUhKN1A3eVUyZVk?oc=5\" target=\"_blank\" rel=\"nofollow noopener\">Rosja zmniejsza wymagania dotycz\u0105ce zdrowia. Pob\u00f3r nawet w szpitalach psychiatrycznych<\/a>&nbsp;&nbsp;Rynek Zdrowia<\/li>\n<li><a href=\"https:\/\/news.google.com\/rss\/articles\/CBMipgFBVV95cUxObE05UDFFWW5Pc3E2RTJFNmtRdDdJM21sNWRnaU44RmNERGFKVGdvSTNNbkl1RzN3NUkwaWhUN1V4ekxyUUU3ODFOMkJWWjkwZWQ5TVA0UGExSEthVzFqRVppbjlyVThBMG5KelhEczBza095VllxejdJTXN4RVJ0SlpWUkNwYXRfZG1UQ1JKZWQta0UtOC02OHdiSkZJZEVnMHBtSUt3?oc=5\" target=\"_blank\" rel=\"nofollow noopener\">Putin podpisa\u0142 dekret. Rosja wcieli do armii setki tysi\u0119cy ludzi<\/a>&nbsp;&nbsp;PolsatNews.pl<\/li>\n<li><a href=\"https:\/\/news.google.com\/rss\/articles\/CBMikAFBVV95cUxPUUF1TXc4X2xrWFplalF1ZWVvSnRzeWl4SUYtZU9rWEJhZHg2RjNpSGpaM1B5VTlJSExkOU9UVW9nZ3RhVkNxZ2JOVGtWbTE0WWZWd01OWVZVX3FBLW9uS3BSOXdJTXk5Um1fdXJSMUZtU2dGZ0tYeC1UWnZVbWlKODl5X3RFS0lrenhxR2dGSFg?oc=5\" target=\"_blank\" rel=\"nofollow noopener\">Budanow ostrzega. Wskaza\u0142 cel Rosji na 2026 r.<\/a>&nbsp;&nbsp;WP Wiadomo\u015bci<\/li>\n<\/ol>\n","protected":false},"excerpt":{"rendered":"Setki tysi\u0119cy Rosjan trafi do wojska. W\u0142adimir Putin podpisa\u0142 dekret&nbsp;&nbsp;Onet Wiadomo\u015bci Putin ratuje si\u0119 przed pora\u017ck\u0105 na froncie,&hellip;\n","protected":false},"author":2,"featured_media":177097,"comment_status":"","ping_status":"","sticky":false,"template":"","format":"standard","meta":{"footnotes":""},"categories":[14],"tags":[32,33,34740,27,34,35,28,31,48,25,46,7222,40,41,87,47,80,29,30,26,408,82,83,84],"class_list":{"0":"post-177096","1":"post","2":"type-post","3":"status-publish","4":"format-standard","5":"has-post-thumbnail","7":"category-swiat","8":"tag-breaking-news","9":"tag-breakingnews","10":"tag-dekret","11":"tag-headlines","12":"tag-latest-news","13":"tag-latestnews","14":"tag-naglowki","15":"tag-najwazniejsze-artykuly","16":"tag-nat_styl","17":"tag-news","18":"tag-omp","19":"tag-pobor","20":"tag-polish","21":"tag-polski","22":"tag-rosja","23":"tag-screening_general","24":"tag-swiat","25":"tag-top-stories","26":"tag-topstories","27":"tag-wiadomosci","28":"tag-wladimir_putin","29":"tag-world","30":"tag-world-news","31":"tag-worldnews"},"share_on_mastodon":{"url":"https:\/\/pubeurope.com\/@pl\/115805399489669499","error":""},"_links":{"self":[{"href":"https:\/\/www.europesays.com\/pl\/wp-json\/wp\/v2\/posts\/177096","targetHints":{"allow":["GET"]}}],"collection":[{"href":"https:\/\/www.europesays.com\/pl\/wp-json\/wp\/v2\/posts"}],"about":[{"href":"https:\/\/www.europesays.com\/pl\/wp-json\/wp\/v2\/types\/post"}],"author":[{"embeddable":true,"href":"https:\/\/www.europesays.com\/pl\/wp-json\/wp\/v2\/users\/2"}],"replies":[{"embeddable":true,"href":"https:\/\/www.europesays.com\/pl\/wp-json\/wp\/v2\/comments?post=177096"}],"version-history":[{"count":0,"href":"https:\/\/www.europesays.com\/pl\/wp-json\/wp\/v2\/posts\/177096\/revisions"}],"wp:featuredmedia":[{"embeddable":true,"href":"https:\/\/www.europesays.com\/pl\/wp-json\/wp\/v2\/media\/177097"}],"wp:attachment":[{"href":"https:\/\/www.europesays.com\/pl\/wp-json\/wp\/v2\/media?parent=177096"}],"wp:term":[{"taxonomy":"category","embeddable":true,"href":"https:\/\/www.europesays.com\/pl\/wp-json\/wp\/v2\/categories?post=177096"},{"taxonomy":"post_tag","embeddable":true,"href":"https:\/\/www.europesays.com\/pl\/wp-json\/wp\/v2\/tags?post=177096"}],"curies":[{"name":"wp","href":"https:\/\/api.w.org\/{rel}","templated":true}]}}